{"id":9732,"date":"2020-08-28T13:01:05","date_gmt":"2020-08-28T13:01:05","guid":{"rendered":"https:\/\/ingemar.alenas.se\/?p=9732"},"modified":"2020-08-28T13:07:05","modified_gmt":"2020-08-28T13:07:05","slug":"atrans-alar-mar-illa","status":"publish","type":"post","link":"https:\/\/ingemar.alenas.se\/?p=9732","title":{"rendered":"\u00c4trans \u00e5lar m\u00e5r illa"},"content":{"rendered":"\n<h6 class=\"wp-block-heading\">2020-08-28 \u00c4trans \u00e5lar har drabbats av n\u00e5got som expertisen menar kan vara &#8221;vita pricksjukan&#8221;. \u00c5larnas h\u00e4lsa har dock sekretessbelagts av unders\u00f6kande myndighet.<\/h6>\n\n\n\n<p>Vita pricksjukan \u00e4r en encellig protozo som snabbt sprids i akvarium och fiskodlingar och enligt &#8221;Wikipedia&#8221; kan leda till 100% d\u00f6dlighet hos den drabbade fisken. D\u00e4rf\u00f6r behandlas \u00e5komman med att tills\u00e4tta kemikalier som formalin eller bromtymolbl\u00e5tt vilket kan h\u00e5lla sjukdomen st\u00e5ngen i akvariet eller odlingen. <\/p>\n\n\n\n<p>Vad som h\u00e4nder n\u00e4r sjukdomen drabbar \u00e5lyngel i naturen \u00e4r mer ok\u00e4nt. Tyska unders\u00f6kningar vid universitetet i Karlsruhe visar att de infekterade \u00e5lynglen mister 47% av sin simf\u00f6rm\u00e5ga j\u00e4mf\u00f6rt med innan infektion. F\u00f6rs\u00e4mrad simf\u00f6rm\u00e5ga kunde ocks\u00e5 tydligt noteras hos det 50-tal \u00e5lyngel som natten mellan den 27 och 28 juli f\u00f6rs\u00f6kte ta sig uppf\u00f6r betongv\u00e4ggen vid \u00c4trafors.<\/p>\n\n\n\n<p>\u00c5lf\u00f6rvaltningen i \u00c4tran inneb\u00e4r att kraftbolagen \u00e4r befriade fr\u00e5n att ha fria vandringsv\u00e4gar f\u00f6r fisken mot att man s\u00e4tter ut \u00e5lyngel som kommer fr\u00e5n Scandinavian Silver Eels konsumtionsodling i Helsingborg. 2020 satte Uniper enligt L\u00e4nsstyrelsen ut 6182 \u00e5lyngel i \u00c4tran och lika m\u00e5nga i bifl\u00f6det H\u00f6gvads\u00e5n d\u00e4r bolaget inte har n\u00e5gra kraftverk.<\/p>\n\n\n\n<p>Tidningen Aktuell H\u00e5llbarhet har uppm\u00e4rksammat \u00e5larnas sjuka situation i \u00c4tran. L\u00e4s mer<a href=\"https:\/\/www.aktuellhallbarhet.se\/miljo\/vatten-och-hav\/farlig-sjukdom-upptackt-hos-alar\/\"> h\u00e4r.<\/a> Aktuell H\u00e5llbarhet ber\u00e4ttade under v\u00e5ren att  kraftbolagen f\u00e5r tillgodor\u00e4kna sig utsatta \u00e5lar som fullvuxna \u00e5lar n\u00e4r milj\u00f6konsekvenserna av deras verksamhet redovisas, trots att det tar omkring 20 \u00e5r f\u00f6r de \u00e5lyngel som \u00f6verlever att v\u00e4xa upp.<\/p>\n\n\n\n<p>Om dessa \u00e5lar dessutom skulle vara infekterade med vita pricksjukan s\u00e5 g\u00f6r man verkligen \u00e5len en &#8221;bj\u00f6rntj\u00e4nst&#8221;. Men informationen om fiskarna haft n\u00e5gon sjukdom har allts\u00e5 SVA, Statens Veterin\u00e4rmedicinska Anstalt, tillsvidare beslutat skall vara sekretessbelagd.<\/p>\n\n\n\n<p>Sekretessbeslutet \u00e4r \u00f6verklagat.<br><\/p>\n","protected":false},"excerpt":{"rendered":"<p>2020-08-28 \u00c4trans \u00e5lar har drabbats av n\u00e5got som expertisen menar kan vara &#8221;vita pricksjukan&#8221;. \u00c5larnas h\u00e4lsa har dock sekretessbelagts av unders\u00f6kande myndighet. Vita pricksjukan \u00e4r en encellig protozo som snabbt sprids i akvarium och fiskodlingar och enligt &#8221;Wikipedia&#8221; kan leda till 100% d\u00f6dlighet hos den drabbade fisken. D\u00e4rf\u00f6r behandlas \u00e5komman med att tills\u00e4tta kemikalier som &hellip; <a href=\"https:\/\/ingemar.alenas.se\/?p=9732\" class=\"more-link\">Forts\u00e4tt l\u00e4sa <span class=\"screen-reader-text\">\u00c4trans \u00e5lar m\u00e5r illa<\/span> <span class=\"meta-nav\">&rarr;<\/span><\/a><\/p>\n","protected":false},"author":1,"featured_media":9677,"comment_status":"closed","ping_status":"closed","sticky":false,"template":"","format":"standard","meta":{"ngg_post_thumbnail":0,"footnotes":""},"categories":[2,3],"tags":[],"class_list":["post-9732","post","type-post","status-publish","format-standard","has-post-thumbnail","hentry","category-naturnytt","category-vattenblank"],"_links":{"self":[{"href":"https:\/\/ingemar.alenas.se\/index.php?rest_route=\/wp\/v2\/posts\/9732","targetHints":{"allow":["GET"]}}],"collection":[{"href":"https:\/\/ingemar.alenas.se\/index.php?rest_route=\/wp\/v2\/posts"}],"about":[{"href":"https:\/\/ingemar.alenas.se\/index.php?rest_route=\/wp\/v2\/types\/post"}],"author":[{"embeddable":true,"href":"https:\/\/ingemar.alenas.se\/index.php?rest_route=\/wp\/v2\/users\/1"}],"replies":[{"embeddable":true,"href":"https:\/\/ingemar.alenas.se\/index.php?rest_route=%2Fwp%2Fv2%2Fcomments&post=9732"}],"version-history":[{"count":8,"href":"https:\/\/ingemar.alenas.se\/index.php?rest_route=\/wp\/v2\/posts\/9732\/revisions"}],"predecessor-version":[{"id":9740,"href":"https:\/\/ingemar.alenas.se\/index.php?rest_route=\/wp\/v2\/posts\/9732\/revisions\/9740"}],"wp:featuredmedia":[{"embeddable":true,"href":"https:\/\/ingemar.alenas.se\/index.php?rest_route=\/wp\/v2\/media\/9677"}],"wp:attachment":[{"href":"https:\/\/ingemar.alenas.se\/index.php?rest_route=%2Fwp%2Fv2%2Fmedia&parent=9732"}],"wp:term":[{"taxonomy":"category","embeddable":true,"href":"https:\/\/ingemar.alenas.se\/index.php?rest_route=%2Fwp%2Fv2%2Fcategories&post=9732"},{"taxonomy":"post_tag","embeddable":true,"href":"https:\/\/ingemar.alenas.se\/index.php?rest_route=%2Fwp%2Fv2%2Ftags&post=9732"}],"curies":[{"name":"wp","href":"https:\/\/api.w.org\/{rel}","templated":true}]}}