{"id":9686,"date":"2020-08-04T21:06:33","date_gmt":"2020-08-04T21:06:33","guid":{"rendered":"https:\/\/ingemar.alenas.se\/?p=9686"},"modified":"2020-08-06T08:56:57","modified_gmt":"2020-08-06T08:56:57","slug":"2000-leklaxar-i-atran","status":"publish","type":"post","link":"https:\/\/ingemar.alenas.se\/?p=9686","title":{"rendered":"2000 leklaxar i \u00c4tran"},"content":{"rendered":"\n<h6 class=\"wp-block-heading\">2020-08-04 Fiskr\u00e4knaren i Herting har hittills i \u00e5r passerat tv\u00e5tusen registreringar av uppvandrande leklaxar! Det \u00e4r n\u00e5got fler \u00e4n de senaste \u00e5rens medelv\u00e4rde. D\u00e5 \u00e5terst\u00e5r ca tre m\u00e5naders uppvandring.<\/h6>\n\n\n\n<p>Efter Hertingprojektets genomf\u00f6rande har laxvandringen i \u00c4tran ca f\u00f6rdubblats fr\u00e5n 2000 till 4000 lekvandrande laxar. Hertingdammen var tydligen ett betydande hinder f\u00f6r laxbest\u00e5ndets utveckling i \u00c4tran. <\/p>\n\n\n\n<p>\u00c4trans laxbest\u00e5nd har potential att utvecklas ytterligare. Myndigheterna har beviljat 450 000 kronor till en ny f\u00f6rvaltningsplan f\u00f6r \u00c4tranlaxen. Planen skall lanseras 2020 och fiskev\u00e5rdare hoppas nu att det kommer att inneb\u00e4ra en ytterligare f\u00f6rb\u00e4ttring f\u00f6r \u00c4trans laxbest\u00e5nd. Bl.a. finns en stor f\u00f6rb\u00e4ttringspotential i d\u00f6da \u00e5f\u00e5ran vid \u00c4trafors som med enkla \u00e5tg\u00e4rder skulle kunna g\u00f6ras lika levande som den restaurerade Hertingforsen.<\/p>\n\n\n\n<p>\u00c4trans ekosystem utg\u00f6r en helhet och det \u00e4r viktigt att hela ekosystemet v\u00e5rdas. Under sommaren har tusentals \u00e5lyngel satts ut i \u00c4tran och andra v\u00e4stkust\u00e5ar. Naturnytt kunde tyv\u00e4rr konstatera vita pricksjukan hos \u00e5lar som kl\u00e4ttrade p\u00e5 betongdammen vid \u00c4trafors. L\u00e4s mer <a href=\"https:\/\/ingemar.alenas.se\/?p=9676\">h\u00e4r.<\/a><\/p>\n\n\n\n<p>Alla som haft akvarium vet att vita pricksjukan \u00e4r en besv\u00e4rlig sjukdom som l\u00e4tt drabbar odlade fiskar med d\u00f6dlig utg\u00e5ng. Den orsakas av en encellig protozo med det latinska namnet <em>Ichthyophthirius multifiliis<\/em> eller f\u00f6rkortat &#8221;ICH&#8221;.  Sjukdomen kan \u00e4ven drabba laxfiskar (ex regnb\u00e5ge i odling) och vi h\u00e5ller nu tummarna f\u00f6r att \u00e5larna inte \u00f6verf\u00f6r sjukdomen till \u00c4trans laxar och \u00f6ringar. \u00c5larna kan ju \u00e4ven komma i kontakt med havsnejon\u00f6gonens larver men huruvida dessa \u00e4r k\u00e4nsliga f\u00f6r ICH finns inte s\u00e5 mycket uppgifter.<\/p>\n\n\n\n<p>Sjukdomsutbrottet \u00e4r rapporterat till SVA och L\u00e4nsstyrelsen och vi hoppas att myndigheter och fiskev\u00e5rdsplan kan anpassa verksamheten i \u00c4tran s\u00e5 att risken f\u00f6r skadliga sjukdomsutbrott minskar i \u00c4tran. Vi har tyv\u00e4rr utbrottet av Gyrodactylus salaris i f\u00e4rskt minne trots att det nu \u00e4r \u00f6ver 30 \u00e5r sedan sjukdomen av misstag f\u00f6rdes in i \u00c4tran.<\/p>\n","protected":false},"excerpt":{"rendered":"<p>2020-08-04 Fiskr\u00e4knaren i Herting har hittills i \u00e5r passerat tv\u00e5tusen registreringar av uppvandrande leklaxar! Det \u00e4r n\u00e5got fler \u00e4n de senaste \u00e5rens medelv\u00e4rde. D\u00e5 \u00e5terst\u00e5r ca tre m\u00e5naders uppvandring. Efter Hertingprojektets genomf\u00f6rande har laxvandringen i \u00c4tran ca f\u00f6rdubblats fr\u00e5n 2000 till 4000 lekvandrande laxar. Hertingdammen var tydligen ett betydande hinder f\u00f6r laxbest\u00e5ndets utveckling i \u00c4tran. &hellip; <a href=\"https:\/\/ingemar.alenas.se\/?p=9686\" class=\"more-link\">Forts\u00e4tt l\u00e4sa <span class=\"screen-reader-text\">2000 leklaxar i \u00c4tran<\/span> <span class=\"meta-nav\">&rarr;<\/span><\/a><\/p>\n","protected":false},"author":1,"featured_media":1026,"comment_status":"closed","ping_status":"closed","sticky":false,"template":"","format":"standard","meta":{"ngg_post_thumbnail":0,"footnotes":""},"categories":[2,3],"tags":[],"class_list":["post-9686","post","type-post","status-publish","format-standard","has-post-thumbnail","hentry","category-naturnytt","category-vattenblank"],"_links":{"self":[{"href":"https:\/\/ingemar.alenas.se\/index.php?rest_route=\/wp\/v2\/posts\/9686","targetHints":{"allow":["GET"]}}],"collection":[{"href":"https:\/\/ingemar.alenas.se\/index.php?rest_route=\/wp\/v2\/posts"}],"about":[{"href":"https:\/\/ingemar.alenas.se\/index.php?rest_route=\/wp\/v2\/types\/post"}],"author":[{"embeddable":true,"href":"https:\/\/ingemar.alenas.se\/index.php?rest_route=\/wp\/v2\/users\/1"}],"replies":[{"embeddable":true,"href":"https:\/\/ingemar.alenas.se\/index.php?rest_route=%2Fwp%2Fv2%2Fcomments&post=9686"}],"version-history":[{"count":4,"href":"https:\/\/ingemar.alenas.se\/index.php?rest_route=\/wp\/v2\/posts\/9686\/revisions"}],"predecessor-version":[{"id":9699,"href":"https:\/\/ingemar.alenas.se\/index.php?rest_route=\/wp\/v2\/posts\/9686\/revisions\/9699"}],"wp:featuredmedia":[{"embeddable":true,"href":"https:\/\/ingemar.alenas.se\/index.php?rest_route=\/wp\/v2\/media\/1026"}],"wp:attachment":[{"href":"https:\/\/ingemar.alenas.se\/index.php?rest_route=%2Fwp%2Fv2%2Fmedia&parent=9686"}],"wp:term":[{"taxonomy":"category","embeddable":true,"href":"https:\/\/ingemar.alenas.se\/index.php?rest_route=%2Fwp%2Fv2%2Fcategories&post=9686"},{"taxonomy":"post_tag","embeddable":true,"href":"https:\/\/ingemar.alenas.se\/index.php?rest_route=%2Fwp%2Fv2%2Ftags&post=9686"}],"curies":[{"name":"wp","href":"https:\/\/api.w.org\/{rel}","templated":true}]}}