{"id":935,"date":"2015-05-03T14:56:39","date_gmt":"2015-05-03T14:56:39","guid":{"rendered":"http:\/\/ingemar.alenas.se\/?p=935"},"modified":"2015-08-05T18:10:09","modified_gmt":"2015-08-05T18:10:09","slug":"kartfjarilen-lurade-linne","status":"publish","type":"post","link":"https:\/\/ingemar.alenas.se\/?p=935","title":{"rendered":"Kartfj\u00e4rilen lurade Linn\u00e9"},"content":{"rendered":"<p>Kartfj\u00e4rilen \u00e4r orange p\u00e5 v\u00e5ren och svart p\u00e5 sommaren. Carl von <a href=\"http:\/\/ingemar.alenas.se\/wp-content\/uploads\/2015\/05\/IMG_6916.jpg\"><img loading=\"lazy\" decoding=\"async\" class=\"  wp-image-936 alignright\" src=\"http:\/\/ingemar.alenas.se\/wp-content\/uploads\/2015\/05\/IMG_6916.jpg\" alt=\"IMG_6916\" width=\"354\" height=\"305\" srcset=\"https:\/\/ingemar.alenas.se\/wp-content\/uploads\/2015\/05\/IMG_6916.jpg 800w, https:\/\/ingemar.alenas.se\/wp-content\/uploads\/2015\/05\/IMG_6916-300x258.jpg 300w\" sizes=\"auto, (max-width: 354px) 100vw, 354px\" \/><\/a>Linn\u00e9 trodde att det var tv\u00e5 olika arter. Men i sj\u00e4lva verket \u00e4r kartfj\u00e4rilen ett tydligt exempel p\u00e5 att en art kan ha olika utseende p\u00e5 v\u00e5r och h\u00f6st. P\u00e5 engelska kallas fenomenet <a href=\"http:\/\/www.looduskalender.ee\/en\/node\/17388\">&#8221;seasonal dimorphism&#8221;.<\/a><\/p>\n<p>Nu kl\u00e4cks den orange v\u00e5rgenerationen som l\u00e4gger \u00e4gg p\u00e5 <a href=\"http:\/\/ingemar.alenas.se\/wp-content\/uploads\/2015\/05\/IMG_6930.jpg\"><img loading=\"lazy\" decoding=\"async\" class=\"  wp-image-937 alignright\" src=\"http:\/\/ingemar.alenas.se\/wp-content\/uploads\/2015\/05\/IMG_6930.jpg\" alt=\"IMG_6930\" width=\"354\" height=\"313\" srcset=\"https:\/\/ingemar.alenas.se\/wp-content\/uploads\/2015\/05\/IMG_6930.jpg 800w, https:\/\/ingemar.alenas.se\/wp-content\/uploads\/2015\/05\/IMG_6930-300x266.jpg 300w\" sizes=\"auto, (max-width: 354px) 100vw, 354px\" \/><\/a>br\u00e4nn\u00e4sslor. Dessa blir larver som f\u00f6rpuppas och kl\u00e4cks i juli till den svarta sommar genera- tionen. Se bild p\u00e5 den svarta sommargenerationen <a href=\"http:\/\/ingemar.alenas.se\/?p=1331\">h\u00e4r<\/a>.<\/p>\n<p>&nbsp;<\/p>\n<p>Foto: \u00a9 Ingemar Alen\u00e4s \u00a02015-05-03 Vessigebro, \u00e4ngen vid Montessoriskolan.<\/p>\n","protected":false},"excerpt":{"rendered":"<p>Kartfj\u00e4rilen \u00e4r orange p\u00e5 v\u00e5ren och svart p\u00e5 sommaren. Carl von Linn\u00e9 trodde att det var tv\u00e5 olika arter. Men i sj\u00e4lva verket \u00e4r kartfj\u00e4rilen ett tydligt exempel p\u00e5 att en art kan ha olika utseende p\u00e5 v\u00e5r och h\u00f6st. P\u00e5 engelska kallas fenomenet &#8221;seasonal dimorphism&#8221;. Nu kl\u00e4cks den orange v\u00e5rgenerationen som l\u00e4gger \u00e4gg p\u00e5 &hellip; <a href=\"https:\/\/ingemar.alenas.se\/?p=935\" class=\"more-link\">Forts\u00e4tt l\u00e4sa <span class=\"screen-reader-text\">Kartfj\u00e4rilen lurade Linn\u00e9<\/span> <span class=\"meta-nav\">&rarr;<\/span><\/a><\/p>\n","protected":false},"author":1,"featured_media":0,"comment_status":"closed","ping_status":"closed","sticky":false,"template":"","format":"standard","meta":{"ngg_post_thumbnail":0,"footnotes":""},"categories":[2],"tags":[],"class_list":["post-935","post","type-post","status-publish","format-standard","hentry","category-naturnytt"],"_links":{"self":[{"href":"https:\/\/ingemar.alenas.se\/index.php?rest_route=\/wp\/v2\/posts\/935","targetHints":{"allow":["GET"]}}],"collection":[{"href":"https:\/\/ingemar.alenas.se\/index.php?rest_route=\/wp\/v2\/posts"}],"about":[{"href":"https:\/\/ingemar.alenas.se\/index.php?rest_route=\/wp\/v2\/types\/post"}],"author":[{"embeddable":true,"href":"https:\/\/ingemar.alenas.se\/index.php?rest_route=\/wp\/v2\/users\/1"}],"replies":[{"embeddable":true,"href":"https:\/\/ingemar.alenas.se\/index.php?rest_route=%2Fwp%2Fv2%2Fcomments&post=935"}],"version-history":[{"count":13,"href":"https:\/\/ingemar.alenas.se\/index.php?rest_route=\/wp\/v2\/posts\/935\/revisions"}],"predecessor-version":[{"id":1344,"href":"https:\/\/ingemar.alenas.se\/index.php?rest_route=\/wp\/v2\/posts\/935\/revisions\/1344"}],"wp:attachment":[{"href":"https:\/\/ingemar.alenas.se\/index.php?rest_route=%2Fwp%2Fv2%2Fmedia&parent=935"}],"wp:term":[{"taxonomy":"category","embeddable":true,"href":"https:\/\/ingemar.alenas.se\/index.php?rest_route=%2Fwp%2Fv2%2Fcategories&post=935"},{"taxonomy":"post_tag","embeddable":true,"href":"https:\/\/ingemar.alenas.se\/index.php?rest_route=%2Fwp%2Fv2%2Ftags&post=935"}],"curies":[{"name":"wp","href":"https:\/\/api.w.org\/{rel}","templated":true}]}}