{"id":5602,"date":"2018-05-31T16:11:13","date_gmt":"2018-05-31T16:11:13","guid":{"rendered":"https:\/\/ingemar.alenas.se\/?p=5602"},"modified":"2018-05-31T16:11:13","modified_gmt":"2018-05-31T16:11:13","slug":"floder-med-egna-rattigheter","status":"publish","type":"post","link":"https:\/\/ingemar.alenas.se\/?p=5602","title":{"rendered":"Floder med egna r\u00e4ttigheter!"},"content":{"rendered":"<p>2018-05-31. Vetenskapsradion rapporterar nu om att h\u00f6gsta domstolen i Colombia skall ge landets del av Amazonasskogen egna juridiska r\u00e4ttigheter. L\u00e4s mer <a href=\"https:\/\/sverigesradio.se\/sida\/artikel.aspx?programid=406&amp;artikel=6964576\">h\u00e4r.<\/a><\/p>\n<p>F\u00f6r ett \u00e5r sedan fick&nbsp;Whanganuifloden p\u00e5 Nya Zeeland egna r\u00e4ttigheter. L\u00e4s mer <a href=\"https:\/\/sverigesradio.se\/sida\/avsnitt\/1083318?programid=412\">h\u00e4r.<\/a><\/p>\n<p>\u00c4tran \u00e4r en av Sveriges och v\u00e4rldens f\u00f6rn\u00e4msta floder n\u00e4r det g\u00e4ller naturlig, op\u00e5verkad Atlantlax. Forskaren Courtland Smith, Canada, talar om ett unikt v\u00e4rldsarv.&nbsp;<\/p>\n<p>N\u00e4r skall Sverige f\u00f6lja det goda exemplet att ge ett naturomr\u00e5de juridiska r\u00e4ttigheter p\u00e5 samma s\u00e4tt som Nya Zeeland och Columbia g\u00f6r? Kanske blir vi land tre med att ge \u00c4tran en egen juridisk status? Ist\u00e4llet f\u00f6r att se \u00c4tran som ett kraftigt modifierat vatten d\u00e4r naturen f\u00e5r maka p\u00e5 sig f\u00f6r andra intressen? L\u00e4s mer <a href=\"https:\/\/ingemar.alenas.se\/?p=4926\">h\u00e4r.<\/a><\/p>\n<p><a href=\"https:\/\/ingemar.alenas.se\/wp-content\/uploads\/2018\/02\/P1170383.jpg\"><img loading=\"lazy\" decoding=\"async\" width=\"300\" height=\"83\" class=\"alignnone size-medium wp-image-5280\" alt=\"\" src=\"https:\/\/ingemar.alenas.se\/wp-content\/uploads\/2018\/02\/P1170383-300x83.jpg\" srcset=\"https:\/\/ingemar.alenas.se\/wp-content\/uploads\/2018\/02\/P1170383-300x83.jpg 300w, https:\/\/ingemar.alenas.se\/wp-content\/uploads\/2018\/02\/P1170383-768x211.jpg 768w, https:\/\/ingemar.alenas.se\/wp-content\/uploads\/2018\/02\/P1170383-1024x282.jpg 1024w, https:\/\/ingemar.alenas.se\/wp-content\/uploads\/2018\/02\/P1170383.jpg 1500w\" sizes=\"auto, (max-width: 300px) 100vw, 300px\" \/><\/a><\/p>\n<p>&nbsp;<\/p>\n<p>&nbsp;<\/p>\n<p>&nbsp;<\/p>\n","protected":false},"excerpt":{"rendered":"<p>2018-05-31. Vetenskapsradion rapporterar nu om att h\u00f6gsta domstolen i Colombia skall ge landets del av Amazonasskogen egna juridiska r\u00e4ttigheter. L\u00e4s mer h\u00e4r. F\u00f6r ett \u00e5r sedan fick&nbsp;Whanganuifloden p\u00e5 Nya Zeeland egna r\u00e4ttigheter. L\u00e4s mer h\u00e4r. \u00c4tran \u00e4r en av Sveriges och v\u00e4rldens f\u00f6rn\u00e4msta floder n\u00e4r det g\u00e4ller naturlig, op\u00e5verkad Atlantlax. Forskaren Courtland Smith, Canada, talar &hellip; <a href=\"https:\/\/ingemar.alenas.se\/?p=5602\" class=\"more-link\">Forts\u00e4tt l\u00e4sa <span class=\"screen-reader-text\">Floder med egna r\u00e4ttigheter!<\/span> <span class=\"meta-nav\">&rarr;<\/span><\/a><\/p>\n","protected":false},"author":1,"featured_media":5195,"comment_status":"closed","ping_status":"closed","sticky":false,"template":"","format":"standard","meta":{"ngg_post_thumbnail":0,"footnotes":""},"categories":[2],"tags":[],"class_list":["post-5602","post","type-post","status-publish","format-standard","has-post-thumbnail","hentry","category-naturnytt"],"_links":{"self":[{"href":"https:\/\/ingemar.alenas.se\/index.php?rest_route=\/wp\/v2\/posts\/5602","targetHints":{"allow":["GET"]}}],"collection":[{"href":"https:\/\/ingemar.alenas.se\/index.php?rest_route=\/wp\/v2\/posts"}],"about":[{"href":"https:\/\/ingemar.alenas.se\/index.php?rest_route=\/wp\/v2\/types\/post"}],"author":[{"embeddable":true,"href":"https:\/\/ingemar.alenas.se\/index.php?rest_route=\/wp\/v2\/users\/1"}],"replies":[{"embeddable":true,"href":"https:\/\/ingemar.alenas.se\/index.php?rest_route=%2Fwp%2Fv2%2Fcomments&post=5602"}],"version-history":[{"count":4,"href":"https:\/\/ingemar.alenas.se\/index.php?rest_route=\/wp\/v2\/posts\/5602\/revisions"}],"predecessor-version":[{"id":5606,"href":"https:\/\/ingemar.alenas.se\/index.php?rest_route=\/wp\/v2\/posts\/5602\/revisions\/5606"}],"wp:featuredmedia":[{"embeddable":true,"href":"https:\/\/ingemar.alenas.se\/index.php?rest_route=\/wp\/v2\/media\/5195"}],"wp:attachment":[{"href":"https:\/\/ingemar.alenas.se\/index.php?rest_route=%2Fwp%2Fv2%2Fmedia&parent=5602"}],"wp:term":[{"taxonomy":"category","embeddable":true,"href":"https:\/\/ingemar.alenas.se\/index.php?rest_route=%2Fwp%2Fv2%2Fcategories&post=5602"},{"taxonomy":"post_tag","embeddable":true,"href":"https:\/\/ingemar.alenas.se\/index.php?rest_route=%2Fwp%2Fv2%2Ftags&post=5602"}],"curies":[{"name":"wp","href":"https:\/\/api.w.org\/{rel}","templated":true}]}}