{"id":5578,"date":"2018-05-12T18:50:12","date_gmt":"2018-05-12T18:50:12","guid":{"rendered":"https:\/\/ingemar.alenas.se\/?p=5578"},"modified":"2018-05-12T18:52:19","modified_gmt":"2018-05-12T18:52:19","slug":"havsnejonogat-vandrar-i-atran-2","status":"publish","type":"post","link":"https:\/\/ingemar.alenas.se\/?p=5578","title":{"rendered":"Havsnejon\u00f6gat vandrar i \u00c4tran"},"content":{"rendered":"<p>2018-05-12 I g\u00e5r filmades de f\u00f6rsta havsnejon\u00f6gonen f\u00f6r \u00e5ret i Hertingforsens webbkamera. Dessa havets urinnev\u00e5nare \u00e4r punktliga v\u00e5rtecken, f\u00f6rra \u00e5ret filmades de f\u00f6rsta den 8 maj!&nbsp; L\u00e4s mer <a href=\"https:\/\/ingemar.alenas.se\/?p=4036\">h\u00e4r.<\/a><\/p>\n<p>Halland har ansvaret f\u00f6r \u00e5tg\u00e4rdsprogrammet f\u00f6r havsnejon\u00f6ga. Det beror bl.a. p\u00e5 att \u00c4tran \u00e4r ett av Sveriges starkaste f\u00e4sten f\u00f6r denna urgamla art som funnits n\u00e5gra hundra miljoner \u00e5r l\u00e4ngre \u00e4n dinosaurierna! 1944 till 2013 var havsnejon\u00f6gats naturliga vandring till de forna lekomr\u00e5dena i \u00c4tran uppstr\u00f6ms Falkenberg stoppad genom Hertingdammen.&nbsp;<\/p>\n<p>Nu kan vi \u00e5ter se hur dessa relikter vandrar sin naturliga vandring i \u00c4tran upp f\u00f6rbi Vessigebro och vidare upp i H\u00f6gvads\u00e5n till Nydala.<br \/>\nHertingprojektet g\u00f6r att denna hotade art nu har tillg\u00e5ng till stora delar av sitt ursprungliga lekomr\u00e5de!<\/p>\n<div style=\"width: 474px;\" class=\"wp-video\"><video class=\"wp-video-shortcode\" id=\"video-5578-1\" width=\"474\" height=\"356\" preload=\"metadata\" controls=\"controls\"><source type=\"video\/mp4\" src=\"https:\/\/ingemar.alenas.se\/wp-content\/uploads\/2018\/05\/144_1.mp4?_=1\" \/><a href=\"https:\/\/ingemar.alenas.se\/wp-content\/uploads\/2018\/05\/144_1.mp4\">https:\/\/ingemar.alenas.se\/wp-content\/uploads\/2018\/05\/144_1.mp4<\/a><\/video><\/div>\n<p>K\u00e4lla:www.fiskdata.se<\/p>\n<p>&nbsp;<\/p>\n","protected":false},"excerpt":{"rendered":"<p>2018-05-12 I g\u00e5r filmades de f\u00f6rsta havsnejon\u00f6gonen f\u00f6r \u00e5ret i Hertingforsens webbkamera. Dessa havets urinnev\u00e5nare \u00e4r punktliga v\u00e5rtecken, f\u00f6rra \u00e5ret filmades de f\u00f6rsta den 8 maj!&nbsp; L\u00e4s mer h\u00e4r. Halland har ansvaret f\u00f6r \u00e5tg\u00e4rdsprogrammet f\u00f6r havsnejon\u00f6ga. Det beror bl.a. p\u00e5 att \u00c4tran \u00e4r ett av Sveriges starkaste f\u00e4sten f\u00f6r denna urgamla art som funnits n\u00e5gra &hellip; <a href=\"https:\/\/ingemar.alenas.se\/?p=5578\" class=\"more-link\">Forts\u00e4tt l\u00e4sa <span class=\"screen-reader-text\">Havsnejon\u00f6gat vandrar i \u00c4tran<\/span> <span class=\"meta-nav\">&rarr;<\/span><\/a><\/p>\n","protected":false},"author":1,"featured_media":0,"comment_status":"closed","ping_status":"closed","sticky":false,"template":"","format":"standard","meta":{"ngg_post_thumbnail":0,"footnotes":""},"categories":[2],"tags":[],"class_list":["post-5578","post","type-post","status-publish","format-standard","hentry","category-naturnytt"],"_links":{"self":[{"href":"https:\/\/ingemar.alenas.se\/index.php?rest_route=\/wp\/v2\/posts\/5578","targetHints":{"allow":["GET"]}}],"collection":[{"href":"https:\/\/ingemar.alenas.se\/index.php?rest_route=\/wp\/v2\/posts"}],"about":[{"href":"https:\/\/ingemar.alenas.se\/index.php?rest_route=\/wp\/v2\/types\/post"}],"author":[{"embeddable":true,"href":"https:\/\/ingemar.alenas.se\/index.php?rest_route=\/wp\/v2\/users\/1"}],"replies":[{"embeddable":true,"href":"https:\/\/ingemar.alenas.se\/index.php?rest_route=%2Fwp%2Fv2%2Fcomments&post=5578"}],"version-history":[{"count":2,"href":"https:\/\/ingemar.alenas.se\/index.php?rest_route=\/wp\/v2\/posts\/5578\/revisions"}],"predecessor-version":[{"id":5581,"href":"https:\/\/ingemar.alenas.se\/index.php?rest_route=\/wp\/v2\/posts\/5578\/revisions\/5581"}],"wp:attachment":[{"href":"https:\/\/ingemar.alenas.se\/index.php?rest_route=%2Fwp%2Fv2%2Fmedia&parent=5578"}],"wp:term":[{"taxonomy":"category","embeddable":true,"href":"https:\/\/ingemar.alenas.se\/index.php?rest_route=%2Fwp%2Fv2%2Fcategories&post=5578"},{"taxonomy":"post_tag","embeddable":true,"href":"https:\/\/ingemar.alenas.se\/index.php?rest_route=%2Fwp%2Fv2%2Ftags&post=5578"}],"curies":[{"name":"wp","href":"https:\/\/api.w.org\/{rel}","templated":true}]}}