{"id":4768,"date":"2017-10-26T07:55:46","date_gmt":"2017-10-26T07:55:46","guid":{"rendered":"https:\/\/ingemar.alenas.se\/?p=4768"},"modified":"2017-11-17T23:01:29","modified_gmt":"2017-11-17T23:01:29","slug":"eu-rostar-om-glyfosat","status":"publish","type":"post","link":"https:\/\/ingemar.alenas.se\/?p=4768","title":{"rendered":"Eu r\u00f6star om Glyfosat"},"content":{"rendered":"<p>2017-10-26 EU-kommissionen sk\u00f6t i g\u00e5r upp sin omr\u00f6stning om anv\u00e4ndning av bek\u00e4mpningsmedlet Glyfosat (Roundup).<\/p>\n<p>2017-11-09 \u00c4nnu inget beslut om Glyfosat. L\u00e4s mer <a href=\"http:\/\/www.regeringen.se\/artiklar\/2017\/11\/annu-inget-beslut-om-glyfosat-i-eu\/\">h\u00e4r<\/a><\/p>\n<p>Det \u00e4r n\u00e5got absurt att EU:s medlemsl\u00e4nder skall r\u00f6sta om anv\u00e4ndningen av Glyfosat (Roundup) samtidigt som det d\u00f6ms ut av \u00e4rev\u00f6rdiga WHO (V\u00e4rldsh\u00e4lsoorganisationen) som cancerframkallande och degenererande p\u00e5 v\u00e5r arvsmassa.<\/p>\n<p>Kommissionen s\u00f6ker majoritet f\u00f6r att anv\u00e4ndningen skall f\u00e5 tillst\u00e5nd i ytterligare tio \u00e5r men m\u00e5nga l\u00e4nder \u00e4r emot s\u00e5 d\u00e4rf\u00f6r sk\u00f6ts r\u00f6stningen upp till ett senare tillf\u00e4lle.<\/p>\n<p>Bakgrunden \u00e4r att nuvarande tillst\u00e5nd g\u00e5r ut den 15 december om det inte f\u00f6rl\u00e4ngs. Glyfosat \u00e4r v\u00e4rdens mest anv\u00e4nda bek\u00e4mpningsmedel och enbart i Sverige anv\u00e4nds 600-700 ton varje \u00e5r. Glyfosat tar d\u00f6d p\u00e5 o\u00f6nskade v\u00e4xter se bild ovan.<\/p>\n<p>Medan EU r\u00f6star om glyfosatets vara eller icke vara skriver WHO V\u00e4rldsh\u00e4lsoorganisationen att <strong>Glyfosat orsakar DNA och kromosomf\u00f6r\u00e4ndringar i m\u00e4nskliga celler (\u00e4ndrad arvsmassa) samt att det finns tillr\u00e4ckliga bevis f\u00f6r att glyfosat orsakar cancer hos f\u00f6rs\u00f6ksdjur.<\/strong><\/p>\n<p>Olika forskningsinstitutioner mottager direkt eller indirekt bidrag fr\u00e5n kemikalieindustrin. V\u00e4rldsh\u00e4lsorganisationen WHO \u00e4r ofta ansedd som oberoende.&nbsp;<\/p>\n<p>Lyssna p\u00e5 Jenny Kreuger fr\u00e5n Statens Lantbruksuniversitet i Onsdagens inslag&nbsp; SRP4 Halland<a href=\"http:\/\/sverigesradio.se\/sida\/artikel.aspx?programid=128&amp;artikel=6806914\"> h\u00e4r&nbsp;<\/a>L\u00e4s mera fakta <a href=\"https:\/\/ingemar.alenas.se\/?p=3316\">h\u00e4r<\/a> och <a href=\"https:\/\/ingemar.alenas.se\/?p=3141\">h\u00e4r<\/a> och <a href=\"https:\/\/ingemar.alenas.se\/?p=1691\">h\u00e4r<\/a>.<br \/>\nWHO World Health Organisation<br \/>\nInternational Agency for Research on Cancer:<br \/>\n<em>&#8221;The IARC Working Group that conducted the evaluation considered the significant findings from the US EPA report and several more recent positive results in concluding that <\/em><strong><em>there is sufficient evidence of carcinogenicity in experimental animals. Glyphosate also caused DNA and chromosomal damage in human cells&#8221;<\/em><br \/>\n<\/strong><em>IARC &#8221;provides scientific evaluations based on a comprehensive review of the scientific literature, but it remains the responsibility of individual governments and other international organizations to recommend regulations, legislation, or public health intervention&#8221;.<br \/>\n<\/em>Not US EPA= Amerikanska Naturv\u00e5rdsverket<br \/>\nL\u00e4s Rapporten <a href=\"http:\/\/www.iarc.fr\/en\/media-centre\/iarcnews\/pdf\/MonographVolume112.pdf\">h\u00e4r<\/a><\/p>\n<figure id=\"attachment_4790\" aria-describedby=\"caption-attachment-4790\" style=\"width: 1200px\" class=\"wp-caption alignnone\"><a href=\"https:\/\/ingemar.alenas.se\/wp-content\/uploads\/2017\/10\/IMG_0188.jpg\"><img loading=\"lazy\" decoding=\"async\" width=\"1200\" height=\"675\" class=\"wp-image-4790 size-full\" alt=\"\" src=\"https:\/\/ingemar.alenas.se\/wp-content\/uploads\/2017\/10\/IMG_0188.jpg\" srcset=\"https:\/\/ingemar.alenas.se\/wp-content\/uploads\/2017\/10\/IMG_0188.jpg 1200w, https:\/\/ingemar.alenas.se\/wp-content\/uploads\/2017\/10\/IMG_0188-300x169.jpg 300w, https:\/\/ingemar.alenas.se\/wp-content\/uploads\/2017\/10\/IMG_0188-768x432.jpg 768w, https:\/\/ingemar.alenas.se\/wp-content\/uploads\/2017\/10\/IMG_0188-1024x576.jpg 1024w\" sizes=\"auto, (max-width: 1200px) 100vw, 1200px\" \/><\/a><figcaption id=\"caption-attachment-4790\" class=\"wp-caption-text\">2017-10-29 \u00c4trafors, dalg\u00e5ngen ned mot \u00c4tran. Glyfosat har anv\u00e4nts p\u00e5 ena sidan st\u00e4ngslet men inte p\u00e5 andra sidan.<\/figcaption><\/figure>\n","protected":false},"excerpt":{"rendered":"<p>2017-10-26 EU-kommissionen sk\u00f6t i g\u00e5r upp sin omr\u00f6stning om anv\u00e4ndning av bek\u00e4mpningsmedlet Glyfosat (Roundup). 2017-11-09 \u00c4nnu inget beslut om Glyfosat. L\u00e4s mer h\u00e4r Det \u00e4r n\u00e5got absurt att EU:s medlemsl\u00e4nder skall r\u00f6sta om anv\u00e4ndningen av Glyfosat (Roundup) samtidigt som det d\u00f6ms ut av \u00e4rev\u00f6rdiga WHO (V\u00e4rldsh\u00e4lsoorganisationen) som cancerframkallande och degenererande p\u00e5 v\u00e5r arvsmassa. Kommissionen s\u00f6ker &hellip; <a href=\"https:\/\/ingemar.alenas.se\/?p=4768\" class=\"more-link\">Forts\u00e4tt l\u00e4sa <span class=\"screen-reader-text\">Eu r\u00f6star om Glyfosat<\/span> <span class=\"meta-nav\">&rarr;<\/span><\/a><\/p>\n","protected":false},"author":1,"featured_media":1751,"comment_status":"closed","ping_status":"closed","sticky":false,"template":"","format":"standard","meta":{"ngg_post_thumbnail":0,"footnotes":""},"categories":[2],"tags":[],"class_list":["post-4768","post","type-post","status-publish","format-standard","has-post-thumbnail","hentry","category-naturnytt"],"_links":{"self":[{"href":"https:\/\/ingemar.alenas.se\/index.php?rest_route=\/wp\/v2\/posts\/4768","targetHints":{"allow":["GET"]}}],"collection":[{"href":"https:\/\/ingemar.alenas.se\/index.php?rest_route=\/wp\/v2\/posts"}],"about":[{"href":"https:\/\/ingemar.alenas.se\/index.php?rest_route=\/wp\/v2\/types\/post"}],"author":[{"embeddable":true,"href":"https:\/\/ingemar.alenas.se\/index.php?rest_route=\/wp\/v2\/users\/1"}],"replies":[{"embeddable":true,"href":"https:\/\/ingemar.alenas.se\/index.php?rest_route=%2Fwp%2Fv2%2Fcomments&post=4768"}],"version-history":[{"count":13,"href":"https:\/\/ingemar.alenas.se\/index.php?rest_route=\/wp\/v2\/posts\/4768\/revisions"}],"predecessor-version":[{"id":4831,"href":"https:\/\/ingemar.alenas.se\/index.php?rest_route=\/wp\/v2\/posts\/4768\/revisions\/4831"}],"wp:featuredmedia":[{"embeddable":true,"href":"https:\/\/ingemar.alenas.se\/index.php?rest_route=\/wp\/v2\/media\/1751"}],"wp:attachment":[{"href":"https:\/\/ingemar.alenas.se\/index.php?rest_route=%2Fwp%2Fv2%2Fmedia&parent=4768"}],"wp:term":[{"taxonomy":"category","embeddable":true,"href":"https:\/\/ingemar.alenas.se\/index.php?rest_route=%2Fwp%2Fv2%2Fcategories&post=4768"},{"taxonomy":"post_tag","embeddable":true,"href":"https:\/\/ingemar.alenas.se\/index.php?rest_route=%2Fwp%2Fv2%2Ftags&post=4768"}],"curies":[{"name":"wp","href":"https:\/\/api.w.org\/{rel}","templated":true}]}}