{"id":1691,"date":"2015-10-24T18:03:02","date_gmt":"2015-10-24T18:03:02","guid":{"rendered":"http:\/\/ingemar.alenas.se\/?p=1691"},"modified":"2017-04-26T12:04:02","modified_gmt":"2017-04-26T12:04:02","slug":"gult-med-glyfosat","status":"publish","type":"post","link":"https:\/\/ingemar.alenas.se\/?p=1691","title":{"rendered":"Gult med Glyfosat"},"content":{"rendered":"<p>2015-10-21 Sommargr\u00f6nt p\u00e5 ena sidan av st\u00e4ngslet och h\u00f6stens gula f\u00e4rg p\u00e5 andra sidan. Bild fr\u00e5n Hallands jordbrukslandskap.<\/p>\n<p>Danmark, Holland och Frankrike&nbsp;\u00e4r p\u00e5 den gr\u00f6na sidan och&nbsp;har delvis&nbsp;f\u00f6rbjudit anv\u00e4ndningen av bek\u00e4mpningsmedlet Roundup. Sri Lanka har f\u00f6rbjudit import.&nbsp;Sedan tidigare \u00e4r anv\u00e4ndningen av milj\u00f6- och h\u00e4lsosk\u00e4l f\u00f6rbjuden i Ryssland, Mexiko och Tasmanien.<br \/>\nL\u00e4s mer <a href=\"http:\/\/nyhederne.tv2.dk\/2015-05-28-roundup-kommer-paa-arbejdstilsynets-kraeftliste\" target=\"_blank\" rel=\"noopener noreferrer\">h\u00e4r<\/a> och <a href=\"http:\/\/www.ekoweb.nu\/?p=7097\" target=\"_blank\" rel=\"noopener noreferrer\">h\u00e4r<\/a> hur danska Arbejdertillsynen och Milj\u00f6styrelsen ser p\u00e5 anv\u00e4ndningen av Round-Up.<\/p>\n<p>I Sverige \u00e4r vi p\u00e5 den andra&nbsp;gula sidan st\u00e4ngslet och kan se de gula h\u00f6stf\u00e4rgerna i f\u00f6rtid d\u00e4r Roundup delvis&nbsp;anv\u00e4nds p\u00e5 f\u00e4lten.<\/p>\n<figure id=\"attachment_1751\" aria-describedby=\"caption-attachment-1751\" style=\"width: 1300px\" class=\"wp-caption alignnone\"><a href=\"http:\/\/ingemar.alenas.se\/wp-content\/uploads\/2015\/10\/IMG_9931.jpg\"><img loading=\"lazy\" decoding=\"async\" width=\"1300\" height=\"802\" class=\"wp-image-1751 size-full\" alt=\"IMG_9931\" src=\"http:\/\/ingemar.alenas.se\/wp-content\/uploads\/2015\/10\/IMG_9931.jpg\" srcset=\"https:\/\/ingemar.alenas.se\/wp-content\/uploads\/2015\/10\/IMG_9931.jpg 1300w, https:\/\/ingemar.alenas.se\/wp-content\/uploads\/2015\/10\/IMG_9931-300x185.jpg 300w, https:\/\/ingemar.alenas.se\/wp-content\/uploads\/2015\/10\/IMG_9931-1024x632.jpg 1024w\" sizes=\"auto, (max-width: 1300px) 100vw, 1300px\" \/><\/a><figcaption id=\"caption-attachment-1751\" class=\"wp-caption-text\">V\u00e4gen mellan \u00d6stra Fr\u00f6lunda och M\u00e5rdaklev. Tr\u00e4db\u00e5rden i bakgrunden kantar \u00c4tran som rinner ner till vattenintaget vid Falkenbergs dricksvattenintag i Vessigebro. Gr\u00e4nsen mellan gult och gr\u00f6nt \u00e4r inte klimatgr\u00e4ns utan gr\u00e4nsen till anv\u00e4ndning av herbicid (v\u00e4xtgift). \u00a9 Ingemar Alen\u00e4s<\/figcaption><\/figure>\n<p>SLU: &#8221;I medeltal p\u00e5tr\u00e4ffades minst en substans \u00f6ver riktv\u00e4rdet i vart annat ytvattenprov, d\u00e4r Sk\u00e5nes och Hallands typomr\u00e5den stod f\u00f6r flest riktv\u00e4rdes\u00f6verskridande&#8221;.<br \/>\nL\u00e4s mer i rapporten fr\u00e5n SLU:<br \/>\n<a href=\"http:\/\/pub.epsilon.slu.se\/13234\/\"><u><span style=\"color: #0066cc;\">Resultat fr\u00e5n milj\u00f6\u00f6vervakningen av bek\u00e4mpningsmedel (v\u00e4xtskyddsmedel) <\/span><\/u><\/a><\/p>\n<p>L\u00e4s \u00e4ven rapporten <a href=\"https:\/\/www.slu.se\/globalassets\/ew\/org\/centrb\/ckb\/publikationer\/ckb-rapporter\/kemiska-bekampningsmedel-i-grundvatten-141006_slutgiltig.pdf\"><u><span style=\"color: #0066cc;\">&#8221;Kemiska bek\u00e4mpningsmedel i grundvatten&#8221;.<\/span><\/u><\/a>&nbsp;d\u00e4r Sk\u00e5ne och Halland utm\u00e4rker sig.<\/p>\n<p>Se \u00e4ven SVT dokument\u00e4r <a href=\"https:\/\/www.svtplay.se\/video\/13357996\/sista-skorden\/sista-skorden-1?start=auto&amp;tab=senaste\">Den sista sk\u00f6rden<\/a><\/p>\n<p>L\u00e4s \u00e4ven SVT Nyheter Sk\u00e5ne: <a href=\"http:\/\/www.svt.se\/nyheter\/lokalt\/skane\/stor-okning-av-cancerfall-i-sydsverige\"><u><span style=\"color: #0066cc;\">Stor \u00f6kning av cancerfall<\/span><\/u><\/a><\/p>\n","protected":false},"excerpt":{"rendered":"<p>2015-10-21 Sommargr\u00f6nt p\u00e5 ena sidan av st\u00e4ngslet och h\u00f6stens gula f\u00e4rg p\u00e5 andra sidan. Bild fr\u00e5n Hallands jordbrukslandskap. Danmark, Holland och Frankrike&nbsp;\u00e4r p\u00e5 den gr\u00f6na sidan och&nbsp;har delvis&nbsp;f\u00f6rbjudit anv\u00e4ndningen av bek\u00e4mpningsmedlet Roundup. Sri Lanka har f\u00f6rbjudit import.&nbsp;Sedan tidigare \u00e4r anv\u00e4ndningen av milj\u00f6- och h\u00e4lsosk\u00e4l f\u00f6rbjuden i Ryssland, Mexiko och Tasmanien. L\u00e4s mer h\u00e4r och h\u00e4r &hellip; <a href=\"https:\/\/ingemar.alenas.se\/?p=1691\" class=\"more-link\">Forts\u00e4tt l\u00e4sa <span class=\"screen-reader-text\">Gult med Glyfosat<\/span> <span class=\"meta-nav\">&rarr;<\/span><\/a><\/p>\n","protected":false},"author":1,"featured_media":1693,"comment_status":"closed","ping_status":"closed","sticky":false,"template":"","format":"standard","meta":{"ngg_post_thumbnail":0,"footnotes":""},"categories":[2],"tags":[],"class_list":["post-1691","post","type-post","status-publish","format-standard","has-post-thumbnail","hentry","category-naturnytt"],"_links":{"self":[{"href":"https:\/\/ingemar.alenas.se\/index.php?rest_route=\/wp\/v2\/posts\/1691","targetHints":{"allow":["GET"]}}],"collection":[{"href":"https:\/\/ingemar.alenas.se\/index.php?rest_route=\/wp\/v2\/posts"}],"about":[{"href":"https:\/\/ingemar.alenas.se\/index.php?rest_route=\/wp\/v2\/types\/post"}],"author":[{"embeddable":true,"href":"https:\/\/ingemar.alenas.se\/index.php?rest_route=\/wp\/v2\/users\/1"}],"replies":[{"embeddable":true,"href":"https:\/\/ingemar.alenas.se\/index.php?rest_route=%2Fwp%2Fv2%2Fcomments&post=1691"}],"version-history":[{"count":14,"href":"https:\/\/ingemar.alenas.se\/index.php?rest_route=\/wp\/v2\/posts\/1691\/revisions"}],"predecessor-version":[{"id":3965,"href":"https:\/\/ingemar.alenas.se\/index.php?rest_route=\/wp\/v2\/posts\/1691\/revisions\/3965"}],"wp:featuredmedia":[{"embeddable":true,"href":"https:\/\/ingemar.alenas.se\/index.php?rest_route=\/wp\/v2\/media\/1693"}],"wp:attachment":[{"href":"https:\/\/ingemar.alenas.se\/index.php?rest_route=%2Fwp%2Fv2%2Fmedia&parent=1691"}],"wp:term":[{"taxonomy":"category","embeddable":true,"href":"https:\/\/ingemar.alenas.se\/index.php?rest_route=%2Fwp%2Fv2%2Fcategories&post=1691"},{"taxonomy":"post_tag","embeddable":true,"href":"https:\/\/ingemar.alenas.se\/index.php?rest_route=%2Fwp%2Fv2%2Ftags&post=1691"}],"curies":[{"name":"wp","href":"https:\/\/api.w.org\/{rel}","templated":true}]}}