{"id":16855,"date":"2026-01-04T09:28:54","date_gmt":"2026-01-04T09:28:54","guid":{"rendered":"https:\/\/ingemar.alenas.se\/?p=16855"},"modified":"2026-01-04T09:57:28","modified_gmt":"2026-01-04T09:57:28","slug":"dod-utter-vid-atrafors","status":"publish","type":"post","link":"https:\/\/ingemar.alenas.se\/?p=16855","title":{"rendered":"D\u00f6d utter vid \u00c4trafors"},"content":{"rendered":"\n<p><strong>2026-01-04 N\u00e5gra dagar f\u00f6re ny\u00e5rsafton omkom en utter vid \u00c4trafors. H\u00e4r \u00e4r en omvittnat farlig milj\u00f6 f\u00f6r vattenlevande djur.<\/strong><\/p>\n\n\n\n<p>Den fullvuxna uttern hade brutna t\u00e4nder och en bl\u00f6dande skada i munnen. F\u00f6r \u00f6vrigt s\u00e5gs inga yttre kroppsskador. D\u00f6dsorsaken \u00e4r ok\u00e4nd och h\u00e4ndelsen \u00e4r anm\u00e4ld till Statens Veterin\u00e4rmedicinska anstalt. Uttern \u00e4r klassad som \u201dstatens vilt\u201d och skall dessutom anm\u00e4las till polisen.<\/p>\n\n\n\n<p>I g\u00e5r var uttern borta. Men den var inte ensam. Rikligt med sp\u00e5rst\u00e4mplar i nysn\u00f6n avsl\u00f6jade att \u201dvaktm\u00e4staren\u201d vid kraftverket ersatts av minst en ny livs levande utter. Trots att milj\u00f6n \u00e4r farlig \u00e4r den attraktiv d\u00e5 h\u00e4r finns rikligt med mat i form av \u201dgallerfynd\u201d.<\/p>\n\n\n\n<p>De flesta djuren som omkommer vid \u00c4trafors fastnar p\u00e5 kraftverkets intagsgaller och en del skrapas sedan via ett transportband upp i en betongbunker som kraftbolaget iordningst\u00e4llt f\u00f6r att samla br\u00e5te och d\u00f6da djur. De nya uttersp\u00e5ren ledde in i betongbunkern.<\/p>\n\n\n\n<p>Hur vet vi d\u00e5 att det omkommer fiskar vid kraftverksgallret i \u00c4trafors? Det \u00e4r v\u00e4l dokumenterat av SVT Uppdag granskning&nbsp;<a href=\"https:\/\/www.svtplay.se\/video\/KqWLE5w\/uppdrag-granskning\/den-sista-alen\">Den sista \u00e5len<\/a>&nbsp;<a href=\"https:\/\/www.svtplay.se\/video\/KDnaYn9\/uppdrag-granskning\/den-sista-alen-vad-hande-sen\">Den sista \u00e5len vad h\u00e4nde sen?<\/a>&nbsp;och&nbsp;<a href=\"https:\/\/www.svtplay.se\/video\/eb7kz7o\/uppdrag-granskning\/ursprungsalen\">Ursprungs\u00e5len.<\/a>&nbsp;och<a href=\"https:\/\/www.facebook.com\/ecofilm.se\/videos\/den-sista-%C3%A5len\/4406741456112945\/\">&nbsp;SVT Fiskarnas Rike<\/a>. Dessutom rapporterades detta av oss f\u00f6r&nbsp;<strong>20 \u00e5r sedan<\/strong>&nbsp;till Naturv\u00e5rdsverkets tidning Milj\u00f6Aktuellt.<\/p>\n\n\n\n<figure class=\"wp-block-image size-large\"><a href=\"https:\/\/ingemar.alenas.se\/wp-content\/uploads\/2026\/01\/Miljoaktuellt-2006-rotated.jpg\"><img loading=\"lazy\" decoding=\"async\" width=\"768\" height=\"1024\" src=\"https:\/\/ingemar.alenas.se\/wp-content\/uploads\/2026\/01\/Miljoaktuellt-2006-768x1024.jpg\" alt=\"\" class=\"wp-image-16848\" srcset=\"https:\/\/ingemar.alenas.se\/wp-content\/uploads\/2026\/01\/Miljoaktuellt-2006-768x1024.jpg 768w, https:\/\/ingemar.alenas.se\/wp-content\/uploads\/2026\/01\/Miljoaktuellt-2006-225x300.jpg 225w, https:\/\/ingemar.alenas.se\/wp-content\/uploads\/2026\/01\/Miljoaktuellt-2006-1152x1536.jpg 1152w, https:\/\/ingemar.alenas.se\/wp-content\/uploads\/2026\/01\/Miljoaktuellt-2006-rotated.jpg 1512w\" sizes=\"auto, (max-width: 768px) 100vw, 768px\" \/><\/a><\/figure>\n\n\n\n<p>Sedan dess \u00e4r de dokumenterade fynden av gallerd\u00f6da djur omfattande vid Unipers b\u00e5da kraftverk vid \u00c4trafors och Yngeredsfors. Foton finns p\u00e5 d\u00f6da och leml\u00e4stade \u00e5lar, lakar, g\u00e4ddor, abborrar, g\u00f6sar, snorg\u00e4rsar, braxnar, bj\u00f6rknor, m\u00f6rtar och sarvar. Till de mer bisarra fynden finns gr\u00e4vling, storskarv och kanadag\u00e5s samt ett lodjur som rapporteras fr\u00e5n s\u00e4ker k\u00e4lla.<\/p>\n\n\n\n<p>Firma Ingemar Alen\u00e4s kollade vid n\u00e5gra tillf\u00e4llen 2024 antalet d\u00f6da \u00e5lar vid gallren i kraftverken. D\u00e5 r\u00e4knades&nbsp;<strong>237 d\u00f6da och d\u00f6ende \u00e5lar<\/strong>&nbsp;enbart vid Yngeredsfors och \u00c4trafors. H\u00f6sten 2025 vidtog kraftbolaget \u00e5tg\u00e4rder och st\u00e4ngde tilltr\u00e4de vid Yngeredsfors s\u00e5 att antalet d\u00f6da \u00e5lar inte kan r\u00e4knas. \u00c5ld\u00f6den forts\u00e4tter nu p\u00e5 gallren bakom \u201dlyckta d\u00f6rrar\u201d.<\/p>\n\n\n\n<figure class=\"wp-block-image size-large\"><a href=\"https:\/\/ingemar.alenas.se\/wp-content\/uploads\/2025\/12\/P6880483-scaled.jpg\"><img loading=\"lazy\" decoding=\"async\" width=\"1024\" height=\"247\" src=\"https:\/\/ingemar.alenas.se\/wp-content\/uploads\/2025\/12\/P6880483-1024x247.jpg\" alt=\"\" class=\"wp-image-16816\" srcset=\"https:\/\/ingemar.alenas.se\/wp-content\/uploads\/2025\/12\/P6880483-1024x247.jpg 1024w, https:\/\/ingemar.alenas.se\/wp-content\/uploads\/2025\/12\/P6880483-300x72.jpg 300w, https:\/\/ingemar.alenas.se\/wp-content\/uploads\/2025\/12\/P6880483-768x185.jpg 768w, https:\/\/ingemar.alenas.se\/wp-content\/uploads\/2025\/12\/P6880483-1536x371.jpg 1536w, https:\/\/ingemar.alenas.se\/wp-content\/uploads\/2025\/12\/P6880483-2048x494.jpg 2048w\" sizes=\"auto, (max-width: 1024px) 100vw, 1024px\" \/><\/a><\/figure>\n\n\n\n<p>Men kanske v\u00e4n av ordning undrar hur detta f\u00e5r fortg\u00e5 i 20 \u00e5r efter det att det uppdagats?  Vid Herting har man ju satt in ett fisks\u00e4kert galler redan 2013. L\u00e4nsstyrelsen \u00e4r tillsynsmyndighet \u00f6ver hur bolagets vattenverksamhet p\u00e5verkar milj\u00f6n. Vid p\u00e5st\u00f6tningar har tillsynsmyndigheten svarat skriftligt att milj\u00f6tillsynen \u00e4r pausad vid kraftverket i v\u00e4ntan p\u00e5 kommande milj\u00f6pr\u00f6vning enligt NAP.<\/p>\n\n\n\n<p>N\u00e4r domstolen sent omsider skall milj\u00f6pr\u00f6va verksamheten kommer det inte att finnas n\u00e5gon fullst\u00e4ndig dokumentation av verksamhetens milj\u00f6skada och d\u00e5 kommer nyttan av \u00e5tg\u00e4rder att ifr\u00e5gas\u00e4ttas?<\/p>\n\n\n\n<p>Nu f\u00e5r vi bara hoppas att de uttrar som fortfarande har livet i beh\u00e5ll kan vara vaktm\u00e4stare vid gallret och forts\u00e4tta att st\u00e4da undan alla fiskar som samlas och d\u00f6r vid anl\u00e4ggningen. Annars l\u00f6ser det sig f\u00f6r kraftbolaget &#8221;st\u00e4dar upp efter sig&#8221; och k\u00f6r all br\u00e5te och d\u00f6da djur som samlats vid gallren till tippen.<\/p>\n","protected":false},"excerpt":{"rendered":"<p>2026-01-04 N\u00e5gra dagar f\u00f6re ny\u00e5rsafton omkom en utter vid \u00c4trafors. H\u00e4r \u00e4r en omvittnat farlig milj\u00f6 f\u00f6r vattenlevande djur. Den fullvuxna uttern hade brutna t\u00e4nder och en bl\u00f6dande skada i munnen. F\u00f6r \u00f6vrigt s\u00e5gs inga yttre kroppsskador. D\u00f6dsorsaken \u00e4r ok\u00e4nd och h\u00e4ndelsen \u00e4r anm\u00e4ld till Statens Veterin\u00e4rmedicinska anstalt. Uttern \u00e4r klassad som \u201dstatens vilt\u201d och &hellip; <a href=\"https:\/\/ingemar.alenas.se\/?p=16855\" class=\"more-link\">Forts\u00e4tt l\u00e4sa <span class=\"screen-reader-text\">D\u00f6d utter vid \u00c4trafors<\/span> <span class=\"meta-nav\">&rarr;<\/span><\/a><\/p>\n","protected":false},"author":1,"featured_media":16845,"comment_status":"closed","ping_status":"closed","sticky":false,"template":"","format":"standard","meta":{"ngg_post_thumbnail":0,"footnotes":""},"categories":[2,3],"tags":[],"class_list":["post-16855","post","type-post","status-publish","format-standard","has-post-thumbnail","hentry","category-naturnytt","category-vattenblank"],"_links":{"self":[{"href":"https:\/\/ingemar.alenas.se\/index.php?rest_route=\/wp\/v2\/posts\/16855","targetHints":{"allow":["GET"]}}],"collection":[{"href":"https:\/\/ingemar.alenas.se\/index.php?rest_route=\/wp\/v2\/posts"}],"about":[{"href":"https:\/\/ingemar.alenas.se\/index.php?rest_route=\/wp\/v2\/types\/post"}],"author":[{"embeddable":true,"href":"https:\/\/ingemar.alenas.se\/index.php?rest_route=\/wp\/v2\/users\/1"}],"replies":[{"embeddable":true,"href":"https:\/\/ingemar.alenas.se\/index.php?rest_route=%2Fwp%2Fv2%2Fcomments&post=16855"}],"version-history":[{"count":7,"href":"https:\/\/ingemar.alenas.se\/index.php?rest_route=\/wp\/v2\/posts\/16855\/revisions"}],"predecessor-version":[{"id":16864,"href":"https:\/\/ingemar.alenas.se\/index.php?rest_route=\/wp\/v2\/posts\/16855\/revisions\/16864"}],"wp:featuredmedia":[{"embeddable":true,"href":"https:\/\/ingemar.alenas.se\/index.php?rest_route=\/wp\/v2\/media\/16845"}],"wp:attachment":[{"href":"https:\/\/ingemar.alenas.se\/index.php?rest_route=%2Fwp%2Fv2%2Fmedia&parent=16855"}],"wp:term":[{"taxonomy":"category","embeddable":true,"href":"https:\/\/ingemar.alenas.se\/index.php?rest_route=%2Fwp%2Fv2%2Fcategories&post=16855"},{"taxonomy":"post_tag","embeddable":true,"href":"https:\/\/ingemar.alenas.se\/index.php?rest_route=%2Fwp%2Fv2%2Ftags&post=16855"}],"curies":[{"name":"wp","href":"https:\/\/api.w.org\/{rel}","templated":true}]}}