{"id":16647,"date":"2025-11-22T15:24:49","date_gmt":"2025-11-22T15:24:49","guid":{"rendered":"https:\/\/ingemar.alenas.se\/?p=16647"},"modified":"2025-11-23T22:25:41","modified_gmt":"2025-11-23T22:25:41","slug":"radda-atranlaxen-radda-kulturarvet","status":"publish","type":"post","link":"https:\/\/ingemar.alenas.se\/?p=16647","title":{"rendered":"R\u00e4dda \u00c4tranlaxen &#8211; r\u00e4dda kulturarvet"},"content":{"rendered":"\n<p><strong>Utbyggnaden av vattenkraft under 1900-talet slog h\u00e5rt mot vildlaxen i de hall\u00e4ndska \u00e5arna och \u00c4trans dalg\u00e5ng. En tusen\u00e5rig kultur f\u00f6r\u00e4ndrades p\u00e5 n\u00e5gra \u00e5rtionden.<\/strong> <strong>Lyckade projekt visar nu att en \u00e5terst\u00e4llning fortfarande \u00e4r b\u00e5de m\u00f6jlig och rimlig.<\/strong><\/p>\n\n\n\n<p>En doktorsavhandling av Johan Cederqvist vid Lule\u00e5 universitet behandlar fr\u00e5gan om vildlaxens f\u00f6rsvinnande i samband med vattenkraftens utbyggnad i norrland mellan 1940 och 1970.<\/p>\n\n\n\n<p>Vildlaxen utrotades fr\u00e5n de flesta \u00e4lvarna och \u00e4lvdalarnas befolkning f\u00f6rlorade fiskekulturen som de praktiserat under \u00e5rtusenden vilket inneburit en h\u00e5llbar livsstil och ett h\u00e5llbart nyttjande av naturresurserna.<\/p>\n\n\n\n<figure class=\"wp-block-image size-full\"><a href=\"https:\/\/ingemar.alenas.se\/wp-content\/uploads\/2025\/11\/Laxfiske-Falkenberg.jpg\"><img loading=\"lazy\" decoding=\"async\" width=\"800\" height=\"524\" src=\"https:\/\/ingemar.alenas.se\/wp-content\/uploads\/2025\/11\/Laxfiske-Falkenberg.jpg\" alt=\"\" class=\"wp-image-16655\" srcset=\"https:\/\/ingemar.alenas.se\/wp-content\/uploads\/2025\/11\/Laxfiske-Falkenberg.jpg 800w, https:\/\/ingemar.alenas.se\/wp-content\/uploads\/2025\/11\/Laxfiske-Falkenberg-300x197.jpg 300w, https:\/\/ingemar.alenas.se\/wp-content\/uploads\/2025\/11\/Laxfiske-Falkenberg-768x503.jpg 768w\" sizes=\"auto, (max-width: 800px) 100vw, 800px\" \/><\/a><figcaption class=\"wp-element-caption\">Laxmetare i Falkenberg vid Garvareforsen f\u00f6re kraftverkens utbyggnad i \u00c4tran.<\/figcaption><\/figure>\n\n\n\n<p>Laxen \u00e4r &#8221;programmerad&#8221; att \u00e5terv\u00e4nda till sin hem\u00e4lv och n\u00e4r den hindras att \u00e5terv\u00e4nda f\u00f6rloras unika laxstammar samt hela ekosystem. Det har inneburit betydande socioekonomiska och kulturella f\u00f6rluster f\u00f6r st\u00e4der, samh\u00e4llen och inv\u00e5nare l\u00e4ngs \u00f6verd\u00e4mda och torrlagda \u00e4lvdalar.<\/p>\n\n\n\n<p>Nu kanske n\u00e5gon tror att dessa skador \u00e4r unika f\u00f6r norrlands \u00e4lvdalar. Men s\u00e5 \u00e4r inte fallet. Omfattande skador av vattenkraftens dammar syns \u00e4ven i s\u00f6dra Sverige. Det kan exemplifieras med antalet <a href=\"https:\/\/umu.diva-portal.org\/smash\/record.jsf?pid=diva2%3A1733276&amp;dswid=9889\">torrlagda \u00e4lvstr\u00e4ckor<\/a> som \u00e4r kartlagda nedstr\u00f6ms kraftverksdammar. Totalt identifierades och verifierades 972 torrf\u00e5ror i en databas. 366 av dessa \u00e4r bel\u00e4gna i G\u00f6taland, 323 i Svealand och 283 i Norrland.<\/p>\n\n\n\n<figure class=\"wp-block-image size-large\"><a href=\"https:\/\/ingemar.alenas.se\/wp-content\/uploads\/2025\/11\/Yngeredsfors-torrfara.jpg\"><img loading=\"lazy\" decoding=\"async\" width=\"1024\" height=\"603\" src=\"https:\/\/ingemar.alenas.se\/wp-content\/uploads\/2025\/11\/Yngeredsfors-torrfara-1024x603.jpg\" alt=\"\" class=\"wp-image-16676\" srcset=\"https:\/\/ingemar.alenas.se\/wp-content\/uploads\/2025\/11\/Yngeredsfors-torrfara-1024x603.jpg 1024w, https:\/\/ingemar.alenas.se\/wp-content\/uploads\/2025\/11\/Yngeredsfors-torrfara-300x177.jpg 300w, https:\/\/ingemar.alenas.se\/wp-content\/uploads\/2025\/11\/Yngeredsfors-torrfara-768x452.jpg 768w, https:\/\/ingemar.alenas.se\/wp-content\/uploads\/2025\/11\/Yngeredsfors-torrfara.jpg 1521w\" sizes=\"auto, (max-width: 1024px) 100vw, 1024px\" \/><\/a><\/figure>\n\n\n\n<figure class=\"wp-block-image size-large\"><a href=\"https:\/\/ingemar.alenas.se\/wp-content\/uploads\/2025\/11\/Boaforsen-utbyggnad.jpg\"><img loading=\"lazy\" decoding=\"async\" width=\"1024\" height=\"398\" src=\"https:\/\/ingemar.alenas.se\/wp-content\/uploads\/2025\/11\/Boaforsen-utbyggnad-1024x398.jpg\" alt=\"\" class=\"wp-image-16653\" srcset=\"https:\/\/ingemar.alenas.se\/wp-content\/uploads\/2025\/11\/Boaforsen-utbyggnad-1024x398.jpg 1024w, https:\/\/ingemar.alenas.se\/wp-content\/uploads\/2025\/11\/Boaforsen-utbyggnad-300x117.jpg 300w, https:\/\/ingemar.alenas.se\/wp-content\/uploads\/2025\/11\/Boaforsen-utbyggnad-768x299.jpg 768w, https:\/\/ingemar.alenas.se\/wp-content\/uploads\/2025\/11\/Boaforsen-utbyggnad-1536x597.jpg 1536w, https:\/\/ingemar.alenas.se\/wp-content\/uploads\/2025\/11\/Boaforsen-utbyggnad.jpg 1986w\" sizes=\"auto, (max-width: 1024px) 100vw, 1024px\" \/><\/a><figcaption class=\"wp-element-caption\">1964 \u00c4tradalen nedstr\u00f6ms Yngeredsforsdammen torrlades och \u00c4tradalen uppstr\u00f6ms \u00f6verd\u00e4mdes. Inv\u00e5nare i \u00c4tradalen fick offra sina hem och flytta f\u00f6r att Sverige skulle f\u00e5 el. Kulturbygden med laxen dr\u00e4nktes och f\u00f6rsvann under ytan. Laxen \u00e5terkommer snabbt vid en \u00e5terst\u00e4llning. Det \u00e4r en f\u00f6ruts\u00e4ttning f\u00f6r att \u00e5terf\u00e5 bygdens kulturliv.<\/figcaption><\/figure>\n\n\n\n<figure class=\"wp-block-image size-large\"><a href=\"https:\/\/ingemar.alenas.se\/wp-content\/uploads\/2025\/11\/Ballforsen-laxmetare.jpg\"><img loading=\"lazy\" decoding=\"async\" width=\"1024\" height=\"560\" src=\"https:\/\/ingemar.alenas.se\/wp-content\/uploads\/2025\/11\/Ballforsen-laxmetare-1024x560.jpg\" alt=\"\" class=\"wp-image-16652\" srcset=\"https:\/\/ingemar.alenas.se\/wp-content\/uploads\/2025\/11\/Ballforsen-laxmetare-1024x560.jpg 1024w, https:\/\/ingemar.alenas.se\/wp-content\/uploads\/2025\/11\/Ballforsen-laxmetare-300x164.jpg 300w, https:\/\/ingemar.alenas.se\/wp-content\/uploads\/2025\/11\/Ballforsen-laxmetare-768x420.jpg 768w, https:\/\/ingemar.alenas.se\/wp-content\/uploads\/2025\/11\/Ballforsen-laxmetare-1536x840.jpg 1536w, https:\/\/ingemar.alenas.se\/wp-content\/uploads\/2025\/11\/Ballforsen-laxmetare.jpg 1910w\" sizes=\"auto, (max-width: 1024px) 100vw, 1024px\" \/><\/a><\/figure>\n\n\n\n<p>M\u00e5nga ville skydda laxen, men i debatten var det f\u00e5 som f\u00f6rsvarade vildlaxen f\u00f6r dess egen skull. I st\u00e4llet lyftes laxodling fram som ett relativt okontroversiellt alternativ. N\u00e4r det g\u00e4ller \u00c4tran anlades fiskodlingar vid Horsaveka samt vid Herting i Falkenberg.<\/p>\n\n\n\n<p>Till skillnad fr\u00e5n vattenkraften i Norrland \u00e4r vattenkraften i s\u00f6dra Sverige inte av n\u00e5gon st\u00f6rre betydelse som reglerkraft. Vattenkraften skall nu ompr\u00f6vas enligt modern milj\u00f6lagstiftning. Laxen \u00e4r Hallands landskapsfisk och till skillnad fr\u00e5n i Norrland, \u00e4r det betydligt l\u00e4ttare att restaurera laxens uppv\u00e4xtomr\u00e5den och fria vandring i s\u00f6dra Sverige.<\/p>\n\n\n\n<p>Hertingprojektet och Stock\u00e5n i \u00c4tran \u00e4r goda exempel p\u00e5 d\u00e4r lyckade \u00e5tg\u00e4rder f\u00f6r laxens fria vandring och \u00e5terst\u00e4llda lekomr\u00e5den genomf\u00f6rts. L\u00e4nsstyrelsen i Halland har ber\u00e4knat det socioekonomiska v\u00e4rdet av Hertingprojektet till plus 65 miljoner kronor sedan alla kostnader \u00e4r inkluderade. Detta \u00f6kar ocks\u00e5 intresset f\u00f6r att genomf\u00f6ra \u00e5tg\u00e4rder uppstr\u00f6ms och ytterligare f\u00f6rb\u00e4ttra \u00c4trans laxbest\u00e5nd och \u00e5terta en del av det f\u00f6rlorade kulturarvet.<\/p>\n\n\n\n<p>N\u00e4sta kraftverksdamm uppstr\u00f6ms Herting \u00e4r \u00c4traforsdammen vid den gamla R\u00e4vigeforsen. En restaurering och \u00e5terst\u00e4llning av den tidigare forsen och uppv\u00e4xtomr\u00e5den skulle \u00e5terl\u00e4mna en stor del av Hallands tidigare laxproduktion. Laxkulturen i \u00c4tradalen har en god potential att \u00e5teruppr\u00e4ttas! Se de historiska bilderna p\u00e5 omr\u00e5det vid \u00c4trafors kraftverksadamm nedan. <\/p>\n\n\n\n<figure class=\"wp-block-image size-large\"><a href=\"https:\/\/ingemar.alenas.se\/wp-content\/uploads\/2025\/11\/Ravigeforsen.jpg\"><img loading=\"lazy\" decoding=\"async\" width=\"1024\" height=\"631\" src=\"https:\/\/ingemar.alenas.se\/wp-content\/uploads\/2025\/11\/Ravigeforsen-1024x631.jpg\" alt=\"\" class=\"wp-image-16658\" srcset=\"https:\/\/ingemar.alenas.se\/wp-content\/uploads\/2025\/11\/Ravigeforsen-1024x631.jpg 1024w, https:\/\/ingemar.alenas.se\/wp-content\/uploads\/2025\/11\/Ravigeforsen-300x185.jpg 300w, https:\/\/ingemar.alenas.se\/wp-content\/uploads\/2025\/11\/Ravigeforsen-768x473.jpg 768w, https:\/\/ingemar.alenas.se\/wp-content\/uploads\/2025\/11\/Ravigeforsen-1536x946.jpg 1536w, https:\/\/ingemar.alenas.se\/wp-content\/uploads\/2025\/11\/Ravigeforsen.jpg 1701w\" sizes=\"auto, (max-width: 1024px) 100vw, 1024px\" \/><\/a><\/figure>\n\n\n\n<p>Hallands\u00e5arna har till skillnad fr\u00e5n Norrlands\u00e4lvarna en stor potential att restaureras och \u00e5terst\u00e4llas i sitt ursprungliga, op\u00e5verkade skick till en mycket begr\u00e4nsad p\u00e5verkan p\u00e5 Sveriges samlade kraftproduktion. \u00c5dalarnas kulturarv och h\u00e5llbara livsmedelsproduktion \u00e4r fr\u00e5n beredskapssynpunkt mycket v\u00e4rdefulla. Socioekonomiska v\u00e4rden, bevarandev\u00e4rden och skyddsv\u00e4rden handlar \u00e5rligen om niosiffriga belopp.<\/p>\n\n\n\n<p>EU:s vattendirektiv, restaureringsf\u00f6rordning och \u00e5lf\u00f6rordning har antagits som svensk lag och kr\u00e4ver att en stor del av Sveriges vattendrag restaureras. En milj\u00f6pr\u00f6vning av \u00c4trafors har potential att \u00e5terge Halland en laxproduktion som \u00e4r i samma storleksordning som nuvarande vildlaxproduktion i samtliga hallands 24 nuvarande vattendrag med Atlantlax! Det \u00e4r nu viktigt att vi ser till helheten och inte enbart flyttar en st\u00f6testen h\u00e4r och d\u00e4r. <\/p>\n\n\n\n<p>\u00c5terst\u00e4llning vid \u00c4trafors, Yngeredsfors, Boaforsen, B\u00e4llforsen, Skogsforsen och Sk\u00e5pan\u00e4s forsar skulle inneb\u00e4ra att ett viktigt v\u00e4rldsarv togs om hand i den internationellt betydelsefulla Index\u00e4lven \u00c4tran.<\/p>\n\n\n\n<p>L\u00e4s doktorsavhandlinen om vildlaxen och kulturarvet <a href=\"https:\/\/forskning.se\/2025\/10\/15\/laxfiskekulturen-som-forsvann-2\/?fbclid=IwY2xjawOOhTtleHRuA2FlbQIxMQBzcnRjBmFwcF9pZBAyMjIwMzkxNzg4MjAwODkyAAEe6sq2HajxKN1vctQtwLTR5uXety6NBER-tDGgzp9ix5mEVOg12XJ5-HftR7c_aem_9G9MnPHS8ISx3hbkvR1qzg\">h\u00e4r.<\/a><\/p>\n","protected":false},"excerpt":{"rendered":"<p>Utbyggnaden av vattenkraft under 1900-talet slog h\u00e5rt mot vildlaxen i de hall\u00e4ndska \u00e5arna och \u00c4trans dalg\u00e5ng. En tusen\u00e5rig kultur f\u00f6r\u00e4ndrades p\u00e5 n\u00e5gra \u00e5rtionden. Lyckade projekt visar nu att en \u00e5terst\u00e4llning fortfarande \u00e4r b\u00e5de m\u00f6jlig och rimlig. En doktorsavhandling av Johan Cederqvist vid Lule\u00e5 universitet behandlar fr\u00e5gan om vildlaxens f\u00f6rsvinnande i samband med vattenkraftens utbyggnad i &hellip; <a href=\"https:\/\/ingemar.alenas.se\/?p=16647\" class=\"more-link\">Forts\u00e4tt l\u00e4sa <span class=\"screen-reader-text\">R\u00e4dda \u00c4tranlaxen &#8211; r\u00e4dda kulturarvet<\/span> <span class=\"meta-nav\">&rarr;<\/span><\/a><\/p>\n","protected":false},"author":1,"featured_media":7407,"comment_status":"closed","ping_status":"closed","sticky":false,"template":"","format":"standard","meta":{"ngg_post_thumbnail":0,"footnotes":""},"categories":[2,3],"tags":[],"class_list":["post-16647","post","type-post","status-publish","format-standard","has-post-thumbnail","hentry","category-naturnytt","category-vattenblank"],"_links":{"self":[{"href":"https:\/\/ingemar.alenas.se\/index.php?rest_route=\/wp\/v2\/posts\/16647","targetHints":{"allow":["GET"]}}],"collection":[{"href":"https:\/\/ingemar.alenas.se\/index.php?rest_route=\/wp\/v2\/posts"}],"about":[{"href":"https:\/\/ingemar.alenas.se\/index.php?rest_route=\/wp\/v2\/types\/post"}],"author":[{"embeddable":true,"href":"https:\/\/ingemar.alenas.se\/index.php?rest_route=\/wp\/v2\/users\/1"}],"replies":[{"embeddable":true,"href":"https:\/\/ingemar.alenas.se\/index.php?rest_route=%2Fwp%2Fv2%2Fcomments&post=16647"}],"version-history":[{"count":27,"href":"https:\/\/ingemar.alenas.se\/index.php?rest_route=\/wp\/v2\/posts\/16647\/revisions"}],"predecessor-version":[{"id":16685,"href":"https:\/\/ingemar.alenas.se\/index.php?rest_route=\/wp\/v2\/posts\/16647\/revisions\/16685"}],"wp:featuredmedia":[{"embeddable":true,"href":"https:\/\/ingemar.alenas.se\/index.php?rest_route=\/wp\/v2\/media\/7407"}],"wp:attachment":[{"href":"https:\/\/ingemar.alenas.se\/index.php?rest_route=%2Fwp%2Fv2%2Fmedia&parent=16647"}],"wp:term":[{"taxonomy":"category","embeddable":true,"href":"https:\/\/ingemar.alenas.se\/index.php?rest_route=%2Fwp%2Fv2%2Fcategories&post=16647"},{"taxonomy":"post_tag","embeddable":true,"href":"https:\/\/ingemar.alenas.se\/index.php?rest_route=%2Fwp%2Fv2%2Ftags&post=16647"}],"curies":[{"name":"wp","href":"https:\/\/api.w.org\/{rel}","templated":true}]}}