{"id":16624,"date":"2025-11-06T21:53:26","date_gmt":"2025-11-06T21:53:26","guid":{"rendered":"https:\/\/ingemar.alenas.se\/?p=16624"},"modified":"2025-11-06T22:21:51","modified_gmt":"2025-11-06T22:21:51","slug":"nya-forskarrad-for-att-bevara-europas-albestand","status":"publish","type":"post","link":"https:\/\/ingemar.alenas.se\/?p=16624","title":{"rendered":"Nya forskarr\u00e5d f\u00f6r att bevara Europas \u00e5lbest\u00e5nd"},"content":{"rendered":"\n<p><strong>2025-11-06 I Tisdags 4\/11 kom ICES nya forskarr\u00e5d f\u00f6r att bevara Europas hotade \u00e5lbest\u00e5nd.<\/strong> <strong>L\u00e4s mer <a href=\"https:\/\/ices-library.figshare.com\/articles\/report\/European_eel_i_Anguilla_anguilla_i_throughout_its_natural_range\/27203028?file=59290940\">h\u00e4r<\/a><\/strong><\/p>\n\n\n\n<p>ICES r\u00e5d \u00e4r att inget fiske efter \u00e5l skall f\u00f6rekomma under 2026 inom hela \u00e5lens utbredningsomr\u00e5de.<\/p>\n\n\n\n<p>ICES r\u00e5der vidare att all m\u00e4nsklig p\u00e5verkan som leder till att \u00e5len d\u00f6r skall &#8221;reduceras till noll&#8221;. L\u00e4get \u00e4r akut med en dramatisk minskning d\u00e5 endast 0,7% av &#8221;the basline average&#8221; fr\u00e5n 1960-1979 \u00e5terst\u00e5r.<\/p>\n\n\n\n<p>\u00c5lens habitat skall enligt ICES \u00e5terst\u00e4llas n\u00e4r det g\u00e4ller konnektivitet, fysik milj\u00f6 och kemisk milj\u00f6 samt biologiska egenskaper i milj\u00f6n. Sverige beslutar nu om neddragning i kalkningsverksamheten vilket kraftigt missgynnar produktionen av \u00e5l som minskar ca 50% i sura vatten. K\u00e4lla: Havs och Vattenmyndigheten rapport 2015:23.<\/p>\n\n\n\n<figure class=\"wp-block-image size-large\"><a href=\"https:\/\/ingemar.alenas.se\/wp-content\/uploads\/2025\/11\/Forekomst-av-arter-fore-och-efter-kalkning.jpg\"><img loading=\"lazy\" decoding=\"async\" width=\"1024\" height=\"508\" src=\"https:\/\/ingemar.alenas.se\/wp-content\/uploads\/2025\/11\/Forekomst-av-arter-fore-och-efter-kalkning-1024x508.jpg\" alt=\"\" class=\"wp-image-16631\" srcset=\"https:\/\/ingemar.alenas.se\/wp-content\/uploads\/2025\/11\/Forekomst-av-arter-fore-och-efter-kalkning-1024x508.jpg 1024w, https:\/\/ingemar.alenas.se\/wp-content\/uploads\/2025\/11\/Forekomst-av-arter-fore-och-efter-kalkning-300x149.jpg 300w, https:\/\/ingemar.alenas.se\/wp-content\/uploads\/2025\/11\/Forekomst-av-arter-fore-och-efter-kalkning-768x381.jpg 768w, https:\/\/ingemar.alenas.se\/wp-content\/uploads\/2025\/11\/Forekomst-av-arter-fore-och-efter-kalkning.jpg 1096w\" sizes=\"auto, (max-width: 1024px) 100vw, 1024px\" \/><\/a><\/figure>\n\n\n\n<p>L\u00e4get f\u00f6rklaras bra av Ami Hamberg Marin Policy officer CCB: <br>&#8221;F\u00f6rlusten av Europeisk \u00e5l inneb\u00e4r inte bara f\u00f6rlusten av en art utan signalerar kollaps av alla ekosystem som f\u00f6rbinder Europas floder med Sargassohavet. Att skydda \u00e5len handlar nu om att \u00e5terst\u00e4lla balansen i v\u00e5ra vatten&#8221;.<\/p>\n\n\n\n<p>L\u00e4nder som fortfarande landar \u00f6ver 100 ton \u00e5l 2024 \u00e4r Nederl\u00e4nderna (497t), Frankrike (319 t), Tyskland (&gt;200 t), Polen (152 t), Sverige (149 t) och Danmark (101 t).<\/p>\n\n\n\n<p>Alla \u00e5tg\u00e4rder \u00e4r viktiga i detta akuta l\u00e4ge. Men om alla \u00e5lyngel utest\u00e4ngs fr\u00e5n svenska inlandsvatten av kraftverksdammar, kan vi inte bidra till Europas \u00e5lproduktion. Om alla utvandrande blank\u00e5lar d\u00f6das i kraftverkens galler och turbiner bidrar vi inte heller till att ta v\u00e5rt gemensamma ansvar f\u00f6r produktionen av Europeisk \u00e5l. Vi bryter d\u00e5 mot \u00c5lf\u00f6rordningen vars lagar vi gemensamt antagit i samf\u00f6rst\u00e5nd med \u00f6vriga EU-l\u00e4nder. <\/p>\n\n\n\n<p>Vattenkraften \u00e4r nu under ompr\u00f6vning i Nationella Planen f\u00f6r vattenkraften. H\u00e4r finns goda m\u00f6jligheter f\u00f6r Sverige att agera s\u00e5 att \u00f6verlevnaden av Europeisk \u00e5l f\u00f6rb\u00e4ttras. Hertingprojektet visar att tekniken finns samt att \u00e5tg\u00e4rder dessutom \u00e4r socioekonomiskt l\u00f6nsamma f\u00f6r m\u00e4nniska och natur.<\/p>\n","protected":false},"excerpt":{"rendered":"<p>2025-11-06 I Tisdags 4\/11 kom ICES nya forskarr\u00e5d f\u00f6r att bevara Europas hotade \u00e5lbest\u00e5nd. L\u00e4s mer h\u00e4r ICES r\u00e5d \u00e4r att inget fiske efter \u00e5l skall f\u00f6rekomma under 2026 inom hela \u00e5lens utbredningsomr\u00e5de. ICES r\u00e5der vidare att all m\u00e4nsklig p\u00e5verkan som leder till att \u00e5len d\u00f6r skall &#8221;reduceras till noll&#8221;. L\u00e4get \u00e4r akut med en &hellip; <a href=\"https:\/\/ingemar.alenas.se\/?p=16624\" class=\"more-link\">Forts\u00e4tt l\u00e4sa <span class=\"screen-reader-text\">Nya forskarr\u00e5d f\u00f6r att bevara Europas \u00e5lbest\u00e5nd<\/span> <span class=\"meta-nav\">&rarr;<\/span><\/a><\/p>\n","protected":false},"author":1,"featured_media":15746,"comment_status":"closed","ping_status":"closed","sticky":false,"template":"","format":"standard","meta":{"ngg_post_thumbnail":0,"footnotes":""},"categories":[2,3],"tags":[],"class_list":["post-16624","post","type-post","status-publish","format-standard","has-post-thumbnail","hentry","category-naturnytt","category-vattenblank"],"_links":{"self":[{"href":"https:\/\/ingemar.alenas.se\/index.php?rest_route=\/wp\/v2\/posts\/16624","targetHints":{"allow":["GET"]}}],"collection":[{"href":"https:\/\/ingemar.alenas.se\/index.php?rest_route=\/wp\/v2\/posts"}],"about":[{"href":"https:\/\/ingemar.alenas.se\/index.php?rest_route=\/wp\/v2\/types\/post"}],"author":[{"embeddable":true,"href":"https:\/\/ingemar.alenas.se\/index.php?rest_route=\/wp\/v2\/users\/1"}],"replies":[{"embeddable":true,"href":"https:\/\/ingemar.alenas.se\/index.php?rest_route=%2Fwp%2Fv2%2Fcomments&post=16624"}],"version-history":[{"count":8,"href":"https:\/\/ingemar.alenas.se\/index.php?rest_route=\/wp\/v2\/posts\/16624\/revisions"}],"predecessor-version":[{"id":16634,"href":"https:\/\/ingemar.alenas.se\/index.php?rest_route=\/wp\/v2\/posts\/16624\/revisions\/16634"}],"wp:featuredmedia":[{"embeddable":true,"href":"https:\/\/ingemar.alenas.se\/index.php?rest_route=\/wp\/v2\/media\/15746"}],"wp:attachment":[{"href":"https:\/\/ingemar.alenas.se\/index.php?rest_route=%2Fwp%2Fv2%2Fmedia&parent=16624"}],"wp:term":[{"taxonomy":"category","embeddable":true,"href":"https:\/\/ingemar.alenas.se\/index.php?rest_route=%2Fwp%2Fv2%2Fcategories&post=16624"},{"taxonomy":"post_tag","embeddable":true,"href":"https:\/\/ingemar.alenas.se\/index.php?rest_route=%2Fwp%2Fv2%2Ftags&post=16624"}],"curies":[{"name":"wp","href":"https:\/\/api.w.org\/{rel}","templated":true}]}}