{"id":16611,"date":"2025-10-24T20:44:25","date_gmt":"2025-10-24T20:44:25","guid":{"rendered":"https:\/\/ingemar.alenas.se\/?p=16611"},"modified":"2025-10-24T21:24:04","modified_gmt":"2025-10-24T21:24:04","slug":"sveriges-nya-plan-for-alforvaltning","status":"publish","type":"post","link":"https:\/\/ingemar.alenas.se\/?p=16611","title":{"rendered":"Sveriges nya plan f\u00f6r \u00e5lf\u00f6rvaltning"},"content":{"rendered":"\n<p><strong>2025-10-24 Havs- och vattenmyndigheten har nu antagit en ny plan f\u00f6r den svenska \u00e5lf\u00f6rvaltningen. Den europeiska \u00e5len \u00e4r akut hotad och den svenska produktionen fr\u00e5n inlandsvattnen har minskat fr\u00e5n hundratals ton till endast 7 ton 2023.<\/strong><\/p>\n\n\n\n<p>Den europeiska \u00e5len har under \u00e5rtusenden alltid haft Sverige som ett viktigt omr\u00e5de f\u00f6r uppv\u00e4xt av stora \u00e5lhonor. Men n\u00e4r vattenkraften b\u00f6rjade bygga dammar under f\u00f6rsta h\u00e4lften av 1900-talet blev \u00e5len utest\u00e4ngd fr\u00e5n svenska vatten.<\/p>\n\n\n\n<p>D\u00e5 kom man p\u00e5 att flyga in vilda \u00e5lyngel fr\u00e5n England och h\u00e5lla i karant\u00e4n p\u00e5 Scandinavian Silver Eels anl\u00e4ggning i Helsingborg. En del av dessa \u00e5lyngel odlades f\u00f6r konsumtion (ca 140 ton) och n\u00e5gra hundra tusen sattes ut i svenska sj\u00f6ar uppstr\u00f6ms kraftverken.<\/p>\n\n\n\n<p>Hav f\u00f6rbj\u00f6d 2024 uts\u00e4ttning av dessa vilda \u00e5lyngel fr\u00e5n England i svenska vatten. Orsaken var dels att de drabbades av sjukdom och dels att de dog i vattenkraftens turbiner n\u00e4r de skulle vandra ut till havet.<\/p>\n\n\n\n<p>2024 och 2025 har det nu varit rea p\u00e5 vilda Engelska \u00e5lar p\u00e5 den svenska marknaden. P\u00e5 Facebook kan man l\u00e4sa om extrapris p\u00e5 &#8221;Scandinavium&#8221; Silvereels h\u00e4rliga, h\u00e5llbart odlade, r\u00f6kta \u00e5l! Tydligen har firman myndigheternas tillst\u00e5nd att importera vilda \u00e5lyngel f\u00f6r konsumtion vilket \u00e4r f\u00f6rv\u00e5nande.<\/p>\n\n\n\n<p>Att det skulle vara h\u00e5llbart att vi importerar vilda, hotade \u00e5lar fr\u00e5n England, matar dem med torrfoder i uppv\u00e4rmda bass\u00e4nger och d\u00e4refter r\u00f6ker dem f\u00f6r konsumtion \u00e4r naturligtvis helt felaktigt!<\/p>\n\n\n\n<p>\u00c4nnu v\u00e4rre \u00e4r att Sveriges f\u00f6rslag till ny \u00e5lf\u00f6rvaltning inneb\u00e4r att \u00e5len forts\u00e4tter att utest\u00e4ngas fr\u00e5n hundratusentals svenska vattendrag. En viktig naturresurs och beredsapstillg\u00e5ng riskerar att helt f\u00f6rsvinna fr\u00e5n v\u00e5ra svenska vatten! Traditionen med \u00e5lfiske och \u00e5l p\u00e5 julbordet g\u00e5r f\u00f6rlorad! Skyddsv\u00e4rdet av en \u00e5l \u00e4r enligt finsk lagstiftning 3510 \u20ac. Hundra gram r\u00f6kt \u00e5l kostar mellan 80 till 90 kronor.<\/p>\n\n\n\n<figure class=\"wp-block-image size-large\"><a href=\"https:\/\/ingemar.alenas.se\/wp-content\/uploads\/2025\/10\/Varsjo-gard-2024-12-13-silver-eel.jpg\"><img loading=\"lazy\" decoding=\"async\" width=\"1024\" height=\"958\" src=\"https:\/\/ingemar.alenas.se\/wp-content\/uploads\/2025\/10\/Varsjo-gard-2024-12-13-silver-eel-1024x958.jpg\" alt=\"\" class=\"wp-image-16613\" srcset=\"https:\/\/ingemar.alenas.se\/wp-content\/uploads\/2025\/10\/Varsjo-gard-2024-12-13-silver-eel-1024x958.jpg 1024w, https:\/\/ingemar.alenas.se\/wp-content\/uploads\/2025\/10\/Varsjo-gard-2024-12-13-silver-eel-300x281.jpg 300w, https:\/\/ingemar.alenas.se\/wp-content\/uploads\/2025\/10\/Varsjo-gard-2024-12-13-silver-eel-768x718.jpg 768w, https:\/\/ingemar.alenas.se\/wp-content\/uploads\/2025\/10\/Varsjo-gard-2024-12-13-silver-eel.jpg 1417w\" sizes=\"auto, (max-width: 1024px) 100vw, 1024px\" \/><\/a><\/figure>\n\n\n\n<figure class=\"wp-block-image size-large\"><a href=\"https:\/\/ingemar.alenas.se\/wp-content\/uploads\/2025\/10\/2025-05-17-Varsjo-Gard-extrapris-pa-Silver-eel.jpg\"><img loading=\"lazy\" decoding=\"async\" width=\"1024\" height=\"958\" src=\"https:\/\/ingemar.alenas.se\/wp-content\/uploads\/2025\/10\/2025-05-17-Varsjo-Gard-extrapris-pa-Silver-eel-1024x958.jpg\" alt=\"\" class=\"wp-image-16614\" srcset=\"https:\/\/ingemar.alenas.se\/wp-content\/uploads\/2025\/10\/2025-05-17-Varsjo-Gard-extrapris-pa-Silver-eel-1024x958.jpg 1024w, https:\/\/ingemar.alenas.se\/wp-content\/uploads\/2025\/10\/2025-05-17-Varsjo-Gard-extrapris-pa-Silver-eel-300x281.jpg 300w, https:\/\/ingemar.alenas.se\/wp-content\/uploads\/2025\/10\/2025-05-17-Varsjo-Gard-extrapris-pa-Silver-eel-768x718.jpg 768w, https:\/\/ingemar.alenas.se\/wp-content\/uploads\/2025\/10\/2025-05-17-Varsjo-Gard-extrapris-pa-Silver-eel.jpg 1179w\" sizes=\"auto, (max-width: 1024px) 100vw, 1024px\" \/><\/a><\/figure>\n","protected":false},"excerpt":{"rendered":"<p>2025-10-24 Havs- och vattenmyndigheten har nu antagit en ny plan f\u00f6r den svenska \u00e5lf\u00f6rvaltningen. Den europeiska \u00e5len \u00e4r akut hotad och den svenska produktionen fr\u00e5n inlandsvattnen har minskat fr\u00e5n hundratals ton till endast 7 ton 2023. Den europeiska \u00e5len har under \u00e5rtusenden alltid haft Sverige som ett viktigt omr\u00e5de f\u00f6r uppv\u00e4xt av stora \u00e5lhonor. Men &hellip; <a href=\"https:\/\/ingemar.alenas.se\/?p=16611\" class=\"more-link\">Forts\u00e4tt l\u00e4sa <span class=\"screen-reader-text\">Sveriges nya plan f\u00f6r \u00e5lf\u00f6rvaltning<\/span> <span class=\"meta-nav\">&rarr;<\/span><\/a><\/p>\n","protected":false},"author":1,"featured_media":16612,"comment_status":"closed","ping_status":"closed","sticky":false,"template":"","format":"standard","meta":{"ngg_post_thumbnail":0,"footnotes":""},"categories":[2,3],"tags":[],"class_list":["post-16611","post","type-post","status-publish","format-standard","has-post-thumbnail","hentry","category-naturnytt","category-vattenblank"],"_links":{"self":[{"href":"https:\/\/ingemar.alenas.se\/index.php?rest_route=\/wp\/v2\/posts\/16611","targetHints":{"allow":["GET"]}}],"collection":[{"href":"https:\/\/ingemar.alenas.se\/index.php?rest_route=\/wp\/v2\/posts"}],"about":[{"href":"https:\/\/ingemar.alenas.se\/index.php?rest_route=\/wp\/v2\/types\/post"}],"author":[{"embeddable":true,"href":"https:\/\/ingemar.alenas.se\/index.php?rest_route=\/wp\/v2\/users\/1"}],"replies":[{"embeddable":true,"href":"https:\/\/ingemar.alenas.se\/index.php?rest_route=%2Fwp%2Fv2%2Fcomments&post=16611"}],"version-history":[{"count":6,"href":"https:\/\/ingemar.alenas.se\/index.php?rest_route=\/wp\/v2\/posts\/16611\/revisions"}],"predecessor-version":[{"id":16622,"href":"https:\/\/ingemar.alenas.se\/index.php?rest_route=\/wp\/v2\/posts\/16611\/revisions\/16622"}],"wp:featuredmedia":[{"embeddable":true,"href":"https:\/\/ingemar.alenas.se\/index.php?rest_route=\/wp\/v2\/media\/16612"}],"wp:attachment":[{"href":"https:\/\/ingemar.alenas.se\/index.php?rest_route=%2Fwp%2Fv2%2Fmedia&parent=16611"}],"wp:term":[{"taxonomy":"category","embeddable":true,"href":"https:\/\/ingemar.alenas.se\/index.php?rest_route=%2Fwp%2Fv2%2Fcategories&post=16611"},{"taxonomy":"post_tag","embeddable":true,"href":"https:\/\/ingemar.alenas.se\/index.php?rest_route=%2Fwp%2Fv2%2Ftags&post=16611"}],"curies":[{"name":"wp","href":"https:\/\/api.w.org\/{rel}","templated":true}]}}