{"id":15702,"date":"2025-01-19T11:43:27","date_gmt":"2025-01-19T11:43:27","guid":{"rendered":"https:\/\/ingemar.alenas.se\/?p=15702"},"modified":"2025-01-19T22:28:40","modified_gmt":"2025-01-19T22:28:40","slug":"700-av-havets-sjoarnas-och-forsarnas-hjaltar-firade-pa-draken-i-goteborg","status":"publish","type":"post","link":"https:\/\/ingemar.alenas.se\/?p=15702","title":{"rendered":"700 av havets, sj\u00f6arnas och forsarnas hj\u00e4ltar firade p\u00e5 Draken i G\u00f6teborg"},"content":{"rendered":"\n<p><strong>2025-01-19 I g\u00e5r var det smygpremi\u00e4r f\u00f6r S\u00e4song 2 av SVT-produktionen &#8221;Fiskarnas rike&#8221;.  Produktionen skriver svensk filmhistoria d\u00e5 inget liknande tidigare visats p\u00e5 Svensk TV.<\/strong><\/p>\n\n\n\n<p>F\u00f6r \u00f6ver 70 \u00e5r sedan gjorde Arne Sucksdorffs svenska naturfilm &#8221;Det stora \u00c4ventyret&#8221; internationell succ\u00e9 och vann priser s\u00e5v\u00e4l p\u00e5 filmfestivalen i Cannes som i Berlin&#8230;. <br><br>F\u00f6r att j\u00e4mf\u00f6ra Fiskarnas Rike med internationella produktioner av naturfilm kommer man att t\u00e4nka p\u00e5 Sir David Attenborough och BBC s p\u00e5kostade naturdokument\u00e4rer som visar exotisk natur fr\u00e5n hela v\u00e4rlden.<\/p>\n\n\n\n<figure class=\"wp-block-image size-large\"><a href=\"https:\/\/ingemar.alenas.se\/wp-content\/uploads\/2025\/01\/IMG20250118163732.jpg\"><img loading=\"lazy\" decoding=\"async\" width=\"1024\" height=\"705\" src=\"https:\/\/ingemar.alenas.se\/wp-content\/uploads\/2025\/01\/IMG20250118163732-1024x705.jpg\" alt=\"\" class=\"wp-image-15712\" srcset=\"https:\/\/ingemar.alenas.se\/wp-content\/uploads\/2025\/01\/IMG20250118163732-1024x705.jpg 1024w, https:\/\/ingemar.alenas.se\/wp-content\/uploads\/2025\/01\/IMG20250118163732-300x207.jpg 300w, https:\/\/ingemar.alenas.se\/wp-content\/uploads\/2025\/01\/IMG20250118163732-768x529.jpg 768w, https:\/\/ingemar.alenas.se\/wp-content\/uploads\/2025\/01\/IMG20250118163732-1536x1058.jpg 1536w, https:\/\/ingemar.alenas.se\/wp-content\/uploads\/2025\/01\/IMG20250118163732.jpg 2000w\" sizes=\"auto, (max-width: 1024px) 100vw, 1024px\" \/><\/a><figcaption class=\"wp-element-caption\">F\u00f6rhandsvisningen var p\u00e5 Draken i G\u00f6teborg. Missa inte visningarna av s\u00e4song 2 p\u00e5 SVT 2 med start den 29 januari!<\/figcaption><\/figure>\n\n\n\n<p>N\u00e5got motsvarande har saknats fr\u00e5n den unika svenska naturen. Fiskarnas Rike Del 1 fyllde en del av detta tomrum. Vi fick direkt i tv-soffan ta del av unika bilder fr\u00e5n livet under ytan, s\u00e5 som det gestaltar sig i tiotusentals svenska sj\u00f6ar och vattendrag.<\/p>\n\n\n\n<p>Nu kommer S\u00e4song 2 av Fiskarnas rike med ytterligare unika bilder fr\u00e5n fiskarnas liv i hav, sj\u00f6ar och vattendrag. Hur \u00e4r det m\u00f6jligt att SVT med hj\u00e4lp av Ecofilm och deras familjeteam best\u00e5ende av Martin Falklind, Maria \u00c5hlander och Johan Falklind med begr\u00e4nsade resurser lyckats producera film av v\u00e4rldsklass? F\u00f6rutom teamets unika &#8221;skills&#8221; och naturn\u00e4ra k\u00e4nsla ligger en del av hemligheten i den svenska folksj\u00e4len d\u00e4r intresset f\u00f6r naturen \u00e4r djupt rotat.<\/p>\n\n\n\n<p>700 inbjudna natur\u00e4lskare har p\u00e5 olika s\u00e4tt bidragit med sina str\u00e5n till att bygga m\u00e4sterverket om &#8221;Fiskarnas Rike&#8221;. Vid denna &#8221;v\u00e4rldspremi\u00e4r&#8221; fick &#8221;Superhj\u00e4lten&#8221; och ton\u00e5ringen Edvin vara en v\u00e4rdig representant f\u00f6r alla dessa hj\u00e4ltar. Edvin gr\u00e4vde efter varje skoldag sj\u00e4lv n\u00e5gon timma p\u00e5 en sidof\u00e5ra till en \u00e5 d\u00e4r fiskarna kunde leva. N\u00e4r kraftbolaget st\u00e4ngde av vattnet ringde Edvin till bolaget. Edvin fick vatten, 5 kbm\/s s\u00e5 att fiskarna kunde \u00f6verleva. Edvin analyserar: <em><strong>&#8221;Ingen kan g\u00f6ra allt men alla kan g\u00f6ra n\u00e5got&#8221;.<\/strong><\/em> Edvins v\u00e4djan g\u00e5r till alla, s\u00e5v\u00e4l bolag som politiker, myndigheter och naturv\u00e5rdare, alla kan g\u00f6ra skillnad i Fiskarnas Rike.<\/p>\n\n\n\n<figure class=\"wp-block-image size-large\"><a href=\"https:\/\/ingemar.alenas.se\/wp-content\/uploads\/2025\/01\/IMG20250118205031.jpg\"><img loading=\"lazy\" decoding=\"async\" width=\"1024\" height=\"894\" src=\"https:\/\/ingemar.alenas.se\/wp-content\/uploads\/2025\/01\/IMG20250118205031-1024x894.jpg\" alt=\"\" class=\"wp-image-15714\" srcset=\"https:\/\/ingemar.alenas.se\/wp-content\/uploads\/2025\/01\/IMG20250118205031-1024x894.jpg 1024w, https:\/\/ingemar.alenas.se\/wp-content\/uploads\/2025\/01\/IMG20250118205031-300x262.jpg 300w, https:\/\/ingemar.alenas.se\/wp-content\/uploads\/2025\/01\/IMG20250118205031-768x670.jpg 768w, https:\/\/ingemar.alenas.se\/wp-content\/uploads\/2025\/01\/IMG20250118205031-1536x1341.jpg 1536w, https:\/\/ingemar.alenas.se\/wp-content\/uploads\/2025\/01\/IMG20250118205031.jpg 1840w\" sizes=\"auto, (max-width: 1024px) 100vw, 1024px\" \/><\/a><figcaption class=\"wp-element-caption\">Ett glatt premi\u00e4rg\u00e4ng med sillar och hajar i Fiskarnas Rike. Missa inte S\u00e4song 2 av denna unika naturdokument\u00e4r som startar 29 januari<\/figcaption><\/figure>\n\n\n\n<p>Fiskarnas Rike visar nu i S\u00e4song 2 fler unika, svenska naturscener med ett antal goda exempel fr\u00e5n n\u00e5gra av de 700 hj\u00e4ltar som utg\u00f6r basen i denna unika naturdokument\u00e4r. Det \u00e4r en svensk &#8221;urkraft&#8221; som sl\u00e4pps loss och som inte kan l\u00e4mna n\u00e5gon ober\u00f6rd.<\/p>\n\n\n\n<p>Fiskarnas rike Del 1 har redan 2023 vunnit Gold Award i \u201dUS International Awards\u201d i Los Angeles i kategorin b\u00e4sta \u201dNature &amp; Wildlife Documentary\u201d.<\/p>\n\n\n\n<p>Missa inte S\u00e4song 2 av Fiskarnas Rike; ni f\u00e5r se en naturdokument\u00e4r av v\u00e4rldsklass. Det \u00e4r en viktig \u00f6gon\u00f6ppnare som ger oss inblick i v\u00e4rdet av Sveriges unika natur och hur viktigt det \u00e4r att vi l\u00e5ter den leva vidare till gl\u00e4dje f\u00f6r kommande generationer.<\/p>\n\n\n\n<p>Tack Martin, Teamet och SVT f\u00f6r att ni visar svenska folket Fiskarnas Rike! Tack f\u00f6r att vi fick vara n\u00e5gra av de naturv\u00e4nner som fick delta och dra ett litet str\u00e5 till stacken!<\/p>\n","protected":false},"excerpt":{"rendered":"<p>2025-01-19 I g\u00e5r var det smygpremi\u00e4r f\u00f6r S\u00e4song 2 av SVT-produktionen &#8221;Fiskarnas rike&#8221;. Produktionen skriver svensk filmhistoria d\u00e5 inget liknande tidigare visats p\u00e5 Svensk TV. F\u00f6r \u00f6ver 70 \u00e5r sedan gjorde Arne Sucksdorffs svenska naturfilm &#8221;Det stora \u00c4ventyret&#8221; internationell succ\u00e9 och vann priser s\u00e5v\u00e4l p\u00e5 filmfestivalen i Cannes som i Berlin&#8230;. F\u00f6r att j\u00e4mf\u00f6ra Fiskarnas &hellip; <a href=\"https:\/\/ingemar.alenas.se\/?p=15702\" class=\"more-link\">Forts\u00e4tt l\u00e4sa <span class=\"screen-reader-text\">700 av havets, sj\u00f6arnas och forsarnas hj\u00e4ltar firade p\u00e5 Draken i G\u00f6teborg<\/span> <span class=\"meta-nav\">&rarr;<\/span><\/a><\/p>\n","protected":false},"author":1,"featured_media":15711,"comment_status":"closed","ping_status":"closed","sticky":false,"template":"","format":"standard","meta":{"ngg_post_thumbnail":0,"footnotes":""},"categories":[2,3],"tags":[],"class_list":["post-15702","post","type-post","status-publish","format-standard","has-post-thumbnail","hentry","category-naturnytt","category-vattenblank"],"_links":{"self":[{"href":"https:\/\/ingemar.alenas.se\/index.php?rest_route=\/wp\/v2\/posts\/15702","targetHints":{"allow":["GET"]}}],"collection":[{"href":"https:\/\/ingemar.alenas.se\/index.php?rest_route=\/wp\/v2\/posts"}],"about":[{"href":"https:\/\/ingemar.alenas.se\/index.php?rest_route=\/wp\/v2\/types\/post"}],"author":[{"embeddable":true,"href":"https:\/\/ingemar.alenas.se\/index.php?rest_route=\/wp\/v2\/users\/1"}],"replies":[{"embeddable":true,"href":"https:\/\/ingemar.alenas.se\/index.php?rest_route=%2Fwp%2Fv2%2Fcomments&post=15702"}],"version-history":[{"count":17,"href":"https:\/\/ingemar.alenas.se\/index.php?rest_route=\/wp\/v2\/posts\/15702\/revisions"}],"predecessor-version":[{"id":15726,"href":"https:\/\/ingemar.alenas.se\/index.php?rest_route=\/wp\/v2\/posts\/15702\/revisions\/15726"}],"wp:featuredmedia":[{"embeddable":true,"href":"https:\/\/ingemar.alenas.se\/index.php?rest_route=\/wp\/v2\/media\/15711"}],"wp:attachment":[{"href":"https:\/\/ingemar.alenas.se\/index.php?rest_route=%2Fwp%2Fv2%2Fmedia&parent=15702"}],"wp:term":[{"taxonomy":"category","embeddable":true,"href":"https:\/\/ingemar.alenas.se\/index.php?rest_route=%2Fwp%2Fv2%2Fcategories&post=15702"},{"taxonomy":"post_tag","embeddable":true,"href":"https:\/\/ingemar.alenas.se\/index.php?rest_route=%2Fwp%2Fv2%2Ftags&post=15702"}],"curies":[{"name":"wp","href":"https:\/\/api.w.org\/{rel}","templated":true}]}}