{"id":15644,"date":"2025-01-10T15:34:01","date_gmt":"2025-01-10T15:34:01","guid":{"rendered":"https:\/\/ingemar.alenas.se\/?p=15644"},"modified":"2025-01-10T15:41:31","modified_gmt":"2025-01-10T15:41:31","slug":"tillstand-att-doda-atrans-alar-laxar-gosar-mortar-och-lakar","status":"publish","type":"post","link":"https:\/\/ingemar.alenas.se\/?p=15644","title":{"rendered":"Tillst\u00e5nd att d\u00f6da \u00c4trans \u00e5lar, laxar, g\u00f6sar, m\u00f6rtar och lakar."},"content":{"rendered":"\n<p><strong>2025-01-10 Vattenkraftens tillst\u00e5nd att d\u00f6da \u00c4trans fiskar och k\u00f6ra dem till tippen ifr\u00e5gas\u00e4tts nu av EU-kommissionen som har inlett ett \u00f6vertr\u00e4delse\u00e4rende i fr\u00e5gan mot Sverige.<\/strong><\/p>\n\n\n\n<p>EU-kommissionen vidtar r\u00e4ttsliga \u00e5tg\u00e4rder mot de medlemsl\u00e4nder som inte fullg\u00f6r sina skyldigheter enligt EU-r\u00e4tten i regelbundna paket med <a href=\"https:\/\/ec.europa.eu\/commission\/presscorner\/detail\/sv\/inf_24_6006\">\u00f6vertr\u00e4delsebeslut<\/a>. Kommissionen har beslutat att inleda ett \u00f6vertr\u00e4delsef\u00f6rfarande genom att skicka en formell underr\u00e4ttelse till<strong>&nbsp;Sverige&nbsp;<\/strong>(INFR(2024)2236)<strong>&nbsp;<\/strong>f\u00f6r underl\u00e5telse att uppfylla sina skyldigheter enligt ramdirektivet f\u00f6r vatten (<a href=\"https:\/\/eur-lex.europa.eu\/legal-content\/SV\/TXT\/?uri=CELEX:32000L0060\">direktiv 2000\/60\/EG<\/a>).<\/p>\n\n\n\n<p>Enligt direktivet ska medlemsl\u00e4nderna inr\u00e4tta ett \u00e5tg\u00e4rdsprogram f\u00f6r varje avrinningsdistrikt f\u00f6r att s\u00e4kerst\u00e4lla god status f\u00f6r europeiska vattenf\u00f6rekomster, s\u00e5som floder och sj\u00f6ar. Kommissionen pekar s\u00e4rskilt p\u00e5 att majoriteten av Sveriges vattenkraftsdammar drivs p\u00e5 grundval av tillst\u00e5nd fr\u00e5n mellan 1918 och 1978 och har negativa effekter p\u00e5 flodernas biologiska m\u00e5ngfald. <\/p>\n\n\n\n<p>\u00c4tran har kommit att bli ett varnande exempel p\u00e5 hur fel det kan g\u00e5 n\u00e4r gammal lagstiftning anv\u00e4nds s\u00e5 att den ger &#8221;licence to kill&#8221; ist\u00e4llet f\u00f6r att skydda naturresurserna s\u00e5 som det var t\u00e4nkt. Redan 2006 visade Naturv\u00e5rdsverkets tidning Milj\u00f6aktuellt bilder p\u00e5 h\u00f6gar av d\u00f6da \u00e5lar fr\u00e5n \u00c4tran. <\/p>\n\n\n\n<p>SVTs &#8221;Uppdrag granskning&#8221; och &#8221;Fiskarnas rike&#8221; har fr\u00e5n 2021 och fram\u00e5t visat flera programinslag med d\u00f6ende \u00e5lar och laxar vid \u00c4trans kraftverk. Hur kommer det sig att detta d\u00f6dande f\u00e5tt fortg\u00e5 under decennier och fortfarande p\u00e5g\u00e5r 2025?<\/p>\n\n\n\n<p>\u00c5lplaner har uppr\u00e4ttats i flera vattendrag. \u00c5lplan \u00c4tran g\u00e4ller enligt l\u00e4nsstyrelsen i Halland f\u00f6r \u00c4tran. Enligt stadgarnas \u00a72 \u00e4r kraftbolagen befriade fr\u00e5n g\u00e4llande vattendomar om fiskens fria vandring mot att de bekostar omflyttning av ett f\u00e5tal \u00e5lyngel. Varken Havs- och Vattenmyndigeten eller L\u00e4nsstyrelsen har dock r\u00e5dighet att \u00e4ndra i g\u00e4llande vattendomar och d\u00e4rmed till\u00e5ta utest\u00e4ngande av naturlig vandring av \u00e5lyngel och p\u00e5g\u00e5ende slakt av lekvandrande \u00e5l. <br>Omflyttning av \u00e5lyngel anses inte l\u00e4ngre vara en \u00e5tg\u00e4rd som p\u00e5verkar \u00e5lbest\u00e5ndet positivt. Omflyttning av importerade \u00e5lyngel f\u00f6rbj\u00f6ds i Sverige 2024.<\/p>\n\n\n\n<p>Utvandringen av blank\u00e5l fr\u00e5n \u00c4tran har minskat fr\u00e5n \u00f6ver 100 000 till ca 5 000 \u00e5r 2010. Utvandringen <strong>forts\u00e4tter att minska<\/strong> och r\u00e4kningen vid \u00c4trafors visar att nu \u00e4r utvandringen d\u00e4r mindre \u00e4n 200 blank\u00e5lar per \u00e5r. Enligt \u00e5lf\u00f6rordningen skall 40% av den ursprungliga produktionen av blank\u00e5l r\u00e4ddas. FORMAS internationella utv\u00e4rdering 2025 av svensk \u00e5lf\u00f6rvaltning visar att vattenkraften \u00e4r fr\u00e4msta orsaken till \u00e5lens kollaps i Sverige. \u00c5len minskar inte bara i \u00c4tran utan i alla svenska vattendrag.<\/p>\n\n\n\n<p>Vattendomarna i \u00c4tran bygger ocks\u00e5 p\u00e5 f\u00f6r\u00e5ldrad lagstiftninig, d\u00e4rf\u00f6r \u00e4r det positivt att EU-kommissionen nu uppm\u00e4rksammar detta i ett \u00f6vertr\u00e4delsebeslut. \u00c4tran nedstr\u00f6ms \u00c4trafors vattenkraftverk \u00e4r N2000 omr\u00e5de bl.a. p\u00e5 grund av riklig f\u00f6rekomst av atlantlax. Laxens \u00f6verlevnad har minskat fr\u00e5n 70 000 smolt till 9 000 smolt p\u00e5 grund av korttidsreglering. Tillsynsmyndigheten s\u00e4ger att kraftbolaget har <strong>tillst\u00e5nd till korttidsreglering<\/strong> varf\u00f6r de inte kan agera.<\/p>\n\n\n\n<p>Torrf\u00e5ran nedstr\u00f6ms \u00c4trafors \u00e4r N2000 omr\u00e5de.  Kraftbolaget torrl\u00e4gger omr\u00e5det med j\u00e4mna mellanrum vilket inneb\u00e4r att uppvandrande lekfisk d\u00f6r. N2000 omr\u00e5det fungerar inte l\u00e4ngre som reproduktionsomr\u00e5de f\u00f6r den genetiskt unika \u00c4tranlaxen. L\u00e4nsstyrelsen s\u00e4ger att de inte kan agera eftersom kraftbolaget har ett gammalt <strong>tillst\u00e5nd att torrl\u00e4gga N2000 omr\u00e5det<\/strong>.<\/p>\n\n\n\n<p>Vattenkraften har under l\u00e5ng tid orsakat omfattande fiskd\u00f6d i \u00c4tran. D\u00e4rf\u00f6r \u00e4r det mycket v\u00e4lkommet att EU-kommissionen nu inlett ett \u00f6vertr\u00e4delsef\u00f6rfarande mot Sveriges till\u00e4mpning av ramdirektivet f\u00f6r vatten (<a href=\"https:\/\/eur-lex.europa.eu\/legal-content\/SV\/TXT\/?uri=CELEX:32000L0060\">direktiv 2000\/60\/EG<\/a>).<\/p>\n\n\n\n<p>Sverige bryter inte bara mot ramdirektivet f\u00f6r vatten utan \u00e4ven mot <br>1. R\u00c5DETS F\u00d6RORDNING (EG) nr 1100\/2007 av den 18 september 2007 om \u00e5tg\u00e4rder f\u00f6r \u00e5terh\u00e4mtning av best\u00e5ndet av europeisk \u00e5l  <br>2.  <a href=\"https:\/\/eur-lex.europa.eu\/legal-content\/SV\/AUTO\/?uri=celex:31992L0043\">R\u00e5dets direktiv 92\/43\/EEG om bevarande av livsmilj\u00f6er samt vilda djur och v\u00e4xter<\/a> d\u00e5 \u00c4tran ing\u00e5r i gemenskapens skydd av Europas biologiska m\u00e5ngfald (Natura 2000).<\/p>\n\n\n\n<figure class=\"wp-block-image size-full\"><a href=\"https:\/\/ingemar.alenas.se\/wp-content\/uploads\/2019\/12\/\u00c4trafors-lax.jpg\"><img loading=\"lazy\" decoding=\"async\" width=\"999\" height=\"666\" src=\"https:\/\/ingemar.alenas.se\/wp-content\/uploads\/2019\/12\/\u00c4trafors-lax.jpg\" alt=\"\" class=\"wp-image-8599\" srcset=\"https:\/\/ingemar.alenas.se\/wp-content\/uploads\/2019\/12\/\u00c4trafors-lax.jpg 999w, https:\/\/ingemar.alenas.se\/wp-content\/uploads\/2019\/12\/\u00c4trafors-lax-300x200.jpg 300w, https:\/\/ingemar.alenas.se\/wp-content\/uploads\/2019\/12\/\u00c4trafors-lax-768x512.jpg 768w\" sizes=\"auto, (max-width: 999px) 100vw, 999px\" \/><\/a><figcaption class=\"wp-element-caption\">\u00c4tranlax inst\u00e4ngd i torrf\u00e5ran nedanf\u00f6r \u00c4trafors vattenkraftverk. Omr\u00e5det ing\u00e5r i gemenskapens n\u00e4tverk av skyddade N2000 omr\u00e5den.<\/figcaption><\/figure>\n","protected":false},"excerpt":{"rendered":"<p>2025-01-10 Vattenkraftens tillst\u00e5nd att d\u00f6da \u00c4trans fiskar och k\u00f6ra dem till tippen ifr\u00e5gas\u00e4tts nu av EU-kommissionen som har inlett ett \u00f6vertr\u00e4delse\u00e4rende i fr\u00e5gan mot Sverige. EU-kommissionen vidtar r\u00e4ttsliga \u00e5tg\u00e4rder mot de medlemsl\u00e4nder som inte fullg\u00f6r sina skyldigheter enligt EU-r\u00e4tten i regelbundna paket med \u00f6vertr\u00e4delsebeslut. Kommissionen har beslutat att inleda ett \u00f6vertr\u00e4delsef\u00f6rfarande genom att skicka en &hellip; <a href=\"https:\/\/ingemar.alenas.se\/?p=15644\" class=\"more-link\">Forts\u00e4tt l\u00e4sa <span class=\"screen-reader-text\">Tillst\u00e5nd att d\u00f6da \u00c4trans \u00e5lar, laxar, g\u00f6sar, m\u00f6rtar och lakar.<\/span> <span class=\"meta-nav\">&rarr;<\/span><\/a><\/p>\n","protected":false},"author":1,"featured_media":13540,"comment_status":"closed","ping_status":"closed","sticky":false,"template":"","format":"standard","meta":{"ngg_post_thumbnail":0,"footnotes":""},"categories":[2,3],"tags":[],"class_list":["post-15644","post","type-post","status-publish","format-standard","has-post-thumbnail","hentry","category-naturnytt","category-vattenblank"],"_links":{"self":[{"href":"https:\/\/ingemar.alenas.se\/index.php?rest_route=\/wp\/v2\/posts\/15644","targetHints":{"allow":["GET"]}}],"collection":[{"href":"https:\/\/ingemar.alenas.se\/index.php?rest_route=\/wp\/v2\/posts"}],"about":[{"href":"https:\/\/ingemar.alenas.se\/index.php?rest_route=\/wp\/v2\/types\/post"}],"author":[{"embeddable":true,"href":"https:\/\/ingemar.alenas.se\/index.php?rest_route=\/wp\/v2\/users\/1"}],"replies":[{"embeddable":true,"href":"https:\/\/ingemar.alenas.se\/index.php?rest_route=%2Fwp%2Fv2%2Fcomments&post=15644"}],"version-history":[{"count":12,"href":"https:\/\/ingemar.alenas.se\/index.php?rest_route=\/wp\/v2\/posts\/15644\/revisions"}],"predecessor-version":[{"id":15657,"href":"https:\/\/ingemar.alenas.se\/index.php?rest_route=\/wp\/v2\/posts\/15644\/revisions\/15657"}],"wp:featuredmedia":[{"embeddable":true,"href":"https:\/\/ingemar.alenas.se\/index.php?rest_route=\/wp\/v2\/media\/13540"}],"wp:attachment":[{"href":"https:\/\/ingemar.alenas.se\/index.php?rest_route=%2Fwp%2Fv2%2Fmedia&parent=15644"}],"wp:term":[{"taxonomy":"category","embeddable":true,"href":"https:\/\/ingemar.alenas.se\/index.php?rest_route=%2Fwp%2Fv2%2Fcategories&post=15644"},{"taxonomy":"post_tag","embeddable":true,"href":"https:\/\/ingemar.alenas.se\/index.php?rest_route=%2Fwp%2Fv2%2Ftags&post=15644"}],"curies":[{"name":"wp","href":"https:\/\/api.w.org\/{rel}","templated":true}]}}