{"id":15608,"date":"2025-01-06T17:36:52","date_gmt":"2025-01-06T17:36:52","guid":{"rendered":"https:\/\/ingemar.alenas.se\/?p=15608"},"modified":"2025-01-06T20:39:55","modified_gmt":"2025-01-06T20:39:55","slug":"artal-for-al","status":"publish","type":"post","link":"https:\/\/ingemar.alenas.se\/?p=15608","title":{"rendered":"\u00c5rtal f\u00f6r \u00e5l"},"content":{"rendered":"\n<p><strong>2025-01-05 FORMAS har utv\u00e4rderat den svenska \u00e5lf\u00f6rvaltningen. P\u00e5 en sida har de sammanst\u00e4llt n\u00e5gra viktiga \u00e5rtal med h\u00e4ndelser. Naturnytt sammanst\u00e4llde 2023 n\u00e5gra viktiga \u00e5rtal f\u00f6r \u00e5l d\u00e4r n\u00e5gra \u00e5rtal efter 2023 senare lagts till. Det \u00e4r intressant att j\u00e4mf\u00f6ra de b\u00e5da listorna f\u00f6r att se hur olika man kan beskriva svensk \u00e5lf\u00f6rvaltning.<\/strong><\/p>\n\n\n\n<p>Olika beskrivningar av h\u00e4ndelsef\u00f6rloppet kan ocks\u00e5 leda till att olika l\u00f6sningar f\u00f6resl\u00e5s f\u00f6r att r\u00e4dda \u00e5lbest\u00e5ndet. L\u00e4s och begrunda.<\/p>\n\n\n<div class=\"wp-block-image\">\n<figure class=\"aligncenter size-full\"><a href=\"https:\/\/ingemar.alenas.se\/wp-content\/uploads\/2025\/01\/Swedish-eel-management.jpg\"><img loading=\"lazy\" decoding=\"async\" width=\"632\" height=\"874\" src=\"https:\/\/ingemar.alenas.se\/wp-content\/uploads\/2025\/01\/Swedish-eel-management.jpg\" alt=\"\" class=\"wp-image-15612\" srcset=\"https:\/\/ingemar.alenas.se\/wp-content\/uploads\/2025\/01\/Swedish-eel-management.jpg 632w, https:\/\/ingemar.alenas.se\/wp-content\/uploads\/2025\/01\/Swedish-eel-management-217x300.jpg 217w\" sizes=\"auto, (max-width: 632px) 100vw, 632px\" \/><\/a><\/figure>\n<\/div>\n\n\n<figure class=\"wp-block-image size-large\"><a href=\"https:\/\/ingemar.alenas.se\/wp-content\/uploads\/2025\/01\/Artal-for-al.jpg\"><img loading=\"lazy\" decoding=\"async\" width=\"673\" height=\"1024\" src=\"https:\/\/ingemar.alenas.se\/wp-content\/uploads\/2025\/01\/Artal-for-al-673x1024.jpg\" alt=\"\" class=\"wp-image-15613\" srcset=\"https:\/\/ingemar.alenas.se\/wp-content\/uploads\/2025\/01\/Artal-for-al-673x1024.jpg 673w, https:\/\/ingemar.alenas.se\/wp-content\/uploads\/2025\/01\/Artal-for-al-197x300.jpg 197w, https:\/\/ingemar.alenas.se\/wp-content\/uploads\/2025\/01\/Artal-for-al.jpg 703w\" sizes=\"auto, (max-width: 673px) 100vw, 673px\" \/><\/a><\/figure>\n\n\n<div class=\"wp-block-image\">\n<figure class=\"aligncenter size-large\"><a href=\"https:\/\/ingemar.alenas.se\/wp-content\/uploads\/2025\/01\/P6410468.jpg\"><img loading=\"lazy\" decoding=\"async\" width=\"1024\" height=\"577\" src=\"https:\/\/ingemar.alenas.se\/wp-content\/uploads\/2025\/01\/P6410468-1024x577.jpg\" alt=\"\" class=\"wp-image-15585\" srcset=\"https:\/\/ingemar.alenas.se\/wp-content\/uploads\/2025\/01\/P6410468-1024x577.jpg 1024w, https:\/\/ingemar.alenas.se\/wp-content\/uploads\/2025\/01\/P6410468-300x169.jpg 300w, https:\/\/ingemar.alenas.se\/wp-content\/uploads\/2025\/01\/P6410468-768x432.jpg 768w, https:\/\/ingemar.alenas.se\/wp-content\/uploads\/2025\/01\/P6410468-1536x865.jpg 1536w, https:\/\/ingemar.alenas.se\/wp-content\/uploads\/2025\/01\/P6410468.jpg 2000w\" sizes=\"auto, (max-width: 1024px) 100vw, 1024px\" \/><\/a><figcaption class=\"wp-element-caption\">2025-01-04 N\u00e5gra av de v\u00e4rdefulla \u00e5lhonor som stoppas av vattenkraften i \u00c4tran.<\/figcaption><\/figure>\n<\/div>\n\n\n<p><\/p>\n","protected":false},"excerpt":{"rendered":"<p>2025-01-05 FORMAS har utv\u00e4rderat den svenska \u00e5lf\u00f6rvaltningen. P\u00e5 en sida har de sammanst\u00e4llt n\u00e5gra viktiga \u00e5rtal med h\u00e4ndelser. Naturnytt sammanst\u00e4llde 2023 n\u00e5gra viktiga \u00e5rtal f\u00f6r \u00e5l d\u00e4r n\u00e5gra \u00e5rtal efter 2023 senare lagts till. Det \u00e4r intressant att j\u00e4mf\u00f6ra de b\u00e5da listorna f\u00f6r att se hur olika man kan beskriva svensk \u00e5lf\u00f6rvaltning. Olika beskrivningar av &hellip; <a href=\"https:\/\/ingemar.alenas.se\/?p=15608\" class=\"more-link\">Forts\u00e4tt l\u00e4sa <span class=\"screen-reader-text\">\u00c5rtal f\u00f6r \u00e5l<\/span> <span class=\"meta-nav\">&rarr;<\/span><\/a><\/p>\n","protected":false},"author":1,"featured_media":0,"comment_status":"closed","ping_status":"closed","sticky":false,"template":"","format":"standard","meta":{"ngg_post_thumbnail":0,"footnotes":""},"categories":[2,3],"tags":[],"class_list":["post-15608","post","type-post","status-publish","format-standard","hentry","category-naturnytt","category-vattenblank"],"_links":{"self":[{"href":"https:\/\/ingemar.alenas.se\/index.php?rest_route=\/wp\/v2\/posts\/15608","targetHints":{"allow":["GET"]}}],"collection":[{"href":"https:\/\/ingemar.alenas.se\/index.php?rest_route=\/wp\/v2\/posts"}],"about":[{"href":"https:\/\/ingemar.alenas.se\/index.php?rest_route=\/wp\/v2\/types\/post"}],"author":[{"embeddable":true,"href":"https:\/\/ingemar.alenas.se\/index.php?rest_route=\/wp\/v2\/users\/1"}],"replies":[{"embeddable":true,"href":"https:\/\/ingemar.alenas.se\/index.php?rest_route=%2Fwp%2Fv2%2Fcomments&post=15608"}],"version-history":[{"count":2,"href":"https:\/\/ingemar.alenas.se\/index.php?rest_route=\/wp\/v2\/posts\/15608\/revisions"}],"predecessor-version":[{"id":15614,"href":"https:\/\/ingemar.alenas.se\/index.php?rest_route=\/wp\/v2\/posts\/15608\/revisions\/15614"}],"wp:attachment":[{"href":"https:\/\/ingemar.alenas.se\/index.php?rest_route=%2Fwp%2Fv2%2Fmedia&parent=15608"}],"wp:term":[{"taxonomy":"category","embeddable":true,"href":"https:\/\/ingemar.alenas.se\/index.php?rest_route=%2Fwp%2Fv2%2Fcategories&post=15608"},{"taxonomy":"post_tag","embeddable":true,"href":"https:\/\/ingemar.alenas.se\/index.php?rest_route=%2Fwp%2Fv2%2Ftags&post=15608"}],"curies":[{"name":"wp","href":"https:\/\/api.w.org\/{rel}","templated":true}]}}