{"id":15583,"date":"2025-01-06T09:59:07","date_gmt":"2025-01-06T09:59:07","guid":{"rendered":"https:\/\/ingemar.alenas.se\/?p=15583"},"modified":"2025-01-06T12:38:30","modified_gmt":"2025-01-06T12:38:30","slug":"sverige-lagger-alfragan-pa-is","status":"publish","type":"post","link":"https:\/\/ingemar.alenas.se\/?p=15583","title":{"rendered":"Sverige l\u00e4gger \u00e5lfr\u00e5gan p\u00e5 is"},"content":{"rendered":"\n<p><strong>2025-01-05 Sverige f\u00f6rs\u00f6ker \u201dfrysa\u201d \u00e5lfr\u00e5gan genom att f\u00f6rhala milj\u00f6\u00e5tg\u00e4rder i vattenkraften. EU-kommissionen s\u00e4nder d\u00e4rf\u00f6r 2024-12-16 ett <a href=\"https:\/\/ec.europa.eu\/commission\/presscorner\/detail\/sv\/inf_24_6006\">\u00f6vertr\u00e4delsebeslut<\/a> till den svenska regeringen. Sverige har nu tv\u00e5 m\u00e5nader p\u00e5 sig att svara och \u00e5tg\u00e4rda de brister som p\u00e5talats av kommissionen<\/strong>. <strong>Ett medlemsland som inte r\u00e4ttar felen riskerar d\u00f6mas av EU-domstolen.<\/strong><\/p>\n\n\n\n<p>EU-kommissionen vidtar r\u00e4ttsliga \u00e5tg\u00e4rder mot de medlemsl\u00e4nder som inte fullg\u00f6r sina skyldigheter enligt EU-r\u00e4tten. Medlemsl\u00e4nderna skall s\u00e4kerst\u00e4lla god status f\u00f6r europeiska vattenf\u00f6rekomster, s\u00e5som floder och sj\u00f6ar.&nbsp;Sverige uppfyller enligt kommissionen inte sina skyldigheter enligt ramdirektivet f\u00f6r vatten (<a href=\"https:\/\/eur-lex.europa.eu\/legal-content\/SV\/TXT\/?uri=CELEX:32000L0060\">direktiv 2000\/60\/EG<\/a>). Till exempel drivs majoriteten av Sveriges vattenkraftdammar p\u00e5 grundval av tillst\u00e5nd fr\u00e5n tiden mellan 1918 och 1978 som har potentiellt negativa effekter p\u00e5 flodernas biologiska m\u00e5ngfald.&nbsp;<\/p>\n\n\n\n<p>FORMAS rapporterar 2025-01-01 att Sverige \u00e4ven \u00f6vertr\u00e4der gemenskapens F\u00d6RORDNING (EG) nr 1100\/2007 av den 18 september 2007 om \u00e5tg\u00e4rder f\u00f6r \u00e5terh\u00e4mtning av best\u00e5ndet av europeisk \u00e5l. Sverige har f\u00f6rbundit sig att \u00e5lens \u00f6verlevnad skulle \u00f6ka till 40% men den har ist\u00e4llet minskat p\u00e5 grund av uteblivna \u00e5tg\u00e4rder i vattenkraften.<\/p>\n\n\n\n<p>Sverige skall ocks\u00e5 f\u00f6rhindra att vattenmilj\u00f6n f\u00f6rs\u00e4mras p\u00e5 ett otill\u00e5tet s\u00e4tt eller \u00e4ventyrar m\u00f6jligheten att uppn\u00e5 den status eller potential som vattnet skall ha enligt milj\u00f6kvalitets-normen. Sveriges regering har 2023 till 2024 minskat kalkanslaget med 12 miljoner kronor samtidigt som priset \u00f6kat med ca 20% vilket f\u00e5tt till f\u00f6ljd att ett stort antal sj\u00f6ar nu undantas fr\u00e5n kalknings\u00e5tg\u00e4rder mot f\u00f6rsurning. Dessa sj\u00f6ar f\u00e5r f\u00f6rs\u00e4mrad ekologisk status vilket \u00e4ven inkluderar en minskad produktion av europeisk \u00e5l (Degerman et.al.).<\/p>\n\n\n<div class=\"wp-block-image\">\n<figure class=\"aligncenter size-large\"><a href=\"https:\/\/ingemar.alenas.se\/wp-content\/uploads\/2025\/01\/Al-vattenkraft.jpg\"><img loading=\"lazy\" decoding=\"async\" width=\"1024\" height=\"555\" src=\"https:\/\/ingemar.alenas.se\/wp-content\/uploads\/2025\/01\/Al-vattenkraft-1024x555.jpg\" alt=\"\" class=\"wp-image-15587\" srcset=\"https:\/\/ingemar.alenas.se\/wp-content\/uploads\/2025\/01\/Al-vattenkraft-1024x555.jpg 1024w, https:\/\/ingemar.alenas.se\/wp-content\/uploads\/2025\/01\/Al-vattenkraft-300x163.jpg 300w, https:\/\/ingemar.alenas.se\/wp-content\/uploads\/2025\/01\/Al-vattenkraft-768x416.jpg 768w, https:\/\/ingemar.alenas.se\/wp-content\/uploads\/2025\/01\/Al-vattenkraft.jpg 1255w\" sizes=\"auto, (max-width: 1024px) 100vw, 1024px\" \/><\/a><\/figure>\n<\/div>\n\n\n<p>Sveriges \u00e5lf\u00f6rvaltningsplan togs fram av Jordbruksverket 2008 och ger en prognos att \u00e5larna d\u00f6r vid vattenkraftsverken (gr\u00f6n stapel) om inga \u00e5tg\u00e4rder g\u00f6rs. HaV rapporterar 2022 fortsatt \u00e5ld\u00f6dlighet och minskning av \u00e5lbest\u00e5ndet eftersom f\u00e5 \u00e5tg\u00e4rder gjorts av vattenkraften. Den bl\u00e5 kurvan visar <strong>omflyttning<\/strong> av \u00e5lyngel vilket inte \u00f6kar best\u00e5ndet. Havs- och vattenmyndigheten har 2024 beslutat om <strong>f\u00f6rbud<\/strong> av omflyttning p\u00e5 grund av sjukdom. Den naturliga produktionen av \u00e5l fr\u00e5n Sveriges inlandsvatten visas i den gula kurvan som n\u00e4rmar sig noll. FORMAS utredning 2024-12-31 konstaterar att detta beror p\u00e5 uteblivna \u00e5tg\u00e4rder i vattenkraften.<\/p>\n\n\n\n<p>Bilderna \u00e4r tagna vid tv\u00e5 tillf\u00e4llen efter ny\u00e5rsnatten 2024\/2025. Under tv\u00e5 n\u00e4tter d\u00f6dades vid ett kraftverk i \u00c4tran 20 stora, lekvandrande \u00e5lhonor. De transporterade ca 70 miljoner romkorn som skulle ha s\u00f6rjt f\u00f6r sl\u00e4ktets fortlevnad och nya \u00e5lyngel i Sargassohavet. Man sk\u00e4ms som svensk medborgare \u00f6ver att EU m\u00e5ste s\u00e4nda ett <strong><a href=\"https:\/\/ec.europa.eu\/commission\/presscorner\/detail\/sv\/inf_24_6006\">\u00f6vertr\u00e4delsebeslut <\/a><\/strong>av milj\u00f6lagar till den svenska regeringen. Sverige beh\u00f6ver nu r\u00e4tta in sig i ledet och \u00e5tg\u00e4rda vattenkraftens brister. Det \u00e4r ocks\u00e5 ett <strong>\u00f6verlevnadsbeslut<\/strong> f\u00f6r den europeiska \u00e5lens fortlevnad.<\/p>\n\n\n<div class=\"wp-block-image\">\n<figure class=\"aligncenter size-large\"><a href=\"https:\/\/ingemar.alenas.se\/wp-content\/uploads\/2025\/01\/P6410478.jpg\"><img loading=\"lazy\" decoding=\"async\" width=\"617\" height=\"1024\" src=\"https:\/\/ingemar.alenas.se\/wp-content\/uploads\/2025\/01\/P6410478-617x1024.jpg\" alt=\"\" class=\"wp-image-15586\" srcset=\"https:\/\/ingemar.alenas.se\/wp-content\/uploads\/2025\/01\/P6410478-617x1024.jpg 617w, https:\/\/ingemar.alenas.se\/wp-content\/uploads\/2025\/01\/P6410478-181x300.jpg 181w, https:\/\/ingemar.alenas.se\/wp-content\/uploads\/2025\/01\/P6410478-768x1275.jpg 768w, https:\/\/ingemar.alenas.se\/wp-content\/uploads\/2025\/01\/P6410478-925x1536.jpg 925w, https:\/\/ingemar.alenas.se\/wp-content\/uploads\/2025\/01\/P6410478.jpg 1205w\" sizes=\"auto, (max-width: 617px) 100vw, 617px\" \/><\/a><\/figure>\n<\/div>","protected":false},"excerpt":{"rendered":"<p>2025-01-05 Sverige f\u00f6rs\u00f6ker \u201dfrysa\u201d \u00e5lfr\u00e5gan genom att f\u00f6rhala milj\u00f6\u00e5tg\u00e4rder i vattenkraften. EU-kommissionen s\u00e4nder d\u00e4rf\u00f6r 2024-12-16 ett \u00f6vertr\u00e4delsebeslut till den svenska regeringen. Sverige har nu tv\u00e5 m\u00e5nader p\u00e5 sig att svara och \u00e5tg\u00e4rda de brister som p\u00e5talats av kommissionen. Ett medlemsland som inte r\u00e4ttar felen riskerar d\u00f6mas av EU-domstolen. EU-kommissionen vidtar r\u00e4ttsliga \u00e5tg\u00e4rder mot de medlemsl\u00e4nder &hellip; <a href=\"https:\/\/ingemar.alenas.se\/?p=15583\" class=\"more-link\">Forts\u00e4tt l\u00e4sa <span class=\"screen-reader-text\">Sverige l\u00e4gger \u00e5lfr\u00e5gan p\u00e5 is<\/span> <span class=\"meta-nav\">&rarr;<\/span><\/a><\/p>\n","protected":false},"author":1,"featured_media":15585,"comment_status":"closed","ping_status":"closed","sticky":false,"template":"","format":"standard","meta":{"ngg_post_thumbnail":0,"footnotes":""},"categories":[2,3],"tags":[],"class_list":["post-15583","post","type-post","status-publish","format-standard","has-post-thumbnail","hentry","category-naturnytt","category-vattenblank"],"_links":{"self":[{"href":"https:\/\/ingemar.alenas.se\/index.php?rest_route=\/wp\/v2\/posts\/15583","targetHints":{"allow":["GET"]}}],"collection":[{"href":"https:\/\/ingemar.alenas.se\/index.php?rest_route=\/wp\/v2\/posts"}],"about":[{"href":"https:\/\/ingemar.alenas.se\/index.php?rest_route=\/wp\/v2\/types\/post"}],"author":[{"embeddable":true,"href":"https:\/\/ingemar.alenas.se\/index.php?rest_route=\/wp\/v2\/users\/1"}],"replies":[{"embeddable":true,"href":"https:\/\/ingemar.alenas.se\/index.php?rest_route=%2Fwp%2Fv2%2Fcomments&post=15583"}],"version-history":[{"count":10,"href":"https:\/\/ingemar.alenas.se\/index.php?rest_route=\/wp\/v2\/posts\/15583\/revisions"}],"predecessor-version":[{"id":15605,"href":"https:\/\/ingemar.alenas.se\/index.php?rest_route=\/wp\/v2\/posts\/15583\/revisions\/15605"}],"wp:featuredmedia":[{"embeddable":true,"href":"https:\/\/ingemar.alenas.se\/index.php?rest_route=\/wp\/v2\/media\/15585"}],"wp:attachment":[{"href":"https:\/\/ingemar.alenas.se\/index.php?rest_route=%2Fwp%2Fv2%2Fmedia&parent=15583"}],"wp:term":[{"taxonomy":"category","embeddable":true,"href":"https:\/\/ingemar.alenas.se\/index.php?rest_route=%2Fwp%2Fv2%2Fcategories&post=15583"},{"taxonomy":"post_tag","embeddable":true,"href":"https:\/\/ingemar.alenas.se\/index.php?rest_route=%2Fwp%2Fv2%2Ftags&post=15583"}],"curies":[{"name":"wp","href":"https:\/\/api.w.org\/{rel}","templated":true}]}}