{"id":15368,"date":"2024-11-28T21:31:35","date_gmt":"2024-11-28T21:31:35","guid":{"rendered":"https:\/\/ingemar.alenas.se\/?p=15368"},"modified":"2024-11-28T21:44:12","modified_gmt":"2024-11-28T21:44:12","slug":"den-sista-alen-vad-hande-sen","status":"publish","type":"post","link":"https:\/\/ingemar.alenas.se\/?p=15368","title":{"rendered":"Den sista \u00e5len &#8211; vad h\u00e4nde sen?"},"content":{"rendered":"\n<p><strong>2024-11-28 Vad h\u00e4nde efter Uppdrag Gransknings program &#8221;Den sista \u00e5len&#8221; och &#8221;Ursprungs\u00e5len&#8221;? Programmen nominerades till <a href=\"https:\/\/www.fgj.se\/guldspaden\/bidrag\/den-sista-alen-samt-ursprungsalen\">Guldspaden 2022.<\/a><\/strong> <strong>av f\u00f6reningen gr\u00e4vande journalister.<\/strong> <strong>Guldspaden beh\u00f6ver nu tas fram igen f\u00f6r att gr\u00e4va fram en l\u00f6sning f\u00f6r den akut hotade \u00e5len.<\/strong><\/p>\n\n\n\n<p>Alla trodde nog att det nu efter de avsl\u00f6jande programmen var slut med lidandet f\u00f6r tusentals \u00e5lar. Tyv\u00e4rr forts\u00e4tter avr\u00e4ttningen av \u00e5len vid de svenska vattenkraftverken.<\/p>\n\n\n\n<p>Under 2023 och 2024 har Naturnytt\/Vattenbl\u00e4nk f\u00f6ljt och dokumenterat massakern vid tv\u00e5 vattenkraftverk i \u00c4tran p\u00e5 svenska v\u00e4stkusten. Under 2023 noterades vid v\u00e5ra bes\u00f6k 237 d\u00f6da \u00e5lar och under 2024 73 st. d\u00f6da \u00e5lar vilket ger 310 d\u00f6da \u00e5lar efter UG program.<\/p>\n\n\n\n<p>Skyddsv\u00e4rdet av dessa d\u00f6da \u00e5lar bed\u00f6ms enligt Finsk lagstiftning Finlex 614\/2019 vara 3510*11,53*310=12&nbsp;545&nbsp;793 kronor! Enligt \u00c5lplan \u00c4tran \u00e4r det ett 30-tal vattenkraftverk i \u00c4tran som &#8221;befriats&#8221; fr\u00e5n att h\u00e5lla fria vandringsv\u00e4gar f\u00f6r \u00e5len! L\u00e4nsstyrelsen i Halland har d\u00e4rf\u00f6r prioriterat bort tillsynen och kr\u00e4ver ingen egenkontroll av verksamhetsut\u00f6varna f\u00f6r rapportering av d\u00f6da \u00e5lar!<\/p>\n\n\n\n<figure class=\"wp-block-image size-large\"><a href=\"https:\/\/ingemar.alenas.se\/wp-content\/uploads\/2024\/11\/P6400098-1.jpg\"><img loading=\"lazy\" decoding=\"async\" width=\"1024\" height=\"575\" src=\"https:\/\/ingemar.alenas.se\/wp-content\/uploads\/2024\/11\/P6400098-1-1024x575.jpg\" alt=\"\" class=\"wp-image-15370\" srcset=\"https:\/\/ingemar.alenas.se\/wp-content\/uploads\/2024\/11\/P6400098-1-1024x575.jpg 1024w, https:\/\/ingemar.alenas.se\/wp-content\/uploads\/2024\/11\/P6400098-1-300x168.jpg 300w, https:\/\/ingemar.alenas.se\/wp-content\/uploads\/2024\/11\/P6400098-1-768x431.jpg 768w, https:\/\/ingemar.alenas.se\/wp-content\/uploads\/2024\/11\/P6400098-1-1536x862.jpg 1536w, https:\/\/ingemar.alenas.se\/wp-content\/uploads\/2024\/11\/P6400098-1.jpg 2000w\" sizes=\"auto, (max-width: 1024px) 100vw, 1024px\" \/><\/a><figcaption class=\"wp-element-caption\"><strong><em>2024-11-28 I dag sl\u00e4cktes livet f\u00f6r denna halvd\u00f6da, tv\u00e5kilos \u00e5lhona inf\u00f6r mina \u00f6gon. Hennes bedjande bl\u00e5 \u00f6gon skvallrar om att hon var p\u00e5 v\u00e4g till havet f\u00f6r att p\u00e5b\u00f6rja sin 800-milaf\u00e4rd till Sargassohavet f\u00f6r att sprida miljontals \u00e4gg som skulle s\u00f6rja f\u00f6r sl\u00e4ktets fortbest\u00e5nd. Hon var v\u00e4l f\u00f6rberedd d\u00e5 sm\u00e5 vassa predatort\u00e4nder skulle s\u00f6rja f\u00f6r att hon kunde f\u00e5nga sin n\u00e4ring p\u00e5 den l\u00e5nga resan. Hon r\u00e5dbr\u00e5kades och steglades p\u00e5 kraftverkets rostiga intagsgaller vilket den sargade kroppen vittnar om. Detta f\u00f6ljer samma m\u00f6nster som tidigare dokumenterats av Uppdrag Granskning.<\/em><\/strong><\/figcaption><\/figure>\n\n\n\n<p>I den svenska naturen \u00e4r det inte ovanligt att se informationsskyltar som upplyser om historiska avr\u00e4ttningsplatser f\u00f6r&#8230;&#8230;m\u00e4nniskor.<\/p>\n\n\n<div class=\"wp-block-image\">\n<figure class=\"aligncenter size-large is-resized\"><a href=\"https:\/\/ingemar.alenas.se\/wp-content\/uploads\/2024\/11\/Avrattningsplats.jpg\"><img loading=\"lazy\" decoding=\"async\" width=\"656\" height=\"1024\" src=\"https:\/\/ingemar.alenas.se\/wp-content\/uploads\/2024\/11\/Avrattningsplats-656x1024.jpg\" alt=\"\" class=\"wp-image-15371\" style=\"width:506px;height:auto\" srcset=\"https:\/\/ingemar.alenas.se\/wp-content\/uploads\/2024\/11\/Avrattningsplats-656x1024.jpg 656w, https:\/\/ingemar.alenas.se\/wp-content\/uploads\/2024\/11\/Avrattningsplats-192x300.jpg 192w, https:\/\/ingemar.alenas.se\/wp-content\/uploads\/2024\/11\/Avrattningsplats-768x1199.jpg 768w, https:\/\/ingemar.alenas.se\/wp-content\/uploads\/2024\/11\/Avrattningsplats-983x1536.jpg 983w, https:\/\/ingemar.alenas.se\/wp-content\/uploads\/2024\/11\/Avrattningsplats.jpg 1027w\" sizes=\"auto, (max-width: 656px) 100vw, 656px\" \/><\/a><\/figure>\n<\/div>\n\n\n<p>Den svenska \u00e5lf\u00f6rvaltningsplanen anger \u00e5ld\u00f6den i vattenkraftverken till 280 ton.<\/p>\n\n\n\n<p>\u00c5lbilden \u00e4r fr\u00e5n ett av kraftverken i \u00c4tran och publicerades av redakt\u00f6ren f\u00f6r Naturnytt\/Vattenbl\u00e4nk den 6 september 2006 i Naturv\u00e5rdsverkets Tidning Milj\u00f6aktuellt. Tyv\u00e4rr har scenen  \u00e5rligen varit lika aktuell sedan dess&#8230;&#8230;.<\/p>\n","protected":false},"excerpt":{"rendered":"<p>2024-11-28 Vad h\u00e4nde efter Uppdrag Gransknings program &#8221;Den sista \u00e5len&#8221; och &#8221;Ursprungs\u00e5len&#8221;? Programmen nominerades till Guldspaden 2022. av f\u00f6reningen gr\u00e4vande journalister. Guldspaden beh\u00f6ver nu tas fram igen f\u00f6r att gr\u00e4va fram en l\u00f6sning f\u00f6r den akut hotade \u00e5len. Alla trodde nog att det nu efter de avsl\u00f6jande programmen var slut med lidandet f\u00f6r tusentals \u00e5lar. &hellip; <a href=\"https:\/\/ingemar.alenas.se\/?p=15368\" class=\"more-link\">Forts\u00e4tt l\u00e4sa <span class=\"screen-reader-text\">Den sista \u00e5len &#8211; vad h\u00e4nde sen?<\/span> <span class=\"meta-nav\">&rarr;<\/span><\/a><\/p>\n","protected":false},"author":1,"featured_media":0,"comment_status":"closed","ping_status":"closed","sticky":false,"template":"","format":"standard","meta":{"ngg_post_thumbnail":0,"footnotes":""},"categories":[2,3],"tags":[],"class_list":["post-15368","post","type-post","status-publish","format-standard","hentry","category-naturnytt","category-vattenblank"],"_links":{"self":[{"href":"https:\/\/ingemar.alenas.se\/index.php?rest_route=\/wp\/v2\/posts\/15368","targetHints":{"allow":["GET"]}}],"collection":[{"href":"https:\/\/ingemar.alenas.se\/index.php?rest_route=\/wp\/v2\/posts"}],"about":[{"href":"https:\/\/ingemar.alenas.se\/index.php?rest_route=\/wp\/v2\/types\/post"}],"author":[{"embeddable":true,"href":"https:\/\/ingemar.alenas.se\/index.php?rest_route=\/wp\/v2\/users\/1"}],"replies":[{"embeddable":true,"href":"https:\/\/ingemar.alenas.se\/index.php?rest_route=%2Fwp%2Fv2%2Fcomments&post=15368"}],"version-history":[{"count":10,"href":"https:\/\/ingemar.alenas.se\/index.php?rest_route=\/wp\/v2\/posts\/15368\/revisions"}],"predecessor-version":[{"id":15385,"href":"https:\/\/ingemar.alenas.se\/index.php?rest_route=\/wp\/v2\/posts\/15368\/revisions\/15385"}],"wp:attachment":[{"href":"https:\/\/ingemar.alenas.se\/index.php?rest_route=%2Fwp%2Fv2%2Fmedia&parent=15368"}],"wp:term":[{"taxonomy":"category","embeddable":true,"href":"https:\/\/ingemar.alenas.se\/index.php?rest_route=%2Fwp%2Fv2%2Fcategories&post=15368"},{"taxonomy":"post_tag","embeddable":true,"href":"https:\/\/ingemar.alenas.se\/index.php?rest_route=%2Fwp%2Fv2%2Ftags&post=15368"}],"curies":[{"name":"wp","href":"https:\/\/api.w.org\/{rel}","templated":true}]}}