{"id":15215,"date":"2024-11-10T11:07:40","date_gmt":"2024-11-10T11:07:40","guid":{"rendered":"https:\/\/ingemar.alenas.se\/?p=15215"},"modified":"2024-11-11T10:46:01","modified_gmt":"2024-11-11T10:46:01","slug":"sverige-forsvagar-skyddet-av-naturskogar","status":"publish","type":"post","link":"https:\/\/ingemar.alenas.se\/?p=15215","title":{"rendered":"Sverige f\u00f6rsvagar skyddet av naturskogar"},"content":{"rendered":"\n<p><strong>2024-11-10 Nordliga skogar i Europa, Nordamerika och Ryssland&nbsp;utg\u00f6r&nbsp;cirka 30 procent av v\u00e4rldens skogst\u00e4cke. De spelar en avg\u00f6rande roll f\u00f6r att lagra kol,&nbsp;rena&nbsp;luft och vatten, och \u00e4r helt avg\u00f6rande f\u00f6r den biologiska m\u00e5ngfalden.&nbsp;<\/strong><\/p>\n\n\n\n<p>Enligt&nbsp;FAO&nbsp;s\u00e5 \u00e4r&nbsp;i genomsnitt 25% av skogarna i Afrika, Asien och Sydamerika skyddade medan i Sverige \u00e4r endast 9% av skogsmarken formellt skyddad. Ingressbilden visar det skyddade omr\u00e5det \u00c5kulla bokskogar. Denna del av det skyltade bokskogsomr\u00e5det r\u00e4knas inte som avskogat d\u00e5 vi kan se att det \u00e4r planterat med gr\u00f6na granplantor. Efter avverkning l\u00e4cker kv\u00e4ve, fosfor, milj\u00f6gifter och brunifierande \u00e4mnen direkt ned till den n\u00e4rbel\u00e4gna sj\u00f6n.<\/p>\n\n\n\n<p>I Sverige avverkades i snitt cirka 243&nbsp;000 hektar skog varje \u00e5r mellan 2018-2022 med trakthyggesbruk vilket inte anses bidra till avskogningen.&nbsp;Fokus l\u00e4ggs ofta p\u00e5 avskogning i tropikerna, medan hoten mot v\u00e5ra nordliga&nbsp;naturskogar till stor del ignoreras.&nbsp;<\/p>\n\n\n\n<p>Enligt Natursidan p\u00e5g\u00e5r det ett aktivt arbete fr\u00e5n Sveriges regering och skogsindustrin f\u00f6r att underminera och f\u00f6rsvaga de globala \u00f6verenskommelser som ska r\u00e4dda  Sveriges och v\u00e4rldens sista gamla skogar.<\/p>\n\n\n\n<p>Naturnytts foton visar ett exempel p\u00e5 &#8221;Greenwashing&#8221; fr\u00e5n Centralhall\u00e4ndska bokskogsomr\u00e5det. Skyltar d\u00e4r trakthyggen och granplanteringar kallas f\u00f6r bokskogar underminerar bes\u00f6karnas f\u00f6rtroende f\u00f6r svensk skogspolitik.<\/p>\n\n\n\n<p>Sverige har en natur som \u00e4r rik p\u00e5 ursprungliga skogar, sj\u00f6ar och vattendrag. Dessa naturtillg\u00e5ngar till\u00e5ts nu att kortsiktigt exploateras av skogsbolagens och vattenkraftens vinstintressen samtidigt som naturens f\u00f6rnybara, h\u00e5llbara, socioekonomiska, livsmedelstekniska och ekoturismv\u00e4nliga v\u00e4rden g\u00e5r f\u00f6rlorade. Sverige avvecklar b\u00e5de Milj\u00f6departement, Levande skogar och Levande sj\u00f6ar och vattendrag.<\/p>\n\n\n\n<p>L\u00e4s mer p\u00e5 <a href=\"https:\/\/www.natursidan.se\/nyheter\/lander-i-norr-undergraver-global-skogspolitik\/\">Natursidan.<\/a><\/p>\n\n\n\n<figure class=\"wp-block-image size-large\"><a href=\"https:\/\/ingemar.alenas.se\/wp-content\/uploads\/2022\/09\/Bokskog.jpg\"><img loading=\"lazy\" decoding=\"async\" width=\"1024\" height=\"562\" src=\"https:\/\/ingemar.alenas.se\/wp-content\/uploads\/2022\/09\/Bokskog-1024x562.jpg\" alt=\"\" class=\"wp-image-12809\" srcset=\"https:\/\/ingemar.alenas.se\/wp-content\/uploads\/2022\/09\/Bokskog-1024x562.jpg 1024w, https:\/\/ingemar.alenas.se\/wp-content\/uploads\/2022\/09\/Bokskog-300x165.jpg 300w, https:\/\/ingemar.alenas.se\/wp-content\/uploads\/2022\/09\/Bokskog-768x421.jpg 768w, https:\/\/ingemar.alenas.se\/wp-content\/uploads\/2022\/09\/Bokskog.jpg 1402w\" sizes=\"auto, (max-width: 1024px) 100vw, 1024px\" \/><\/a><\/figure>\n\n\n\n<p>H\u00e4r frodas granplanteringen i \u00c5kulla bokskogar. Klicka p\u00e5 fotot f\u00f6r st\u00f6rre bild om Ni tvekar p\u00e5 att bokskogen ersatts med gran. Det blir alltmer tydligt att Sverige skyltar med en milj\u00f6v\u00e4nlig politik medan verkligheten visar n\u00e5got annat.<\/p>\n","protected":false},"excerpt":{"rendered":"<p>2024-11-10 Nordliga skogar i Europa, Nordamerika och Ryssland&nbsp;utg\u00f6r&nbsp;cirka 30 procent av v\u00e4rldens skogst\u00e4cke. De spelar en avg\u00f6rande roll f\u00f6r att lagra kol,&nbsp;rena&nbsp;luft och vatten, och \u00e4r helt avg\u00f6rande f\u00f6r den biologiska m\u00e5ngfalden.&nbsp; Enligt&nbsp;FAO&nbsp;s\u00e5 \u00e4r&nbsp;i genomsnitt 25% av skogarna i Afrika, Asien och Sydamerika skyddade medan i Sverige \u00e4r endast 9% av skogsmarken formellt skyddad. Ingressbilden &hellip; <a href=\"https:\/\/ingemar.alenas.se\/?p=15215\" class=\"more-link\">Forts\u00e4tt l\u00e4sa <span class=\"screen-reader-text\">Sverige f\u00f6rsvagar skyddet av naturskogar<\/span> <span class=\"meta-nav\">&rarr;<\/span><\/a><\/p>\n","protected":false},"author":1,"featured_media":15217,"comment_status":"closed","ping_status":"closed","sticky":false,"template":"","format":"standard","meta":{"ngg_post_thumbnail":0,"footnotes":""},"categories":[2],"tags":[],"class_list":["post-15215","post","type-post","status-publish","format-standard","has-post-thumbnail","hentry","category-naturnytt"],"_links":{"self":[{"href":"https:\/\/ingemar.alenas.se\/index.php?rest_route=\/wp\/v2\/posts\/15215","targetHints":{"allow":["GET"]}}],"collection":[{"href":"https:\/\/ingemar.alenas.se\/index.php?rest_route=\/wp\/v2\/posts"}],"about":[{"href":"https:\/\/ingemar.alenas.se\/index.php?rest_route=\/wp\/v2\/types\/post"}],"author":[{"embeddable":true,"href":"https:\/\/ingemar.alenas.se\/index.php?rest_route=\/wp\/v2\/users\/1"}],"replies":[{"embeddable":true,"href":"https:\/\/ingemar.alenas.se\/index.php?rest_route=%2Fwp%2Fv2%2Fcomments&post=15215"}],"version-history":[{"count":22,"href":"https:\/\/ingemar.alenas.se\/index.php?rest_route=\/wp\/v2\/posts\/15215\/revisions"}],"predecessor-version":[{"id":15253,"href":"https:\/\/ingemar.alenas.se\/index.php?rest_route=\/wp\/v2\/posts\/15215\/revisions\/15253"}],"wp:featuredmedia":[{"embeddable":true,"href":"https:\/\/ingemar.alenas.se\/index.php?rest_route=\/wp\/v2\/media\/15217"}],"wp:attachment":[{"href":"https:\/\/ingemar.alenas.se\/index.php?rest_route=%2Fwp%2Fv2%2Fmedia&parent=15215"}],"wp:term":[{"taxonomy":"category","embeddable":true,"href":"https:\/\/ingemar.alenas.se\/index.php?rest_route=%2Fwp%2Fv2%2Fcategories&post=15215"},{"taxonomy":"post_tag","embeddable":true,"href":"https:\/\/ingemar.alenas.se\/index.php?rest_route=%2Fwp%2Fv2%2Ftags&post=15215"}],"curies":[{"name":"wp","href":"https:\/\/api.w.org\/{rel}","templated":true}]}}