{"id":14938,"date":"2024-09-29T09:33:41","date_gmt":"2024-09-29T09:33:41","guid":{"rendered":"https:\/\/ingemar.alenas.se\/?p=14938"},"modified":"2024-09-29T15:43:28","modified_gmt":"2024-09-29T15:43:28","slug":"hosten-ar-har-alen-slaktas","status":"publish","type":"post","link":"https:\/\/ingemar.alenas.se\/?p=14938","title":{"rendered":"H\u00f6sten \u00e4r h\u00e4r \u2013 \u00e5len slaktas"},"content":{"rendered":"\n<p><strong>2024-09-29 Ett 20-tal halvd\u00f6da, d\u00f6da och leml\u00e4stade \u00e5lar l\u00e5g i g\u00e5r vid ett vattenkraftverk i \u00c4tran. Man kan aldrig f\u00f6rlika sig med synen \u2013 det g\u00f6r lika ont varje g\u00e5ng.<\/strong><\/p>\n\n\n\n<p>Fiskerikonsulent G\u00f6sta Edman rapporterade 1970 om f\u00f6rh\u00e5llandena i \u00c4tran: &#8221;Om inget g\u00f6rs kommer \u00e5len att vara f\u00f6rsvunnen fr\u00e5n \u00c4tran inom en snar framtid&#8221; varnade G\u00f6sta. Fortfarande, 54 \u00e5r senare, har inte vattenkraften ordnat fria och s\u00e4kra vandringsv\u00e4gar f\u00f6r \u00e5len.<\/p>\n\n\n\n<p>Undertecknad rapporterade 2006 om de sv\u00e5ra f\u00f6rh\u00e5llandena i Naturv\u00e5rdsverkets tidning Milj\u00f6aktuellt som p\u00e5 f\u00f6rstasidan publicerade en bild fr\u00e5n \u00c4tran p\u00e5 100 d\u00f6da \u00e5lar.<\/p>\n\n\n\n<figure class=\"wp-block-image size-large\"><a href=\"https:\/\/ingemar.alenas.se\/wp-content\/uploads\/2024\/09\/Miljoaktuellt-pernillaIMG_2231-rotated.jpg\"><img loading=\"lazy\" decoding=\"async\" width=\"768\" height=\"1024\" src=\"https:\/\/ingemar.alenas.se\/wp-content\/uploads\/2024\/09\/Miljoaktuellt-pernillaIMG_2231-768x1024.jpg\" alt=\"\" class=\"wp-image-14949\" srcset=\"https:\/\/ingemar.alenas.se\/wp-content\/uploads\/2024\/09\/Miljoaktuellt-pernillaIMG_2231-768x1024.jpg 768w, https:\/\/ingemar.alenas.se\/wp-content\/uploads\/2024\/09\/Miljoaktuellt-pernillaIMG_2231-225x300.jpg 225w, https:\/\/ingemar.alenas.se\/wp-content\/uploads\/2024\/09\/Miljoaktuellt-pernillaIMG_2231-1152x1536.jpg 1152w, https:\/\/ingemar.alenas.se\/wp-content\/uploads\/2024\/09\/Miljoaktuellt-pernillaIMG_2231-rotated.jpg 1512w\" sizes=\"auto, (max-width: 768px) 100vw, 768px\" \/><\/a><\/figure>\n\n\n\n<p>Sveriges \u00e5lf\u00f6rvaltningsplan (S\u00c5P) togs fram 2008. D\u00e4r rapporteras att den \u00e5rliga d\u00f6dligheten av \u00e5l i Sveriges vattenkraftverk \u00e4r ca 280 ton (!).<\/p>\n\n\n\n<p>Vattenkraften har f\u00e5tt skattel\u00e4ttnader p\u00e5 70 miljarder svenska kronor. 10 miljarder har avsatts till vattenkraftens milj\u00f6fond. Det har n\u00e4mnts att dessa miljarder skall anv\u00e4ndas vid den kommande milj\u00f6pr\u00f6vningen av vattenkraften.<\/p>\n\n\n\n<p>Regeringen har nu pausat milj\u00f6pr\u00f6vningen f\u00f6r tredje g\u00e5ngen. Regeringen har nu remitterat ett lagf\u00f6rslag om kraftigt modifierade vatten (KMV) som inneb\u00e4r att st\u00f6rsta m\u00f6jliga undantag skall till\u00e4mpas om och n\u00e4r vattenkraften skall milj\u00f6pr\u00f6vas. Regeringens egen konsekvensbed\u00f6mning s\u00e4ger att detta inneb\u00e4r att vi inte kan uppn\u00e5 milj\u00f6m\u00e5let levande sj\u00f6ar och vattendrag.<\/p>\n\n\n\n<p>SVT:s Uppdrag granskning har gjort tre program om <a href=\"https:\/\/www.svtplay.se\/video\/KqWLE5w\/uppdrag-granskning\/den-sista-alen\">\u201dDen sista \u00e5len\u201d. <\/a> <a href=\"https:\/\/www.svtplay.se\/video\/KDnaYn9\/uppdrag-granskning\/den-sista-alen-vad-hande-sen\">&#8221;Den sista \u00e5len &#8211; vad h\u00e4nde sen&#8221;<\/a> och <a href=\"https:\/\/www.svtplay.se\/video\/8zJWPyg\/uppdrag-granskning\/ursprungsalen?tabs=productionPeriod-8zoydGW-2024-15&amp;tabs=productionPeriod-8zoydGW-2021-12\">&#8221;Ursprungs\u00e5len&#8221;.<\/a> Programmen visar med all tydlighet vad som h\u00e5ller p\u00e5 att h\u00e4nda med den sista \u00e5len. Programmen har inte resulterat i n\u00e5gra \u00e5tg\u00e4rder.<\/p>\n\n\n\n<figure class=\"wp-block-image size-large\"><a href=\"https:\/\/ingemar.alenas.se\/wp-content\/uploads\/2024\/09\/P6330356.jpg\"><img loading=\"lazy\" decoding=\"async\" width=\"1024\" height=\"536\" src=\"https:\/\/ingemar.alenas.se\/wp-content\/uploads\/2024\/09\/P6330356-1024x536.jpg\" alt=\"\" class=\"wp-image-14939\" srcset=\"https:\/\/ingemar.alenas.se\/wp-content\/uploads\/2024\/09\/P6330356-1024x536.jpg 1024w, https:\/\/ingemar.alenas.se\/wp-content\/uploads\/2024\/09\/P6330356-300x157.jpg 300w, https:\/\/ingemar.alenas.se\/wp-content\/uploads\/2024\/09\/P6330356-768x402.jpg 768w, https:\/\/ingemar.alenas.se\/wp-content\/uploads\/2024\/09\/P6330356-1536x803.jpg 1536w, https:\/\/ingemar.alenas.se\/wp-content\/uploads\/2024\/09\/P6330356.jpg 2000w\" sizes=\"auto, (max-width: 1024px) 100vw, 1024px\" \/><\/a><\/figure>\n\n\n\n<p>Klicka p\u00e5 bilden f\u00f6r st\u00f6rre bild<\/p>\n\n\n\n<p>2024-09-28 Man v\u00e4njer sig aldrig vid synen, stanken och lidandet f\u00f6r v\u00e5ra sista \u00e5lar vid kraftverken. Nu har vi sett massakern i \u00f6ver hundra \u00e5r, n\u00e4r \u00e4r det dags att vattenkraften tar sitt milj\u00f6ansvar och r\u00e4ddar \u00e5len?<\/p>\n\n\n\n<p>L\u00e4s mer om lite <a href=\"https:\/\/ingemar.alenas.se\/?p=13660\">\u00e5lhistoria.<\/a> och minnesv\u00e4rda \u00e5rtal om \u00e5l.<\/p>\n","protected":false},"excerpt":{"rendered":"<p>2024-09-29 Ett 20-tal halvd\u00f6da, d\u00f6da och leml\u00e4stade \u00e5lar l\u00e5g i g\u00e5r vid ett vattenkraftverk i \u00c4tran. Man kan aldrig f\u00f6rlika sig med synen \u2013 det g\u00f6r lika ont varje g\u00e5ng. Fiskerikonsulent G\u00f6sta Edman rapporterade 1970 om f\u00f6rh\u00e5llandena i \u00c4tran: &#8221;Om inget g\u00f6rs kommer \u00e5len att vara f\u00f6rsvunnen fr\u00e5n \u00c4tran inom en snar framtid&#8221; varnade G\u00f6sta. &hellip; <a href=\"https:\/\/ingemar.alenas.se\/?p=14938\" class=\"more-link\">Forts\u00e4tt l\u00e4sa <span class=\"screen-reader-text\">H\u00f6sten \u00e4r h\u00e4r \u2013 \u00e5len slaktas<\/span> <span class=\"meta-nav\">&rarr;<\/span><\/a><\/p>\n","protected":false},"author":1,"featured_media":14940,"comment_status":"closed","ping_status":"closed","sticky":false,"template":"","format":"standard","meta":{"ngg_post_thumbnail":0,"footnotes":""},"categories":[2,3],"tags":[],"class_list":["post-14938","post","type-post","status-publish","format-standard","has-post-thumbnail","hentry","category-naturnytt","category-vattenblank"],"_links":{"self":[{"href":"https:\/\/ingemar.alenas.se\/index.php?rest_route=\/wp\/v2\/posts\/14938","targetHints":{"allow":["GET"]}}],"collection":[{"href":"https:\/\/ingemar.alenas.se\/index.php?rest_route=\/wp\/v2\/posts"}],"about":[{"href":"https:\/\/ingemar.alenas.se\/index.php?rest_route=\/wp\/v2\/types\/post"}],"author":[{"embeddable":true,"href":"https:\/\/ingemar.alenas.se\/index.php?rest_route=\/wp\/v2\/users\/1"}],"replies":[{"embeddable":true,"href":"https:\/\/ingemar.alenas.se\/index.php?rest_route=%2Fwp%2Fv2%2Fcomments&post=14938"}],"version-history":[{"count":15,"href":"https:\/\/ingemar.alenas.se\/index.php?rest_route=\/wp\/v2\/posts\/14938\/revisions"}],"predecessor-version":[{"id":14960,"href":"https:\/\/ingemar.alenas.se\/index.php?rest_route=\/wp\/v2\/posts\/14938\/revisions\/14960"}],"wp:featuredmedia":[{"embeddable":true,"href":"https:\/\/ingemar.alenas.se\/index.php?rest_route=\/wp\/v2\/media\/14940"}],"wp:attachment":[{"href":"https:\/\/ingemar.alenas.se\/index.php?rest_route=%2Fwp%2Fv2%2Fmedia&parent=14938"}],"wp:term":[{"taxonomy":"category","embeddable":true,"href":"https:\/\/ingemar.alenas.se\/index.php?rest_route=%2Fwp%2Fv2%2Fcategories&post=14938"},{"taxonomy":"post_tag","embeddable":true,"href":"https:\/\/ingemar.alenas.se\/index.php?rest_route=%2Fwp%2Fv2%2Ftags&post=14938"}],"curies":[{"name":"wp","href":"https:\/\/api.w.org\/{rel}","templated":true}]}}