{"id":14860,"date":"2024-09-06T14:56:26","date_gmt":"2024-09-06T14:56:26","guid":{"rendered":"https:\/\/ingemar.alenas.se\/?p=14860"},"modified":"2024-09-06T16:40:23","modified_gmt":"2024-09-06T16:40:23","slug":"harr-majfisk-havsnejonoga-al-och-lax-skall-slackas","status":"publish","type":"post","link":"https:\/\/ingemar.alenas.se\/?p=14860","title":{"rendered":"Harr, majfisk, havsnejon\u00f6ga, \u00e5l och lax skall sl\u00e4ckas?"},"content":{"rendered":"\n<p><strong>2024-09-06<\/strong> <strong>Harren \u00e4r utrotad fr\u00e5n Lagan. Majfisken \u00e4r mycket n\u00e4ra att utrotas i \u00c4tran. Havsnejon\u00f6gat \u00e4r i allvarlig kris. \u00c5len \u00e4r akut hotad. \u00c4tranlaxen har minskat till ett icke h\u00e5llbart best\u00e5nd.<\/strong><\/p>\n\n\n\n<p>Milj\u00f6pr\u00f6vningen av vattenkraften pausas. Elproduktion prioriteras framf\u00f6r biologisk produktion. Produktionen av vandringsfisken beh\u00f6ver \u00e5terst\u00e4llas. Annars f\u00f6rlorar vi vandringsfisken som funnits i v\u00e5ra v\u00e4stkust\u00e5ar i miljontals \u00e5r. N\u00e4r fisken d\u00f6tt ut \u00e4r produktionen borta f\u00f6r alltid; ett tungt beslut att prioritera.<\/p>\n\n\n\n<p>Har d\u00e5 fisken ett v\u00e4rde? Skyddsv\u00e4rdet av en blank\u00e5l \u00e4r 3510 euro enligt Finlex 614\/2019 finska jord- och skogsbruksministeriets f\u00f6rordning som tr\u00e4dde i laga kraft den 17 maj 2019. \u00c5len i Finland och Sverige \u00e4r densamma.<\/p>\n\n\n\n<p>Den \u00e5rliga, jungfruliga produktionen av blank\u00e5l fr\u00e5n svenska inlandsvatten var 37&nbsp;600 000 till 72&nbsp;000&nbsp;000 blank\u00e5lar f\u00f6re vattenkraften. (Wickstr\u00f6m, \u00c5str\u00f6m). Det \u00e5rliga produktionsv\u00e4rdet av enbart \u00e5len fr\u00e5n Sveriges inlandsvatten blir s\u00e5ledes (3510&#215;11.40 x antalet) 1&nbsp;504&nbsp;526&nbsp;400&nbsp;000 till 2&nbsp;881&nbsp;008&nbsp;000&nbsp;000 kronor. Detta kan j\u00e4mf\u00f6ras med Sveriges BNP som 2023 var 6&nbsp;206&nbsp;525&nbsp;000&nbsp;000 kronor.<\/p>\n\n\n\n<p>L\u00e4nsstyrelsen i Halland bed\u00f6mer att 61&nbsp;000 laxsmolt \u00e5rligen d\u00f6r i \u00c4trans huvudf\u00e5ra nedstr\u00f6ms \u00c4trafors p\u00e5 grund av korttidsreglering. 2024 inf\u00f6rdes f\u00f6r f\u00f6rsta g\u00e5ngen tillf\u00e4lligt (?) f\u00f6rbud att landa \u00e4tranlax. SLU skriver i sin motivering: <strong><em>\u201dDen l\u00e5ga best\u00e5ndsstatusen kr\u00e4ver ytterligare insatser f\u00f6r att minska de negativa effekterna av vattenreglering och d\u00e5lig konnektivitet i vattendrag med vattenkraftproduktion och begr\u00e4nsningar av fisket i vattendrag med svaga best\u00e5nd\u201d.<\/em><\/strong><\/p>\n\n\n\n<p>Varf\u00f6r har det g\u00e5tt s\u00e5 illa f\u00f6r vandringsfisken? Jo, den d\u00f6r bara en g\u00e5ng. Och vattenkraften d\u00f6dar fisken tre g\u00e5nger: 1. Utest\u00e4nga fisken. 2. Torrl\u00e4gga och stressa genom korttidsreglering. 3. Trycka s\u00f6nder och skada fisken i galler och turbiner. D\u00e4rf\u00f6r \u00e4r kraftverksd\u00f6den s\u00e5 effektiv.<\/p>\n\n\n\n<p><a href=\"https:\/\/sverigesradio.se\/artikel\/hotad-fisk-forsvinner-framfor-vara-ogon-har-aldrig-observerat-sa-fa\">Vetenskapsradion<\/a> ber\u00e4ttar att situationen f\u00f6r havsnejon\u00f6gat 2024 \u00e4r katastrofal. \u201d- skall vi ha kvar den \u00f6ver huvud taget m\u00e5ste vi g\u00f6ra \u00e5tg\u00e4rder nu \u2013 annars \u00e4r det k\u00f6rt\u201d s\u00e4ger forskaren Mikael Svensson vid SLU. \u00c4tran har Sveriges starkaste best\u00e5nd av havsnejon\u00f6ga. H\u00e4r d\u00f6r de endast tv\u00e5 g\u00e5nger eftersom dammen vid Herting rivits och de kan vandra upp f\u00f6r lek. Men v\u00e4l uppe i \u00e5n uts\u00e4tts de f\u00f6r en tsunamiliknande korttidsreglering som omv\u00e4xlande torrl\u00e4gger och spolar bort de sedimentbankar som \u00e4r deras hem.<\/p>\n\n\n\n<p>Vid Herting finns ett fisks\u00e4kert galler f\u00f6r nedvandrande \u00e5l och lax. Men nejon\u00f6gonens larver \u00e4r s\u00e5 sm\u00e5 att de passerar in i kraftverkets turbiner och omkommer. Men som sagt nejon\u00f6gonen har bara ett liv.<\/p>\n\n\n\n<p>Vattenkraften \u00e4r under milj\u00f6pr\u00f6vning. Elproduktionen \u00f6kar i dag p\u00e5 grund av \u00f6kat medelfl\u00f6de fr\u00e5n v\u00e4stkustens \u00e5ar. Om vi avst\u00e5r en begr\u00e4nsad del av denna vinst kan vi r\u00e4dda den \u00e5rligen \u00e5terkommande produktionen av naturresurser i v\u00e5ra vattendrag. Turismen, landsbygdsutvecklingen, h\u00e4lsan och livsmedelsproduktionen i v\u00e5ra vatten har ett v\u00e4rde liksom elproduktionen. \u00c4n finns tid till eftertanke. N\u00e4r arter v\u00e4l \u00e4r utd\u00f6da \u00e4r naturresursen sl\u00e4ckt \u00e4ven f\u00f6r kommande generationer.<\/p>\n","protected":false},"excerpt":{"rendered":"<p>2024-09-06 Harren \u00e4r utrotad fr\u00e5n Lagan. Majfisken \u00e4r mycket n\u00e4ra att utrotas i \u00c4tran. Havsnejon\u00f6gat \u00e4r i allvarlig kris. \u00c5len \u00e4r akut hotad. \u00c4tranlaxen har minskat till ett icke h\u00e5llbart best\u00e5nd. Milj\u00f6pr\u00f6vningen av vattenkraften pausas. Elproduktion prioriteras framf\u00f6r biologisk produktion. Produktionen av vandringsfisken beh\u00f6ver \u00e5terst\u00e4llas. Annars f\u00f6rlorar vi vandringsfisken som funnits i v\u00e5ra v\u00e4stkust\u00e5ar i &hellip; <a href=\"https:\/\/ingemar.alenas.se\/?p=14860\" class=\"more-link\">Forts\u00e4tt l\u00e4sa <span class=\"screen-reader-text\">Harr, majfisk, havsnejon\u00f6ga, \u00e5l och lax skall sl\u00e4ckas?<\/span> <span class=\"meta-nav\">&rarr;<\/span><\/a><\/p>\n","protected":false},"author":1,"featured_media":12454,"comment_status":"closed","ping_status":"closed","sticky":false,"template":"","format":"standard","meta":{"ngg_post_thumbnail":0,"footnotes":""},"categories":[2,3],"tags":[],"class_list":["post-14860","post","type-post","status-publish","format-standard","has-post-thumbnail","hentry","category-naturnytt","category-vattenblank"],"_links":{"self":[{"href":"https:\/\/ingemar.alenas.se\/index.php?rest_route=\/wp\/v2\/posts\/14860","targetHints":{"allow":["GET"]}}],"collection":[{"href":"https:\/\/ingemar.alenas.se\/index.php?rest_route=\/wp\/v2\/posts"}],"about":[{"href":"https:\/\/ingemar.alenas.se\/index.php?rest_route=\/wp\/v2\/types\/post"}],"author":[{"embeddable":true,"href":"https:\/\/ingemar.alenas.se\/index.php?rest_route=\/wp\/v2\/users\/1"}],"replies":[{"embeddable":true,"href":"https:\/\/ingemar.alenas.se\/index.php?rest_route=%2Fwp%2Fv2%2Fcomments&post=14860"}],"version-history":[{"count":5,"href":"https:\/\/ingemar.alenas.se\/index.php?rest_route=\/wp\/v2\/posts\/14860\/revisions"}],"predecessor-version":[{"id":14865,"href":"https:\/\/ingemar.alenas.se\/index.php?rest_route=\/wp\/v2\/posts\/14860\/revisions\/14865"}],"wp:featuredmedia":[{"embeddable":true,"href":"https:\/\/ingemar.alenas.se\/index.php?rest_route=\/wp\/v2\/media\/12454"}],"wp:attachment":[{"href":"https:\/\/ingemar.alenas.se\/index.php?rest_route=%2Fwp%2Fv2%2Fmedia&parent=14860"}],"wp:term":[{"taxonomy":"category","embeddable":true,"href":"https:\/\/ingemar.alenas.se\/index.php?rest_route=%2Fwp%2Fv2%2Fcategories&post=14860"},{"taxonomy":"post_tag","embeddable":true,"href":"https:\/\/ingemar.alenas.se\/index.php?rest_route=%2Fwp%2Fv2%2Ftags&post=14860"}],"curies":[{"name":"wp","href":"https:\/\/api.w.org\/{rel}","templated":true}]}}