{"id":14817,"date":"2024-07-26T22:18:22","date_gmt":"2024-07-26T22:18:22","guid":{"rendered":"https:\/\/ingemar.alenas.se\/?p=14817"},"modified":"2024-07-26T22:19:30","modified_gmt":"2024-07-26T22:19:30","slug":"svensk-alforvaltning-en-rotmanadshistoria","status":"publish","type":"post","link":"https:\/\/ingemar.alenas.se\/?p=14817","title":{"rendered":"Svensk \u00e5lf\u00f6rvaltning &#8211; en r\u00f6tm\u00e5nadshistoria"},"content":{"rendered":"\n<p><strong>2024-07-26 I dag l\u00e5g det i v\u00e4rmen 14 ruttnande \u00e5lkroppar p\u00e5 Unipers kraftverksdamm i \u00c4tran vid Yngeredsfors. Stanken var outh\u00e4rdlig liksom synen av denna misshush\u00e5llning och f\u00f6rvaltning av en akut hotad naturresurs.<\/strong><\/p>\n\n\n\n<p>R\u00f6tm\u00e5naden inleds enligt svensk tradition i slutet av&nbsp;fruntimmersveckan under perioden d\u00e5 solen st\u00e5r i Lejonets tecken, det vill s\u00e4ga 22, 23 eller 24 juli. I&nbsp;folktron \u00e4r det \u00e4ven en period fylld av r\u00e4dsla f\u00f6r det onaturliga.<\/p>\n\n\n\n<p>N\u00e4r man h\u00f6r en historia, som man inte tror p\u00e5, s\u00e4ger man det d\u00e4r \u00e4r bara en r\u00f6tm\u00e5nadshistoria. Detta g\u00e4ller inte bara under r\u00f6tm\u00e5naden. Ber\u00e4ttat av: Man f\u00f6dd 1903, Edsele, \u00c5ngermanland (arkivnummer ULMA 32386).<\/p>\n\n\n\n<p>\u201dDet f\u00f6rekom \u2013 m\u00e4rkligt nog \u2013 diverse fenomen inom b\u00e5de djur- och v\u00e4xtriket \u2013 sv\u00e5rf\u00f6rklarliga med f\u00f6r den delen \u2013 v\u00e4l enklast n\u00e5got av naturens nyck som r\u00e5kade intr\u00e4ffa just under r\u00f6tm\u00e5naden \u2013 vilket d\u00e5 ans\u00e5gs vara denna m\u00e5nads orsak.\u201d Ber\u00e4ttat av: Man f\u00f6dd 1905, Ragunda, J\u00e4mtland (arkivnummer ULMA 33863).<\/p>\n\n\n\n<p>V\u00e4dret under r\u00f6tm\u00e5naden f\u00f6rv\u00e4ntades vara nyckfullt med omv\u00e4xlande regn och solsken. Ett alltf\u00f6r j\u00e4mnt v\u00e4der kunde sluta illa &#8211; d\u00e5 skulle det bli \u201dfrost, missv\u00e4xt, farsoter av allehanda slag, f\u00f6ga utbyte av jakt och fiske och t.o.m. ofred ute i &#8217;stora v\u00e4rlden&#8217; \u201d (arkivnummer ULMA 33863). K\u00e4lla: Institutet f\u00f6r spr\u00e5k och folkminnen.<\/p>\n\n\n\n<p>Faktum \u00e4r att \u00e5len i \u00c4tran ruttnar bort, vilket orsakas av vattenkraftens verksamhet. Kraftbolagen i \u00c4tran \u00e4r enligt \u201d\u00c5lplan \u00c4tran\u201d befriade fr\u00e5n att ha fria vandringsv\u00e4gar f\u00f6r \u00e5len. Detta strider mot s\u00e5v\u00e4l vissa vattendomar som mot EU:s \u00e5lf\u00f6rordning \u201d R\u00c5DETS F\u00d6RORDNING (EG) nr 1100\/2007 av den 18 september 2007 om \u00e5tg\u00e4rder f\u00f6r \u00e5terh\u00e4mtning av best\u00e5ndet av europeisk \u00e5l\u201d.<\/p>\n","protected":false},"excerpt":{"rendered":"<p>2024-07-26 I dag l\u00e5g det i v\u00e4rmen 14 ruttnande \u00e5lkroppar p\u00e5 Unipers kraftverksdamm i \u00c4tran vid Yngeredsfors. Stanken var outh\u00e4rdlig liksom synen av denna misshush\u00e5llning och f\u00f6rvaltning av en akut hotad naturresurs. R\u00f6tm\u00e5naden inleds enligt svensk tradition i slutet av&nbsp;fruntimmersveckan under perioden d\u00e5 solen st\u00e5r i Lejonets tecken, det vill s\u00e4ga 22, 23 eller 24 &hellip; <a href=\"https:\/\/ingemar.alenas.se\/?p=14817\" class=\"more-link\">Forts\u00e4tt l\u00e4sa <span class=\"screen-reader-text\">Svensk \u00e5lf\u00f6rvaltning &#8211; en r\u00f6tm\u00e5nadshistoria<\/span> <span class=\"meta-nav\">&rarr;<\/span><\/a><\/p>\n","protected":false},"author":1,"featured_media":14818,"comment_status":"closed","ping_status":"closed","sticky":false,"template":"","format":"standard","meta":{"ngg_post_thumbnail":0,"footnotes":""},"categories":[2,3],"tags":[],"class_list":["post-14817","post","type-post","status-publish","format-standard","has-post-thumbnail","hentry","category-naturnytt","category-vattenblank"],"_links":{"self":[{"href":"https:\/\/ingemar.alenas.se\/index.php?rest_route=\/wp\/v2\/posts\/14817","targetHints":{"allow":["GET"]}}],"collection":[{"href":"https:\/\/ingemar.alenas.se\/index.php?rest_route=\/wp\/v2\/posts"}],"about":[{"href":"https:\/\/ingemar.alenas.se\/index.php?rest_route=\/wp\/v2\/types\/post"}],"author":[{"embeddable":true,"href":"https:\/\/ingemar.alenas.se\/index.php?rest_route=\/wp\/v2\/users\/1"}],"replies":[{"embeddable":true,"href":"https:\/\/ingemar.alenas.se\/index.php?rest_route=%2Fwp%2Fv2%2Fcomments&post=14817"}],"version-history":[{"count":2,"href":"https:\/\/ingemar.alenas.se\/index.php?rest_route=\/wp\/v2\/posts\/14817\/revisions"}],"predecessor-version":[{"id":14820,"href":"https:\/\/ingemar.alenas.se\/index.php?rest_route=\/wp\/v2\/posts\/14817\/revisions\/14820"}],"wp:featuredmedia":[{"embeddable":true,"href":"https:\/\/ingemar.alenas.se\/index.php?rest_route=\/wp\/v2\/media\/14818"}],"wp:attachment":[{"href":"https:\/\/ingemar.alenas.se\/index.php?rest_route=%2Fwp%2Fv2%2Fmedia&parent=14817"}],"wp:term":[{"taxonomy":"category","embeddable":true,"href":"https:\/\/ingemar.alenas.se\/index.php?rest_route=%2Fwp%2Fv2%2Fcategories&post=14817"},{"taxonomy":"post_tag","embeddable":true,"href":"https:\/\/ingemar.alenas.se\/index.php?rest_route=%2Fwp%2Fv2%2Ftags&post=14817"}],"curies":[{"name":"wp","href":"https:\/\/api.w.org\/{rel}","templated":true}]}}