{"id":14777,"date":"2024-06-30T12:37:38","date_gmt":"2024-06-30T12:37:38","guid":{"rendered":"https:\/\/ingemar.alenas.se\/?p=14777"},"modified":"2024-07-05T14:47:56","modified_gmt":"2024-07-05T14:47:56","slug":"hur-mar-atran-och-alen","status":"publish","type":"post","link":"https:\/\/ingemar.alenas.se\/?p=14777","title":{"rendered":"Hur m\u00e5r \u00c4tran och \u00e5len?"},"content":{"rendered":"\n<p><strong>L\u00e4nsstyrelsen i Halland har den 23 december 2023 gjort en nul\u00e4gesbeskrivning av tillst\u00e5ndet i \u00c4tran. Dokumentet har nu varit ute p\u00e5 remiss.  2024-06-24 publicerades slutversionen av tillst\u00e5ndet i \u00c4tran. Syftet med beskrivningen \u00e4r att ge ett underlag inf\u00f6r kommande milj\u00f6pr\u00f6vning av vattenkraften. L\u00e4s dokumenten <a href=\"https:\/\/www.lansstyrelsen.se\/halland\/miljo-och-vatten\/atgarder-och-verksamheter-i-vatten\/dammar-och-vattenkraftverk\/nationell-plan-for-moderna-miljovillkor-for-vattenkraftverk.html\">h\u00e4r.<\/a><\/strong><\/p>\n\n\n\n<p>Det \u00e4r v\u00e4lk\u00e4nt att atlantlaxen minskat med \u00f6ver 95% samt att \u00e5len minskat med \u00f6ver 99%.  Fiskef\u00f6rbud p\u00e5 \u00e5l och lax har inf\u00f6rts men best\u00e5nden forts\u00e4tter att minska. F\u00f6rvaltningsplaner finns f\u00f6r \u00e5l och lax men best\u00e5nden av lax och \u00e5l \u00e5terh\u00e4mtar sig inte. <\/p>\n\n\n\n<p>Enligt HaV (Kling, J. 2012) har fysisk p\u00e5verkan med konnektivitet, korttidsreglering och torrl\u00e4ggning den oj\u00e4mf\u00f6rligt st\u00f6rsta negativa p\u00e5verkan p\u00e5 vattendragens ekologiska status. Vattenkraften, som nu skall milj\u00f6pr\u00f6vas, har sedan b\u00f6rjan av 1900-talet haft denna p\u00e5verkan. L\u00e4nsstyrelsen bed\u00f6mer att 34 500 natursmolt \u00e5rligen d\u00f6r i \u00c4tran enbart p\u00e5 grund av korttidsreglering. \u00d6ver 100 ton lekvandrande \u00e5l d\u00f6r \u00e5rligen i och vid Sveriges vattenkraftverk.<\/p>\n\n\n\n<p><strong>\u00c5lplan \u00c4tran<\/strong> \u00e4r en s\u00e4llsam historia. L\u00e4nsstyrelsen i V\u00e4stra G\u00f6taland ber d\u00e4rf\u00f6r i sitt remissvar sina kollegor p\u00e5 L\u00e4nsstyrelsen i Halland att utveckla nul\u00e4gesbeskrivningen (NB) av \u00e5lplanen. Halland svarar att <strong><em>&#8221;synpunkten \u00e4r beaktad och nul\u00e4gesbeskrivningen \u00e4r uppdaterad&#8221;.<\/em><\/strong> Beskrivningen av \u00c5lplan \u00c4tran p\u00e5 sidan 30 i dokumentet \u00e4r dock inte \u00e4ndrad fr\u00e5n remissversion till slutversion,  utan \u00e4r densamma i varje bokstav.<\/p>\n\n\n\n<p> \u00c4ven \u00c4lvr\u00e4ddarnas Riksorganisation (\u00c4lvR) efterfr\u00e5gar i sitt remissvar <strong>&#8221;om juridiskt beslut om \u00c5lplan \u00c4tran f\u00f6religger d\u00e5 den ligger till grund f\u00f6r nuvarande \u00e5lf\u00f6rvaltning och tillsyn i \u00c4tran&#8221;.&nbsp;&nbsp; <\/strong><\/p>\n\n\n\n<p>L\u00e4nsstyrelsen i Halland svarar \u00c4lvR:\u00a0<strong><em>&#8221;Synpunkterna beaktas men f\u00f6ranleder ingen uppdatering av NB. Det finns inga formella beslut som undantar verksamhetsut\u00f6varna fr\u00e5n att uppfylla sina villkor enligt vattendom. L\u00e4nsstyrelsen kan inte upph\u00e4va eller \u00e4ndra villkor i en vattendom, det m\u00e5ste g\u00e5 via Mark- och milj\u00f6domstolen.\u00a0 En \u00f6versyn av \u00c5lplan \u00c4tran har inte varit aktuell efter att regeringen beslutat om att g\u00f6ra en \u00f6versyn av vattenkraften i Sverige och att denna ska ses \u00f6ver&#8221;.<\/em><\/strong><\/p>\n\n\n\n<p>Sveriges riksdag beslutade 2018 om f\u00f6r\u00e4ndringar i milj\u00f6balken som innebar att Sveriges vattenkraftverk ska ha moderna milj\u00f6villkor.  Domstolarnas ompr\u00f6vning kan komma att ta decennier. Naturligtvis \u00e4r det helt orimligt att L\u00e4nsstyrelsen under denna tid prioriterar bort tillsyn p\u00e5 vattenkraften. L\u00e4nsstyrelsen i Halland menar vidare att det \u00e4r \u00c5lplan \u00c4tran som g\u00e4ller vilket ocks\u00e5 \u00e4r orimligt eftersom den strider mot g\u00e4llande vattendomar. SVT:s Uppdrag granskning filmar vad detta inneb\u00e4r f\u00f6r \u00e5len i \u00c4tran. Se reportaget <a href=\"https:\/\/www.svtplay.se\/video\/KqWLE5w\/uppdrag-granskning\/den-sista-alen\">h\u00e4r.<\/a><\/p>\n\n\n\n<p>Till saken h\u00f6r att \u00c5lplan \u00c4tran har till\u00e4mpats i \u00c4tran sedan 1980-talet. Stadgarna \u00a72 s\u00e4ger att <strong><em>\u201dF\u00f6reningens \u00e4ndam\u00e5l \u00e4r att ink\u00f6pa och utplantera \u00e5lyngel i \u00c4trans vattensystem i enlighet med en av Fiskeriverket fastst\u00e4lld plan. Som kompensation f\u00f6r detta beh\u00f6ver ej ing\u00e5ende medlemmar f\u00f6lja de \u00e5l\u00e4gganden vad g\u00e4ller \u00e5l och \u00e5lens framkomst som finns enligt g\u00e4llande vattendomar\u201d.<\/em><\/strong><\/p>\n\n\n\n<p>Bakgrunden \u00e4r att Fiskeriintendent \u00c5ke Pettersson skriver 1984-03-01 att det \u00e5terfunnits 39 vattendomar med skyldighet f\u00f6r \u00e5l i \u00c4tran och att &#8221;en ompr\u00f6vning av alla domar skulle bli alltf\u00f6r omfattande&#8221;. Fiskeriintendenten f\u00f6resl\u00e5r ist\u00e4llet uts\u00e4ttning av \u00e5l p\u00e5 47 platser i \u00c4tran uppstr\u00f6ms kraftverken. Denna konstruktion kallas f\u00f6r \u00c5lplan \u00c4tran.<\/p>\n\n\n\n<p>Vattenkraftbolagen i \u00c4tran f\u00f6ljer \u00c5lplan \u00c4tran men bryter mot g\u00e4llande vattendomar. L\u00e4nsstyrelsen i Halland har prioriterat bort tillsynen och den \u00e5rliga slakten av \u00e5lyngel och lekvandrande blank\u00e5l kan fortg\u00e5 \u00e5r efter \u00e5r. Varje \u00e5r k\u00f6rs hundratals lekvandrande \u00e5lhonor till tippen. <\/p>\n\n\n\n<p>Situationen \u00e4r kritisk d\u00e5 det \u00e5rligen d\u00f6r ca 140 ton akut hotad \u00e5l i vattenkraftverken i Sverige. Sverige \u00e4r en skamfl\u00e4ck  f\u00f6r Europa n\u00e4r det g\u00e4ller \u00e5lf\u00f6rvaltning och efterlevnad av R\u00c5DETS F\u00d6RORDNING (EG) nr 1100\/2007 av den 18 september 2007 om \u00e5tg\u00e4rder f\u00f6r \u00e5terh\u00e4mtning av best\u00e5ndet av europeisk \u00e5l.<\/p>\n\n\n\n<figure class=\"wp-block-image size-large is-style-default\"><a href=\"https:\/\/ingemar.alenas.se\/wp-content\/uploads\/2023\/11\/Altippen.jpg\"><img loading=\"lazy\" decoding=\"async\" width=\"1024\" height=\"623\" src=\"https:\/\/ingemar.alenas.se\/wp-content\/uploads\/2023\/11\/Altippen-1024x623.jpg\" alt=\"\" class=\"wp-image-14246\" srcset=\"https:\/\/ingemar.alenas.se\/wp-content\/uploads\/2023\/11\/Altippen-1024x623.jpg 1024w, https:\/\/ingemar.alenas.se\/wp-content\/uploads\/2023\/11\/Altippen-300x183.jpg 300w, https:\/\/ingemar.alenas.se\/wp-content\/uploads\/2023\/11\/Altippen-768x467.jpg 768w, https:\/\/ingemar.alenas.se\/wp-content\/uploads\/2023\/11\/Altippen-1536x935.jpg 1536w, https:\/\/ingemar.alenas.se\/wp-content\/uploads\/2023\/11\/Altippen.jpg 1743w\" sizes=\"auto, (max-width: 1024px) 100vw, 1024px\" \/><\/a><figcaption class=\"wp-element-caption\">\u00c4trans \u00e5lar har k\u00f6rts till tippen i \u00f6ver 40 \u00e5r. \u00c5lslakten forts\u00e4tter 2024 &#8211; n\u00e4r skall den upph\u00f6ra? Skall vi agera nu eller skall vi v\u00e4nta tills den sista \u00e5len \u00e4r k\u00f6rd till tippen?<\/figcaption><\/figure>\n","protected":false},"excerpt":{"rendered":"<p>L\u00e4nsstyrelsen i Halland har den 23 december 2023 gjort en nul\u00e4gesbeskrivning av tillst\u00e5ndet i \u00c4tran. Dokumentet har nu varit ute p\u00e5 remiss. 2024-06-24 publicerades slutversionen av tillst\u00e5ndet i \u00c4tran. Syftet med beskrivningen \u00e4r att ge ett underlag inf\u00f6r kommande milj\u00f6pr\u00f6vning av vattenkraften. L\u00e4s dokumenten h\u00e4r. Det \u00e4r v\u00e4lk\u00e4nt att atlantlaxen minskat med \u00f6ver 95% samt &hellip; <a href=\"https:\/\/ingemar.alenas.se\/?p=14777\" class=\"more-link\">Forts\u00e4tt l\u00e4sa <span class=\"screen-reader-text\">Hur m\u00e5r \u00c4tran och \u00e5len?<\/span> <span class=\"meta-nav\">&rarr;<\/span><\/a><\/p>\n","protected":false},"author":1,"featured_media":12454,"comment_status":"closed","ping_status":"open","sticky":false,"template":"","format":"standard","meta":{"ngg_post_thumbnail":0,"footnotes":""},"categories":[2,3],"tags":[],"class_list":["post-14777","post","type-post","status-publish","format-standard","has-post-thumbnail","hentry","category-naturnytt","category-vattenblank"],"_links":{"self":[{"href":"https:\/\/ingemar.alenas.se\/index.php?rest_route=\/wp\/v2\/posts\/14777","targetHints":{"allow":["GET"]}}],"collection":[{"href":"https:\/\/ingemar.alenas.se\/index.php?rest_route=\/wp\/v2\/posts"}],"about":[{"href":"https:\/\/ingemar.alenas.se\/index.php?rest_route=\/wp\/v2\/types\/post"}],"author":[{"embeddable":true,"href":"https:\/\/ingemar.alenas.se\/index.php?rest_route=\/wp\/v2\/users\/1"}],"replies":[{"embeddable":true,"href":"https:\/\/ingemar.alenas.se\/index.php?rest_route=%2Fwp%2Fv2%2Fcomments&post=14777"}],"version-history":[{"count":17,"href":"https:\/\/ingemar.alenas.se\/index.php?rest_route=\/wp\/v2\/posts\/14777\/revisions"}],"predecessor-version":[{"id":14800,"href":"https:\/\/ingemar.alenas.se\/index.php?rest_route=\/wp\/v2\/posts\/14777\/revisions\/14800"}],"wp:featuredmedia":[{"embeddable":true,"href":"https:\/\/ingemar.alenas.se\/index.php?rest_route=\/wp\/v2\/media\/12454"}],"wp:attachment":[{"href":"https:\/\/ingemar.alenas.se\/index.php?rest_route=%2Fwp%2Fv2%2Fmedia&parent=14777"}],"wp:term":[{"taxonomy":"category","embeddable":true,"href":"https:\/\/ingemar.alenas.se\/index.php?rest_route=%2Fwp%2Fv2%2Fcategories&post=14777"},{"taxonomy":"post_tag","embeddable":true,"href":"https:\/\/ingemar.alenas.se\/index.php?rest_route=%2Fwp%2Fv2%2Ftags&post=14777"}],"curies":[{"name":"wp","href":"https:\/\/api.w.org\/{rel}","templated":true}]}}