{"id":14741,"date":"2024-06-12T08:56:43","date_gmt":"2024-06-12T08:56:43","guid":{"rendered":"https:\/\/ingemar.alenas.se\/?p=14741"},"modified":"2024-06-14T08:18:25","modified_gmt":"2024-06-14T08:18:25","slug":"europas-storsta-vattenvardsprojekt","status":"publish","type":"post","link":"https:\/\/ingemar.alenas.se\/?p=14741","title":{"rendered":"Europas st\u00f6rsta vattenv\u00e5rdsprojekt"},"content":{"rendered":"\n<p><strong>2024-06-12 \u00c4tran och H\u00f6gvads\u00e5n ing\u00e5r nu i Europas st\u00f6rsta vattenv\u00e5rdsprojekt som skall p\u00e5g\u00e5 till \u00e5r 2031.<\/strong><\/p>\n\n\n\n<p>Projektet kallas &#8221;Improve Aquatic LIFE&#8221; som satsar n\u00e4ra 400 miljoner kronor bl.a. f\u00f6r att restaurera viktiga milj\u00f6er f\u00f6r vandringsfiskar. De nio L\u00e4nsstyrelserna inom V\u00e4sterhavets- och S\u00f6dra \u00d6stersj\u00f6ns vattendistrikt (V\u00e4rmland, V\u00e4stra G\u00f6taland, Halland, Sk\u00e5ne, Blekinge, Kronoberg, J\u00f6nk\u00f6ping, Kalmar, \u00d6sterg\u00f6tland) tillsammans med Havs- och vattenmyndigheten, Naturv\u00e5rdsverket, Karlstads universitet, G\u00f6teborgs universitet, Lunds universitet, Helsingborgs kommun, Tingsryds kommun och Sportfiskarna deltar i projektet. L\u00e4s mer p\u00e5 L\u00e4nsstyrelsens hemsida <a href=\"https:\/\/www.lansstyrelsen.se\/halland\/om-oss\/nyheter-och-press\/nyheter----halland\/2024-06-11-halland-ingar-i-europas-storsta-vattenvardsprojekt.html\">h\u00e4r<\/a>.<\/p>\n\n\n\n<p><strong><em>&#8221;S\u00e4rskilt fokus l\u00e4ggs p\u00e5 laxen, havsnejon\u00f6ga och \u00e5len som \u00e4r starkt hotade arter i Europa. Genom smarta passagel\u00f6sningar och f\u00f6rb\u00e4ttringar i livsmilj\u00f6er och vattenkvalitet \u00e4r f\u00f6rhoppningen att \u00f6verlevnaden och produktionen kommer att \u00f6ka avsev\u00e4rt&#8221;.<\/em><\/strong><\/p>\n\n\n\n<p>Saken \u00e4r den att \u00c4tran och H\u00f6gvads\u00e5n har Sveriges st\u00f6rsta reproduktion av b\u00e5de havsnejon\u00f6ga och naturligt producerad Atlantlax! Hundratals miljoner har h\u00e4r tidigare satsats p\u00e5 kalknings\u00e5tg\u00e4rder och ca 45 miljoner p\u00e5 restaurering av Hertingforsen med fria vandringsv\u00e4gar. <\/p>\n\n\n\n<p>D\u00e4rf\u00f6r \u00e4r det nu mycket gl\u00e4djande att dessa \u00e5tg\u00e4rder f\u00f6ljs upp med ytterligare \u00e5tg\u00e4rder f\u00f6r vandringsfisken i \u00c4tran. Majfisken, \u00e5len, laxen och havsnejon\u00f6gat har h\u00e4r l\u00e4nge k\u00e4mpat f\u00f6r sin \u00f6verlevnad. Sportfiskarna i \u00c4tran har p\u00e5 eget initiativ  uppr\u00e4ttat ett tillf\u00e4lligt f\u00f6rbud mot att avliva \u00c4tranlax f\u00f6r att s\u00e4kra den hotade laxens fortlevnad och ett \u00e5lfiskef\u00f6rbud har g\u00e4llt sedan l\u00e4nge.<\/p>\n\n\n\n<p>Restaurering av R\u00e4vigeforsen och uppstr\u00f6ms bel\u00e4gna lekomr\u00e5den mellan \u00c4trafors och Yngeredsfors i \u00c4tran har en mycket stor potential.   H\u00e4r skulle kunna produceras lika m\u00e5nga natursmolt av Atlantlax som i dag produceras i samtliga 23 Svenska lax\u00e5ar. Hertingprojektet kan tj\u00e4na som f\u00f6rebild.<\/p>\n\n\n\n<p>L\u00e4nsstyrelsen ber\u00e4knar att enbart korttidsregleringen i \u00c4tran i dag \u00e5rligen sk\u00f6rdar 34500 natursmolt. Hur m\u00e5nga larver av nejon\u00f6ga som omkommer p\u00e5 grund av torrlagda sedimentbankar eller st\u00f6rning pga. korttidsreglering har inte ber\u00e4knats. Nolltappningen (avst\u00e4ngning av vattenf\u00f6det) i H\u00f6gvads\u00e5n har ocks\u00e5 stora konsekvenser f\u00f6r vandringsfisken. L\u00e4s mer <a href=\"https:\/\/ingemar.alenas.se\/?p=14661\">h\u00e4r.<\/a><\/p>\n\n\n\n<p>&#8221;Improve Aquatic LIFE&#8221; kan s\u00e4kra viktiga biotoper f\u00f6r vandringsfisken s\u00e5 att \u00e5len och laxen kan anv\u00e4ndas som en h\u00e5llbar naturresurs i framtiden och inte beh\u00f6ver omfattas av permanent fiskef\u00f6rbud. Det hotade havsnejon\u00f6gat kan r\u00e4ddas. Naturnytt har f\u00f6r ett \u00e5r sedan beskrivit viktiga f\u00f6ruts\u00e4ttningar f\u00f6r att detta LIFE projekt skall lyckas. L\u00e4s mer <a href=\"https:\/\/ingemar.alenas.se\/?p=13827\">h\u00e4r<\/a>.<\/p>\n\n\n\n<p>I dag torrl\u00e4ggs stora lekomr\u00e5den genom nolltappning och korttidsreglering. D\u00e4rf\u00f6r m\u00e5ste ocks\u00e5 vattenkraften ta sitt milj\u00f6ansvar och sluta med nolltappning, korttidsreglering och st\u00e4ngda vandringsv\u00e4gar s\u00e5 att samh\u00e4llets satsningar p\u00e5 milj\u00f6n kan ge de goda effekter som var meningen.<\/p>\n\n\n\n<figure class=\"wp-block-image size-full is-style-default\"><a href=\"https:\/\/ingemar.alenas.se\/wp-content\/uploads\/2022\/07\/IMG20220724190226.jpg\"><img loading=\"lazy\" decoding=\"async\" width=\"1000\" height=\"750\" src=\"https:\/\/ingemar.alenas.se\/wp-content\/uploads\/2022\/07\/IMG20220724190226.jpg\" alt=\"\" class=\"wp-image-12454\" srcset=\"https:\/\/ingemar.alenas.se\/wp-content\/uploads\/2022\/07\/IMG20220724190226.jpg 1000w, https:\/\/ingemar.alenas.se\/wp-content\/uploads\/2022\/07\/IMG20220724190226-300x225.jpg 300w, https:\/\/ingemar.alenas.se\/wp-content\/uploads\/2022\/07\/IMG20220724190226-768x576.jpg 768w\" sizes=\"auto, (max-width: 1000px) 100vw, 1000px\" \/><\/a><figcaption class=\"wp-element-caption\">\u00c4tran nedstr\u00f6ms \u00c4trafors. Korttidsreglering i kombination med torka torrl\u00e4gger stora delar av laxens och havsnjon\u00f6gats lekomr\u00e5den. Laxfiskar och nejon\u00f6gon d\u00f6r om deras lekomr\u00e5den torrl\u00e4ggs av vattenreglering. Restaurering <strong>och<\/strong> moderna milj\u00f6villkor \u00e4r d\u00e4rf\u00f6r f\u00f6ruts\u00e4ttningarna f\u00f6r ett lyckat resultat.<\/figcaption><\/figure>\n","protected":false},"excerpt":{"rendered":"<p>2024-06-12 \u00c4tran och H\u00f6gvads\u00e5n ing\u00e5r nu i Europas st\u00f6rsta vattenv\u00e5rdsprojekt som skall p\u00e5g\u00e5 till \u00e5r 2031. Projektet kallas &#8221;Improve Aquatic LIFE&#8221; som satsar n\u00e4ra 400 miljoner kronor bl.a. f\u00f6r att restaurera viktiga milj\u00f6er f\u00f6r vandringsfiskar. De nio L\u00e4nsstyrelserna inom V\u00e4sterhavets- och S\u00f6dra \u00d6stersj\u00f6ns vattendistrikt (V\u00e4rmland, V\u00e4stra G\u00f6taland, Halland, Sk\u00e5ne, Blekinge, Kronoberg, J\u00f6nk\u00f6ping, Kalmar, \u00d6sterg\u00f6tland) tillsammans &hellip; <a href=\"https:\/\/ingemar.alenas.se\/?p=14741\" class=\"more-link\">Forts\u00e4tt l\u00e4sa <span class=\"screen-reader-text\">Europas st\u00f6rsta vattenv\u00e5rdsprojekt<\/span> <span class=\"meta-nav\">&rarr;<\/span><\/a><\/p>\n","protected":false},"author":1,"featured_media":14668,"comment_status":"closed","ping_status":"closed","sticky":false,"template":"","format":"standard","meta":{"ngg_post_thumbnail":0,"footnotes":""},"categories":[2,3],"tags":[],"class_list":["post-14741","post","type-post","status-publish","format-standard","has-post-thumbnail","hentry","category-naturnytt","category-vattenblank"],"_links":{"self":[{"href":"https:\/\/ingemar.alenas.se\/index.php?rest_route=\/wp\/v2\/posts\/14741","targetHints":{"allow":["GET"]}}],"collection":[{"href":"https:\/\/ingemar.alenas.se\/index.php?rest_route=\/wp\/v2\/posts"}],"about":[{"href":"https:\/\/ingemar.alenas.se\/index.php?rest_route=\/wp\/v2\/types\/post"}],"author":[{"embeddable":true,"href":"https:\/\/ingemar.alenas.se\/index.php?rest_route=\/wp\/v2\/users\/1"}],"replies":[{"embeddable":true,"href":"https:\/\/ingemar.alenas.se\/index.php?rest_route=%2Fwp%2Fv2%2Fcomments&post=14741"}],"version-history":[{"count":19,"href":"https:\/\/ingemar.alenas.se\/index.php?rest_route=\/wp\/v2\/posts\/14741\/revisions"}],"predecessor-version":[{"id":14767,"href":"https:\/\/ingemar.alenas.se\/index.php?rest_route=\/wp\/v2\/posts\/14741\/revisions\/14767"}],"wp:featuredmedia":[{"embeddable":true,"href":"https:\/\/ingemar.alenas.se\/index.php?rest_route=\/wp\/v2\/media\/14668"}],"wp:attachment":[{"href":"https:\/\/ingemar.alenas.se\/index.php?rest_route=%2Fwp%2Fv2%2Fmedia&parent=14741"}],"wp:term":[{"taxonomy":"category","embeddable":true,"href":"https:\/\/ingemar.alenas.se\/index.php?rest_route=%2Fwp%2Fv2%2Fcategories&post=14741"},{"taxonomy":"post_tag","embeddable":true,"href":"https:\/\/ingemar.alenas.se\/index.php?rest_route=%2Fwp%2Fv2%2Ftags&post=14741"}],"curies":[{"name":"wp","href":"https:\/\/api.w.org\/{rel}","templated":true}]}}