{"id":14732,"date":"2024-05-25T15:51:13","date_gmt":"2024-05-25T15:51:13","guid":{"rendered":"https:\/\/ingemar.alenas.se\/?p=14732"},"modified":"2024-05-25T16:00:54","modified_gmt":"2024-05-25T16:00:54","slug":"miljoprovningen-pausas-men-alen-vandrar","status":"publish","type":"post","link":"https:\/\/ingemar.alenas.se\/?p=14732","title":{"rendered":"Milj\u00f6pr\u00f6vningen pausas \u00e5len drabbas"},"content":{"rendered":"\n<p><strong>2024-05-25<em> \u201dRegeringen f\u00f6rl\u00e4nger pausen av vattenkraftens ompr\u00f6vning till 1 juli 2025\u201d.<\/em><\/strong> <strong>Det \u00e4r rubriken p\u00e5 Klimat- och N\u00e4ringslivsdepartementets <a href=\"https:\/\/www.regeringen.se\/pressmeddelanden\/2024\/05\/regeringen-forlanger-pausen-av-vattenkraftens-omprovning-till-1-juli-2025\/\">pressmeddelande<\/a>.<\/strong><\/p>\n\n\n\n<figure class=\"wp-block-image size-large is-style-default\"><a href=\"https:\/\/ingemar.alenas.se\/wp-content\/uploads\/2024\/05\/Al-Atrafors-utan-pase-P2190019.jpg\"><img loading=\"lazy\" decoding=\"async\" width=\"1024\" height=\"690\" src=\"https:\/\/ingemar.alenas.se\/wp-content\/uploads\/2024\/05\/Al-Atrafors-utan-pase-P2190019-1024x690.jpg\" alt=\"\" class=\"wp-image-14733\" srcset=\"https:\/\/ingemar.alenas.se\/wp-content\/uploads\/2024\/05\/Al-Atrafors-utan-pase-P2190019-1024x690.jpg 1024w, https:\/\/ingemar.alenas.se\/wp-content\/uploads\/2024\/05\/Al-Atrafors-utan-pase-P2190019-300x202.jpg 300w, https:\/\/ingemar.alenas.se\/wp-content\/uploads\/2024\/05\/Al-Atrafors-utan-pase-P2190019-768x517.jpg 768w, https:\/\/ingemar.alenas.se\/wp-content\/uploads\/2024\/05\/Al-Atrafors-utan-pase-P2190019-1536x1034.jpg 1536w, https:\/\/ingemar.alenas.se\/wp-content\/uploads\/2024\/05\/Al-Atrafors-utan-pase-P2190019.jpg 1984w\" sizes=\"auto, (max-width: 1024px) 100vw, 1024px\" \/><\/a><figcaption class=\"wp-element-caption\">Tidningen Milj\u00f6aktuellt skrev 2006 om \u00e5ld\u00f6den vid \u00c4trans kraftverk. \u00c5len klassades redan d\u00e5 som utrotningshotad i Sverige.<\/figcaption><\/figure>\n\n\n\n<p>I sj\u00e4lva verket remitterar regeringen ett f\u00f6rslag om att flytta fram datumet f\u00f6r vattenkraftens ans\u00f6kan om milj\u00f6pr\u00f6vning med ytterligare ett \u00e5r. Remissen \u00e4r ett spel f\u00f6r gallerierna d\u00e5 rubriken s\u00e4ger att beslutet redan \u00e4r taget.<\/p>\n\n\n\n<p>Vidare s\u00e4gs i pressmeddelandet: <em>\u201d<strong>Med h\u00e4nsyn till det allvarliga l\u00e4get f\u00f6r <u>elsystemet<\/u> beslutade regeringen i januari 2023 att ompr\u00f6vningen skulle pausas i tolv m\u00e5nader och ompr\u00f6vningssystemet ses \u00f6ver och reformeras. Den ompr\u00f6vningsprocess som fanns p\u00e5 plats d\u00e5 regeringen tilltr\u00e4dde hade brister. Pausen har sedan dess f\u00f6rl\u00e4ngts tv\u00e5 g\u00e5nger, senast till den 1 juni 2024\u201d och nu till 2025.<\/strong><\/em><\/p>\n\n\n\n<p>Pressmeddelandet fr\u00e5n Klimat- och N\u00e4ringslivsdepartementet s\u00e4ger inget om det allvarliga l\u00e4get f\u00f6r \u00e5lbest\u00e5ndet som \u00e4r akut hotat. Endast 0,2 procent av \u00e5lbest\u00e5ndet \u00e5terst\u00e5r. Skadan som vattenkraften orsakar i nul\u00e4get \u00e4r enligt Havs- och Vattenmyndighetens Rapport 2022:2 140&nbsp;000 d\u00f6da lekvandrande \u00e5lar per \u00e5r. Det inneb\u00e4r <strong>att beslutet om pausande av milj\u00f6pr\u00f6vningen under tre \u00e5r orsakat stort lidande och d\u00f6d f\u00f6r sammanlagt 420&nbsp;000 lekvandrande \u00e5lar<\/strong>. Varje \u00e5lhona b\u00e4r p\u00e5 en miljon romkorn per kilo kroppsvikt. Milj\u00f6pr\u00f6vningen ber\u00e4knas dessutom enligt HaV p\u00e5g\u00e5 under en 20-\u00e5rsperiod!<\/p>\n\n\n\n<p>R\u00c5DETS F\u00d6RORDNING (EG) nr 1100\/2007 2007 om \u00e5tg\u00e4rder f\u00f6r \u00e5terh\u00e4mtning av best\u00e5ndet av europeisk \u00e5l kom den 18 september 2007. Enligt f\u00f6rvaltningsplanen f\u00f6r \u00e5l skall varje medlemsstat <strong>snarast<\/strong> vidta l\u00e4mpliga \u00e5tg\u00e4rder f\u00f6r att minska d\u00f6dligheten hos \u00e5l p\u00e5 grund av faktorer utanf\u00f6r fisket, <strong>inklusive vattenkraftturbiner<\/strong>. Denna f\u00f6rordning \u00e4r till alla delar bindande och direkt till\u00e4mplig i alla medlemsstater. Utf\u00e4rdad i Bryssel den 18 september 2007. <br>Sverige riskerar nu b\u00f6ter genom att inte f\u00f6lja EU:s lagar. Men v\u00e4rst drabbas \u00e5len, som riskerar att helt utrotas som art. \u00c5len har hamnat i &#8221;grottekvarnen&#8221;.<\/p>\n","protected":false},"excerpt":{"rendered":"<p>2024-05-25 \u201dRegeringen f\u00f6rl\u00e4nger pausen av vattenkraftens ompr\u00f6vning till 1 juli 2025\u201d. Det \u00e4r rubriken p\u00e5 Klimat- och N\u00e4ringslivsdepartementets pressmeddelande. I sj\u00e4lva verket remitterar regeringen ett f\u00f6rslag om att flytta fram datumet f\u00f6r vattenkraftens ans\u00f6kan om milj\u00f6pr\u00f6vning med ytterligare ett \u00e5r. Remissen \u00e4r ett spel f\u00f6r gallerierna d\u00e5 rubriken s\u00e4ger att beslutet redan \u00e4r taget. Vidare &hellip; <a href=\"https:\/\/ingemar.alenas.se\/?p=14732\" class=\"more-link\">Forts\u00e4tt l\u00e4sa <span class=\"screen-reader-text\">Milj\u00f6pr\u00f6vningen pausas \u00e5len drabbas<\/span> <span class=\"meta-nav\">&rarr;<\/span><\/a><\/p>\n","protected":false},"author":1,"featured_media":0,"comment_status":"closed","ping_status":"closed","sticky":false,"template":"","format":"standard","meta":{"ngg_post_thumbnail":0,"footnotes":""},"categories":[2,3],"tags":[],"class_list":["post-14732","post","type-post","status-publish","format-standard","hentry","category-naturnytt","category-vattenblank"],"_links":{"self":[{"href":"https:\/\/ingemar.alenas.se\/index.php?rest_route=\/wp\/v2\/posts\/14732","targetHints":{"allow":["GET"]}}],"collection":[{"href":"https:\/\/ingemar.alenas.se\/index.php?rest_route=\/wp\/v2\/posts"}],"about":[{"href":"https:\/\/ingemar.alenas.se\/index.php?rest_route=\/wp\/v2\/types\/post"}],"author":[{"embeddable":true,"href":"https:\/\/ingemar.alenas.se\/index.php?rest_route=\/wp\/v2\/users\/1"}],"replies":[{"embeddable":true,"href":"https:\/\/ingemar.alenas.se\/index.php?rest_route=%2Fwp%2Fv2%2Fcomments&post=14732"}],"version-history":[{"count":5,"href":"https:\/\/ingemar.alenas.se\/index.php?rest_route=\/wp\/v2\/posts\/14732\/revisions"}],"predecessor-version":[{"id":14739,"href":"https:\/\/ingemar.alenas.se\/index.php?rest_route=\/wp\/v2\/posts\/14732\/revisions\/14739"}],"wp:attachment":[{"href":"https:\/\/ingemar.alenas.se\/index.php?rest_route=%2Fwp%2Fv2%2Fmedia&parent=14732"}],"wp:term":[{"taxonomy":"category","embeddable":true,"href":"https:\/\/ingemar.alenas.se\/index.php?rest_route=%2Fwp%2Fv2%2Fcategories&post=14732"},{"taxonomy":"post_tag","embeddable":true,"href":"https:\/\/ingemar.alenas.se\/index.php?rest_route=%2Fwp%2Fv2%2Ftags&post=14732"}],"curies":[{"name":"wp","href":"https:\/\/api.w.org\/{rel}","templated":true}]}}