{"id":13987,"date":"2023-08-10T16:55:59","date_gmt":"2023-08-10T16:55:59","guid":{"rendered":"https:\/\/ingemar.alenas.se\/?p=13987"},"modified":"2023-08-13T12:59:42","modified_gmt":"2023-08-13T12:59:42","slug":"strul-i-okome","status":"publish","type":"post","link":"https:\/\/ingemar.alenas.se\/?p=13987","title":{"rendered":"Strul i Okome"},"content":{"rendered":"\n<p class=\"has-medium-font-size\"><strong>2023-08-10 Okome-K\u00f6inge-Svartr\u00e5 hembygdf\u00f6rening har sitt museum inrymt i Okome gamla kvarn vackert bel\u00e4gen i H\u00f6gvads\u00e5ns dalg\u00e5ng vid Stock\u00e5n. Kvarnen har en kulturskatt av gamla f\u00f6rem\u00e5l och omr\u00e5det \u00e4r ekomuseum.<\/strong><\/p>\n\n\n\n<figure class=\"wp-block-image size-large is-style-default\"><a href=\"https:\/\/ingemar.alenas.se\/wp-content\/uploads\/2023\/08\/P5710257.jpg\"><img loading=\"lazy\" decoding=\"async\" width=\"1024\" height=\"576\" src=\"https:\/\/ingemar.alenas.se\/wp-content\/uploads\/2023\/08\/P5710257-1024x576.jpg\" alt=\"\" class=\"wp-image-13995\" srcset=\"https:\/\/ingemar.alenas.se\/wp-content\/uploads\/2023\/08\/P5710257-1024x576.jpg 1024w, https:\/\/ingemar.alenas.se\/wp-content\/uploads\/2023\/08\/P5710257-300x169.jpg 300w, https:\/\/ingemar.alenas.se\/wp-content\/uploads\/2023\/08\/P5710257-768x432.jpg 768w, https:\/\/ingemar.alenas.se\/wp-content\/uploads\/2023\/08\/P5710257.jpg 1400w\" sizes=\"auto, (max-width: 1024px) 100vw, 1024px\" \/><\/a><\/figure>\n\n\n\n<p>Regnov\u00e4dret Hans kunde ha slutat med en katastrof f\u00f6r denna kulturskatt. Den var bara en h\u00e5rsm\u00e5n fr\u00e5n att ha g\u00e5tt f\u00f6rlorad i vattenmassorna. Vattnet steg och rann \u00f6ver dammkr\u00f6net och dammen var n\u00e4ra att brista. En r\u00e5dig person kunde i sista stund \u00f6ppna dammluckorna och r\u00e4dda kvarnbyggnaderna med mus\u00e9et fr\u00e5n underminering och eventuell rasering.<\/p>\n\n\n\n<p>Saken \u00e4r den att Falkenbergs kommun 2015 fick en miljon kronor f\u00f6r att l\u00f6sa problemet med den os\u00e4kra dammen och fiskvandringen. L\u00e4s mer <a href=\"https:\/\/ingemar.alenas.se\/?p=12944\">h\u00e4r.<\/a> F\u00f6rra h\u00f6sten (2022) hade kommunen efter sju \u00e5rs f\u00f6runders\u00f6kningar f\u00f6rbrukat 700 000 kronor av bidraget. Resterande bidrag l\u00e4mnades tillbaka till l\u00e4nsstyrelsen med motiveringen att nu r\u00e4ckte inte pengarna till \u00e5tg\u00e4rder.<\/p>\n\n\n\n<p>Kommunen forts\u00e4tter att kalka Stock\u00e5n f\u00f6r tusentals kronor \u00e5rligen. Laxen stoppas fortfarande av kvarndammen d\u00e4r den sl\u00e5r sig blodig n\u00e4r den hoppar in i berg och betong. \u00c5rligen skulle Stock\u00e5n ovanf\u00f6r Okome producera ca 6000 laxsmolt om den nu inte var utest\u00e4ngd. Det \u00e4r 2\/3 av den m\u00e4ngd smolt som ber\u00e4knas produceras i \u00c4trans huvudf\u00e5ra. V\u00e4rdet av denna \u00e5rliga produktion \u00f6verstiger vida kostnaden f\u00f6r \u00e5terst\u00e4llning av \u00e5ns ursprungliga f\u00f6rlopp. Kommunen underl\u00e5ter att  ta hand om det naturkapital den \u00e4r satt att f\u00f6rvalta.<\/p>\n\n\n\n<p>Hembygdsf\u00f6reningens ekomuseum vid Okome kvarn lever ocks\u00e5 farligt och riskeras att undermineras och svepas med vid n\u00e4sta regnov\u00e4der som kommer efter &#8221;Hans&#8221;. Kulturv\u00e4rden kommer att g\u00e5 f\u00f6rlorade vid n\u00e4sta h\u00f6gfl\u00f6de. VIVAB var ocks\u00e5 ute och \u00e5terst\u00e4llde den raserade v\u00e4gen till kommunens reningsverk.  Denna kostnad l\u00e4r \u00e5terkomma nu n\u00e4r kommunen prioriterat bort restaurering av fria vandringsv\u00e4gar vid Okome.<\/p>\n\n\n\n<p>Kommunen b\u00f6r kanske t\u00e4nka om och slutf\u00f6ra det uppdrag som man fick bidrag till  att r\u00e4dda laxen och kulturarvet i Okome.<\/p>\n\n\n\n<figure class=\"wp-block-image size-large is-style-default\"><a href=\"https:\/\/ingemar.alenas.se\/wp-content\/uploads\/2023\/08\/P5710206.jpg\"><img loading=\"lazy\" decoding=\"async\" width=\"1024\" height=\"576\" src=\"https:\/\/ingemar.alenas.se\/wp-content\/uploads\/2023\/08\/P5710206-1024x576.jpg\" alt=\"\" class=\"wp-image-13996\" srcset=\"https:\/\/ingemar.alenas.se\/wp-content\/uploads\/2023\/08\/P5710206-1024x576.jpg 1024w, https:\/\/ingemar.alenas.se\/wp-content\/uploads\/2023\/08\/P5710206-300x169.jpg 300w, https:\/\/ingemar.alenas.se\/wp-content\/uploads\/2023\/08\/P5710206-768x432.jpg 768w, https:\/\/ingemar.alenas.se\/wp-content\/uploads\/2023\/08\/P5710206.jpg 1400w\" sizes=\"auto, (max-width: 1024px) 100vw, 1024px\" \/><\/a><\/figure>\n\n\n\n<figure class=\"wp-block-image size-large is-style-default\"><a href=\"https:\/\/ingemar.alenas.se\/wp-content\/uploads\/2023\/08\/P5710266.jpg\"><img loading=\"lazy\" decoding=\"async\" width=\"1024\" height=\"576\" src=\"https:\/\/ingemar.alenas.se\/wp-content\/uploads\/2023\/08\/P5710266-1024x576.jpg\" alt=\"\" class=\"wp-image-13998\" srcset=\"https:\/\/ingemar.alenas.se\/wp-content\/uploads\/2023\/08\/P5710266-1024x576.jpg 1024w, https:\/\/ingemar.alenas.se\/wp-content\/uploads\/2023\/08\/P5710266-300x169.jpg 300w, https:\/\/ingemar.alenas.se\/wp-content\/uploads\/2023\/08\/P5710266-768x432.jpg 768w, https:\/\/ingemar.alenas.se\/wp-content\/uploads\/2023\/08\/P5710266.jpg 1400w\" sizes=\"auto, (max-width: 1024px) 100vw, 1024px\" \/><\/a><\/figure>\n\n\n\n<p>L\u00e4s mer vad SVT Nyheter rapporterar om kommunens nedprioritering av \u00e5tg\u00e4rder vid dammen i Okome <br><a href=\"https:\/\/www.svt.se\/nyheter\/lokalt\/halland\/lansstyrelsen-missnojd-med-kommunens-nedprioritering-av-lax-projekt\">https:\/\/www.svt.se\/nyheter\/lokalt\/halland\/lansstyrelsen-missnojd-med-kommunens-nedprioritering-av-lax-projekt<\/a><\/p>\n\n\n\n<p><\/p>\n","protected":false},"excerpt":{"rendered":"<p>2023-08-10 Okome-K\u00f6inge-Svartr\u00e5 hembygdf\u00f6rening har sitt museum inrymt i Okome gamla kvarn vackert bel\u00e4gen i H\u00f6gvads\u00e5ns dalg\u00e5ng vid Stock\u00e5n. Kvarnen har en kulturskatt av gamla f\u00f6rem\u00e5l och omr\u00e5det \u00e4r ekomuseum. Regnov\u00e4dret Hans kunde ha slutat med en katastrof f\u00f6r denna kulturskatt. Den var bara en h\u00e5rsm\u00e5n fr\u00e5n att ha g\u00e5tt f\u00f6rlorad i vattenmassorna. Vattnet steg och &hellip; <a href=\"https:\/\/ingemar.alenas.se\/?p=13987\" class=\"more-link\">Forts\u00e4tt l\u00e4sa <span class=\"screen-reader-text\">Strul i Okome<\/span> <span class=\"meta-nav\">&rarr;<\/span><\/a><\/p>\n","protected":false},"author":1,"featured_media":13993,"comment_status":"closed","ping_status":"closed","sticky":false,"template":"","format":"standard","meta":{"ngg_post_thumbnail":0,"footnotes":""},"categories":[2,3],"tags":[],"class_list":["post-13987","post","type-post","status-publish","format-standard","has-post-thumbnail","hentry","category-naturnytt","category-vattenblank"],"_links":{"self":[{"href":"https:\/\/ingemar.alenas.se\/index.php?rest_route=\/wp\/v2\/posts\/13987","targetHints":{"allow":["GET"]}}],"collection":[{"href":"https:\/\/ingemar.alenas.se\/index.php?rest_route=\/wp\/v2\/posts"}],"about":[{"href":"https:\/\/ingemar.alenas.se\/index.php?rest_route=\/wp\/v2\/types\/post"}],"author":[{"embeddable":true,"href":"https:\/\/ingemar.alenas.se\/index.php?rest_route=\/wp\/v2\/users\/1"}],"replies":[{"embeddable":true,"href":"https:\/\/ingemar.alenas.se\/index.php?rest_route=%2Fwp%2Fv2%2Fcomments&post=13987"}],"version-history":[{"count":9,"href":"https:\/\/ingemar.alenas.se\/index.php?rest_route=\/wp\/v2\/posts\/13987\/revisions"}],"predecessor-version":[{"id":14018,"href":"https:\/\/ingemar.alenas.se\/index.php?rest_route=\/wp\/v2\/posts\/13987\/revisions\/14018"}],"wp:featuredmedia":[{"embeddable":true,"href":"https:\/\/ingemar.alenas.se\/index.php?rest_route=\/wp\/v2\/media\/13993"}],"wp:attachment":[{"href":"https:\/\/ingemar.alenas.se\/index.php?rest_route=%2Fwp%2Fv2%2Fmedia&parent=13987"}],"wp:term":[{"taxonomy":"category","embeddable":true,"href":"https:\/\/ingemar.alenas.se\/index.php?rest_route=%2Fwp%2Fv2%2Fcategories&post=13987"},{"taxonomy":"post_tag","embeddable":true,"href":"https:\/\/ingemar.alenas.se\/index.php?rest_route=%2Fwp%2Fv2%2Ftags&post=13987"}],"curies":[{"name":"wp","href":"https:\/\/api.w.org\/{rel}","templated":true}]}}