{"id":13827,"date":"2023-04-19T21:05:53","date_gmt":"2023-04-19T21:05:53","guid":{"rendered":"https:\/\/ingemar.alenas.se\/?p=13827"},"modified":"2023-04-21T19:32:07","modified_gmt":"2023-04-21T19:32:07","slug":"smoltvandring-i-atran","status":"publish","type":"post","link":"https:\/\/ingemar.alenas.se\/?p=13827","title":{"rendered":"Smoltvandring i \u00c4tran"},"content":{"rendered":"\n<h2 class=\"wp-block-heading\">2023-04-19 Ett s\u00e4kert v\u00e5rtecken \u00e4r \u00e5rets smoltvandring i \u00c4tran. Nu har tusentals laxyngel klarat livet i \u00c4tran och \u00e4r p\u00e5 v\u00e4g till sitt nya havsliv vid Gr\u00f6nland och F\u00e4r\u00f6arna. Vi \u00f6nskar dem lycka till och v\u00e4lkomna tillbaka som fullvuxna kraftfulla \u00c4tranlaxar.<\/h2>\n\n\n\n<p>Men vilken start f\u00e5r nu laxarna p\u00e5 sin l\u00e5nga och m\u00f6dosamma havsresa. Det \u00e4r s\u00e4rskilt viktigt att ha bra kondition och vara stark f\u00f6r att klara livets h\u00e5rda skola i haven. <\/p>\n\n\n\n<p>Trots att det vandrar upp dubbelt s\u00e5 m\u00e5nga leklaxar i \u00c4tran s\u00e5 minskar antalet utvandrande smolt.  Smolten \u00e4r dessutom ofta i usel kondition.<\/p>\n\n\n<div class=\"wp-block-image is-style-default\">\n<figure class=\"aligncenter size-large\"><a href=\"https:\/\/ingemar.alenas.se\/wp-content\/uploads\/2023\/04\/P5500428.jpg\"><img loading=\"lazy\" decoding=\"async\" width=\"1024\" height=\"601\" src=\"https:\/\/ingemar.alenas.se\/wp-content\/uploads\/2023\/04\/P5500428-1024x601.jpg\" alt=\"\" class=\"wp-image-13830\" srcset=\"https:\/\/ingemar.alenas.se\/wp-content\/uploads\/2023\/04\/P5500428-1024x601.jpg 1024w, https:\/\/ingemar.alenas.se\/wp-content\/uploads\/2023\/04\/P5500428-300x176.jpg 300w, https:\/\/ingemar.alenas.se\/wp-content\/uploads\/2023\/04\/P5500428-768x451.jpg 768w, https:\/\/ingemar.alenas.se\/wp-content\/uploads\/2023\/04\/P5500428.jpg 1400w\" sizes=\"auto, (max-width: 1024px) 100vw, 1024px\" \/><\/a><figcaption class=\"wp-element-caption\">2023-04-19 Laxsmolten i H\u00f6gvads\u00e5n \u00e4r ofta sm\u00e5vuxen (13 cm) slank och har fransiga fenor. Smoltantalet har minskat trots att antalet lekfiskar \u00f6kat.<\/figcaption><\/figure>\n<\/div>\n\n<div class=\"wp-block-image is-style-default\">\n<figure class=\"aligncenter size-large\"><a href=\"https:\/\/ingemar.alenas.se\/wp-content\/uploads\/2023\/04\/Smolt-Hogvadsan-2023-04-19-P5500391.jpg\"><img loading=\"lazy\" decoding=\"async\" width=\"1024\" height=\"359\" src=\"https:\/\/ingemar.alenas.se\/wp-content\/uploads\/2023\/04\/Smolt-Hogvadsan-2023-04-19-P5500391-1024x359.jpg\" alt=\"\" class=\"wp-image-13831\" srcset=\"https:\/\/ingemar.alenas.se\/wp-content\/uploads\/2023\/04\/Smolt-Hogvadsan-2023-04-19-P5500391-1024x359.jpg 1024w, https:\/\/ingemar.alenas.se\/wp-content\/uploads\/2023\/04\/Smolt-Hogvadsan-2023-04-19-P5500391-300x105.jpg 300w, https:\/\/ingemar.alenas.se\/wp-content\/uploads\/2023\/04\/Smolt-Hogvadsan-2023-04-19-P5500391-768x269.jpg 768w, https:\/\/ingemar.alenas.se\/wp-content\/uploads\/2023\/04\/Smolt-Hogvadsan-2023-04-19-P5500391-1536x538.jpg 1536w, https:\/\/ingemar.alenas.se\/wp-content\/uploads\/2023\/04\/Smolt-Hogvadsan-2023-04-19-P5500391-2048x717.jpg 2048w\" sizes=\"auto, (max-width: 1024px) 100vw, 1024px\" \/><\/a><figcaption class=\"wp-element-caption\">2023-04-19 Smolten \u00e4r slank och har trasiga ryggfenor och br\u00f6stfenor. Det \u00e4r en d\u00e5lig start p\u00e5 den l\u00e5nga n\u00e4ringsvandringen till Gr\u00f6nland och F\u00e4r\u00f6arna.<\/figcaption><\/figure>\n<\/div>\n\n<div class=\"wp-block-image is-style-default\">\n<figure class=\"aligncenter size-large\"><a href=\"https:\/\/ingemar.alenas.se\/wp-content\/uploads\/2023\/04\/Gyrodactylus-Hogvadsan-2023-04-19-IMG_4377.jpg\"><img loading=\"lazy\" decoding=\"async\" width=\"1024\" height=\"633\" src=\"https:\/\/ingemar.alenas.se\/wp-content\/uploads\/2023\/04\/Gyrodactylus-Hogvadsan-2023-04-19-IMG_4377-1024x633.jpg\" alt=\"\" class=\"wp-image-13832\" srcset=\"https:\/\/ingemar.alenas.se\/wp-content\/uploads\/2023\/04\/Gyrodactylus-Hogvadsan-2023-04-19-IMG_4377-1024x633.jpg 1024w, https:\/\/ingemar.alenas.se\/wp-content\/uploads\/2023\/04\/Gyrodactylus-Hogvadsan-2023-04-19-IMG_4377-300x186.jpg 300w, https:\/\/ingemar.alenas.se\/wp-content\/uploads\/2023\/04\/Gyrodactylus-Hogvadsan-2023-04-19-IMG_4377-768x475.jpg 768w, https:\/\/ingemar.alenas.se\/wp-content\/uploads\/2023\/04\/Gyrodactylus-Hogvadsan-2023-04-19-IMG_4377.jpg 1400w\" sizes=\"auto, (max-width: 1024px) 100vw, 1024px\" \/><\/a><figcaption class=\"wp-element-caption\">2023-04-19 Smoltens d\u00e5liga kondition och \u00f6verlevnad \u00e4r troligen orsakad av kraftig infektion av laxparasiten Gyrodactylus salaris. Parasiten inplanterades p\u00e5 1980-talet i \u00c4tran med sjuk fisk fr\u00e5n Laholms laxodling. Efter sjukdomsutbrott i \u00c4tran minskade \u00f6verlevnaden av \u00c4tranlaxen med 80%. L\u00e4s mer h\u00e4r <a href=\"https:\/\/ingemar.alenas.se\/?p=7279\">Laxparasiten Gyrodactylus | Ingemar Alen\u00e4s (alenas.se)<\/a><\/figcaption><\/figure>\n<\/div>\n\n<div class=\"wp-block-image is-style-default\">\n<figure class=\"aligncenter size-large\"><a href=\"https:\/\/ingemar.alenas.se\/wp-content\/uploads\/2023\/04\/P5500638-kopia.jpg\"><img loading=\"lazy\" decoding=\"async\" width=\"1024\" height=\"817\" src=\"https:\/\/ingemar.alenas.se\/wp-content\/uploads\/2023\/04\/P5500638-kopia-1024x817.jpg\" alt=\"\" class=\"wp-image-13853\" srcset=\"https:\/\/ingemar.alenas.se\/wp-content\/uploads\/2023\/04\/P5500638-kopia-1024x817.jpg 1024w, https:\/\/ingemar.alenas.se\/wp-content\/uploads\/2023\/04\/P5500638-kopia-300x239.jpg 300w, https:\/\/ingemar.alenas.se\/wp-content\/uploads\/2023\/04\/P5500638-kopia-768x613.jpg 768w, https:\/\/ingemar.alenas.se\/wp-content\/uploads\/2023\/04\/P5500638-kopia.jpg 1400w\" sizes=\"auto, (max-width: 1024px) 100vw, 1024px\" \/><\/a><figcaption class=\"wp-element-caption\">2023-04-20  Smolt\/\u00e5rsyngel p\u00e5 ca 10 cm d\u00e4r ryggfenan \u00e4r infekterad av laxparasiten. <\/figcaption><\/figure>\n<\/div>\n\n<div class=\"wp-block-image is-style-default\">\n<figure class=\"aligncenter size-large\"><a href=\"https:\/\/ingemar.alenas.se\/wp-content\/uploads\/2023\/04\/P5500445.jpg\"><img loading=\"lazy\" decoding=\"async\" width=\"1024\" height=\"658\" src=\"https:\/\/ingemar.alenas.se\/wp-content\/uploads\/2023\/04\/P5500445-1024x658.jpg\" alt=\"\" class=\"wp-image-13833\" srcset=\"https:\/\/ingemar.alenas.se\/wp-content\/uploads\/2023\/04\/P5500445-1024x658.jpg 1024w, https:\/\/ingemar.alenas.se\/wp-content\/uploads\/2023\/04\/P5500445-300x193.jpg 300w, https:\/\/ingemar.alenas.se\/wp-content\/uploads\/2023\/04\/P5500445-768x493.jpg 768w, https:\/\/ingemar.alenas.se\/wp-content\/uploads\/2023\/04\/P5500445.jpg 1400w\" sizes=\"auto, (max-width: 1024px) 100vw, 1024px\" \/><\/a><figcaption class=\"wp-element-caption\">2023-04-19 Vissa laxsmolt har f\u00f6rkortade k\u00e4kar vilket \u00e4r ett tecken p\u00e5 st\u00f6rd tillv\u00e4xt. <\/figcaption><\/figure>\n<\/div>\n\n\n<p>L\u00e4nsstyrelserna i Sk\u00e5ne och Halland m.fl. l\u00e4n satsar nu p\u00e5 ett EU Life projekt i m\u00e5ngmiljonklassen f\u00f6r att v\u00e4rna om m\u00e5larterna lax, havsnejon\u00f6ga, flodp\u00e4rlmussla och \u00e5l. Lekbottnar, uppv\u00e4xtomr\u00e5den och fria vandringsv\u00e4gar skall nu ordnas bl.a. i \u00c4tran f\u00f6r dessa arter. Det \u00e4r mycket lovv\u00e4rt.<\/p>\n\n\n\n<p>F\u00f6r att denna stora EU-satsning skall lyckas \u00e4r det mycket viktigt att man ser den ekologiska helheten s\u00e5 att man inte r\u00e4ddar laxar som kommer att d\u00f6 en s\u00e4ker d\u00f6d av andra orsaker. Konnektivitet och fysisk p\u00e5verkan \u00e4r n\u00e5gra av dagens nyckelfr\u00e5gor f\u00f6r vandringsfiskens \u00f6verlevnad.<\/p>\n\n\n\n<ol class=\"wp-block-list\">\n<li>Samordna EU-projektet med NAP den nationella milj\u00f6pr\u00f6vningen av vattenkraften. Vattenkraftens turbiner, galler och dammar f\u00e5r inte ta d\u00f6d p\u00e5 de fiskar som r\u00e4ddas. Fisken skall inte f\u00f6rsvagas eller d\u00f6 av korttidsreglering eller torrl\u00e4ggning (nolltappning).<\/li>\n\n\n\n<li>Samarbeta med Norges forskning av laxparasiten. Norge testar \u00e5tg\u00e4rder mot laxparasiten som annars d\u00f6dar en stor andel av producerade laxyngel. \u00c4ven svensk lax \u00e4r k\u00e4nslig f\u00f6r laxparasiten vilket visas i akvariestudier!<\/li>\n\n\n\n<li>S\u00f6k EU-medel f\u00f6r kalknings\u00e5tg\u00e4rder. Sverige och Halland har en stor andel f\u00f6rsurade sj\u00f6ar och vattendrag vilket orsakar d\u00f6d av m\u00e5larter. Falkenbergs kommun fick 2010 en miljon kronor i EU-bidrag f\u00f6r kalkning av svenska sj\u00f6ar d\u00e4r \u00e5len var m\u00e5lart.<\/li>\n\n\n\n<li>Kolla fr\u00e4mmande \u00e4mnens inverkan p\u00e5 m\u00e5larterna. L\u00e4kemedel, hormonst\u00f6rande \u00e4mnen, bek\u00e4mpningsmedel och p\u00e5verkan fr\u00e5n P-platser kan vara st\u00f6rningsmoment f\u00f6r vandringsfiskarnas k\u00e4nsliga ekologi.<\/li>\n<\/ol>\n\n\n\n<p>I dag har vi kunskapen hur vandringsfisken skall r\u00e4ddas. Det \u00e4r nu dags att prioritera milj\u00f6n och den akut hotade vandringsfisken innan det \u00e4r f\u00f6r sent. Vi har f\u00e5tt denna h\u00e5llbara resurs till l\u00e5ns. D\u00e4rf\u00f6r skall vi f\u00f6rvalta resursen och inte byta ut den mot kortsiktiga ekonomiska vinster. V\u00e5rt grannland Finland har v\u00e4rderat en \u00e5l till 3510 euro och en insj\u00f6lax till 7510 euro. \u00c4trans \u00e5rliga produktion av lax och \u00e5l \u00e4r med denna m\u00e5ttstock v\u00e4rd m\u00e5ngmiljardbelopp. \u00c4tran \u00e4r v\u00e4rd att v\u00e5rda!<\/p>\n","protected":false},"excerpt":{"rendered":"<p>2023-04-19 Ett s\u00e4kert v\u00e5rtecken \u00e4r \u00e5rets smoltvandring i \u00c4tran. Nu har tusentals laxyngel klarat livet i \u00c4tran och \u00e4r p\u00e5 v\u00e4g till sitt nya havsliv vid Gr\u00f6nland och F\u00e4r\u00f6arna. Vi \u00f6nskar dem lycka till och v\u00e4lkomna tillbaka som fullvuxna kraftfulla \u00c4tranlaxar. Men vilken start f\u00e5r nu laxarna p\u00e5 sin l\u00e5nga och m\u00f6dosamma havsresa. Det \u00e4r &hellip; <a href=\"https:\/\/ingemar.alenas.se\/?p=13827\" class=\"more-link\">Forts\u00e4tt l\u00e4sa <span class=\"screen-reader-text\">Smoltvandring i \u00c4tran<\/span> <span class=\"meta-nav\">&rarr;<\/span><\/a><\/p>\n","protected":false},"author":1,"featured_media":7312,"comment_status":"closed","ping_status":"closed","sticky":false,"template":"","format":"standard","meta":{"ngg_post_thumbnail":0,"footnotes":""},"categories":[2,3],"tags":[],"class_list":["post-13827","post","type-post","status-publish","format-standard","has-post-thumbnail","hentry","category-naturnytt","category-vattenblank"],"_links":{"self":[{"href":"https:\/\/ingemar.alenas.se\/index.php?rest_route=\/wp\/v2\/posts\/13827","targetHints":{"allow":["GET"]}}],"collection":[{"href":"https:\/\/ingemar.alenas.se\/index.php?rest_route=\/wp\/v2\/posts"}],"about":[{"href":"https:\/\/ingemar.alenas.se\/index.php?rest_route=\/wp\/v2\/types\/post"}],"author":[{"embeddable":true,"href":"https:\/\/ingemar.alenas.se\/index.php?rest_route=\/wp\/v2\/users\/1"}],"replies":[{"embeddable":true,"href":"https:\/\/ingemar.alenas.se\/index.php?rest_route=%2Fwp%2Fv2%2Fcomments&post=13827"}],"version-history":[{"count":17,"href":"https:\/\/ingemar.alenas.se\/index.php?rest_route=\/wp\/v2\/posts\/13827\/revisions"}],"predecessor-version":[{"id":13855,"href":"https:\/\/ingemar.alenas.se\/index.php?rest_route=\/wp\/v2\/posts\/13827\/revisions\/13855"}],"wp:featuredmedia":[{"embeddable":true,"href":"https:\/\/ingemar.alenas.se\/index.php?rest_route=\/wp\/v2\/media\/7312"}],"wp:attachment":[{"href":"https:\/\/ingemar.alenas.se\/index.php?rest_route=%2Fwp%2Fv2%2Fmedia&parent=13827"}],"wp:term":[{"taxonomy":"category","embeddable":true,"href":"https:\/\/ingemar.alenas.se\/index.php?rest_route=%2Fwp%2Fv2%2Fcategories&post=13827"},{"taxonomy":"post_tag","embeddable":true,"href":"https:\/\/ingemar.alenas.se\/index.php?rest_route=%2Fwp%2Fv2%2Ftags&post=13827"}],"curies":[{"name":"wp","href":"https:\/\/api.w.org\/{rel}","templated":true}]}}