{"id":13784,"date":"2023-04-05T15:38:12","date_gmt":"2023-04-05T15:38:12","guid":{"rendered":"https:\/\/ingemar.alenas.se\/?p=13784"},"modified":"2023-04-05T21:49:18","modified_gmt":"2023-04-05T21:49:18","slug":"tranorna-trumpetar","status":"publish","type":"post","link":"https:\/\/ingemar.alenas.se\/?p=13784","title":{"rendered":"<strong>Tranorna trumpetar<\/strong>"},"content":{"rendered":"\n<h2 class=\"wp-block-heading\">2023-04-05 <strong>Tranorna trumpetar ut sin lycka \u00f6ver att varje v\u00e5r f\u00e5 \u00e5terv\u00e4nda till sina h\u00e4ckningsplatser i Norden. \u00d6vervintringen har skett p\u00e5 varmare breddgrader vid Medelhavet.<\/strong><\/h2>\n\n\n\n<p>T\u00e4nk tanken om vi pl\u00f6tsligt skulle stoppa alla v\u00e5rens flyttf\u00e5glar genom att bygga barri\u00e4rer som de inte kunde passera. Skogarnas och myrarnas f\u00e5gels\u00e5ng och lockrop skulle tystna.<\/p>\n\n\n\n<p>T\u00e4nk om de sedan skulle stoppas p\u00e5 sin vandring till Medelhavet. De skulle tvingas att passera genom vindkraftverkens rotorblad. D\u00e4r skulle alla f\u00e5glar d\u00f6, samlas in och k\u00f6ras till tippen.<\/p>\n\n\n\n<p>Vindkraftbolagen skulle som kompensation samla in n\u00e5gra tranor och trastar i Frankrike och flyga dem f\u00f6rbi vindkraftverken hem till deras v\u00e5tmarker och skogar. S\u00e5 vore problemet \u201dl\u00f6st\u201d. \u00c4ven om de r\u00e4ddade f\u00e5glarna sedan skulle d\u00f6 i kraftverken p\u00e5 sin \u00e5rliga vandring tillbaka till Medelhavet.<\/p>\n\n\n<div class=\"wp-block-image is-style-default\">\n<figure class=\"aligncenter size-large\"><a href=\"https:\/\/ingemar.alenas.se\/wp-content\/uploads\/2023\/04\/P5470865.jpg\"><img loading=\"lazy\" decoding=\"async\" width=\"1024\" height=\"862\" src=\"https:\/\/ingemar.alenas.se\/wp-content\/uploads\/2023\/04\/P5470865-1024x862.jpg\" alt=\"\" class=\"wp-image-13806\" srcset=\"https:\/\/ingemar.alenas.se\/wp-content\/uploads\/2023\/04\/P5470865-1024x862.jpg 1024w, https:\/\/ingemar.alenas.se\/wp-content\/uploads\/2023\/04\/P5470865-300x253.jpg 300w, https:\/\/ingemar.alenas.se\/wp-content\/uploads\/2023\/04\/P5470865-768x647.jpg 768w, https:\/\/ingemar.alenas.se\/wp-content\/uploads\/2023\/04\/P5470865.jpg 1500w\" sizes=\"auto, (max-width: 1024px) 100vw, 1024px\" \/><\/a><figcaption class=\"wp-element-caption\">2023-04-03 Trandansen vid Hornborgasj\u00f6n<\/figcaption><\/figure>\n<\/div>\n\n\n<p>Detta \u00e4r naturligtvis ett helt osannolikt scenario f\u00f6r alla natur- och f\u00e5gel\u00e4lskare. Trandansens internationella dragningskraft skulle f\u00f6rsvinna i takt med tranornas decimering. Men ingen skulle v\u00e4l ens komma p\u00e5 tanken att stoppa de livsviktiga vandringsv\u00e4garna f\u00f6r tiotusentals tranor som  \u00e5rligen samlas vid Hornborgasj\u00f6n?<\/p>\n\n\n\n<p>Tyv\u00e4rr \u00e4r det just n\u00e5got liknande som sker n\u00e4r det byggs tusentals dammar och kraftverk i alla Sveriges fiskrika vattendrag d\u00e4r all vandring av lax fr\u00e5n Gr\u00f6nland och \u00e5l fr\u00e5n Sargasso stoppas. Det r\u00f6r sig om tiotusentals fiskar som \u00e4r utest\u00e4ngda enbart fr\u00e5n \u00c4tran. Det sker i \u00c4tradalen, men under ytan.<\/p>\n\n\n\n<p>Intresset f\u00f6r \u00c4trans en g\u00e5ng ber\u00f6mda laxfiske h\u00e5ller p\u00e5 att tyna bort med de f\u00f6rlorade naturresurserna. Endast fem procent av Atlantlaxen \u00e5terst\u00e5r. Engelsm\u00e4nnen och franska hertigar har slutat att \u00e5ka till Falkenberg f\u00f6r att fiska lax. Laxstugan vid Falkenbergs Laxfiske var st\u00e4ngd p\u00e5 laxpremi\u00e4ren den 1 april 2023. F\u00f6r inte l\u00e4nge sedan var det en \u00e5rlig folkfest med laxmacka och information om fiskev\u00e5rden i \u00c4tran av Falkenbergs kommun.<\/p>\n\n\n<div class=\"wp-block-image is-style-default\">\n<figure class=\"aligncenter size-full\"><a href=\"https:\/\/ingemar.alenas.se\/wp-content\/uploads\/2023\/04\/Laxfiske-i-Atran-mitt-i-Falkenbergs-centrum-ca-ar-1900.jpg\"><img loading=\"lazy\" decoding=\"async\" width=\"425\" height=\"262\" src=\"https:\/\/ingemar.alenas.se\/wp-content\/uploads\/2023\/04\/Laxfiske-i-Atran-mitt-i-Falkenbergs-centrum-ca-ar-1900.jpg\" alt=\"\" class=\"wp-image-13789\" srcset=\"https:\/\/ingemar.alenas.se\/wp-content\/uploads\/2023\/04\/Laxfiske-i-Atran-mitt-i-Falkenbergs-centrum-ca-ar-1900.jpg 425w, https:\/\/ingemar.alenas.se\/wp-content\/uploads\/2023\/04\/Laxfiske-i-Atran-mitt-i-Falkenbergs-centrum-ca-ar-1900-300x185.jpg 300w\" sizes=\"auto, (max-width: 425px) 100vw, 425px\" \/><\/a><figcaption class=\"wp-element-caption\">Laxfiskets blomstringstid f\u00f6re utbyggnaden av vattenkraften i \u00c4tran. \u00c5terst\u00e4llande av \u00c4tran mellan \u00c4trafors och Yngeredsfors skulle kunna tiodubbla dagens produktion av \u00c4tranlax.<\/figcaption><\/figure>\n<\/div>\n\n\n<p>\u00c5len \u00e4r akut hotad och n\u00e5gra f\u00e5 procent \u00e5terst\u00e5r. Nejon\u00f6gonen och majfisken lever p\u00e5 utrotningens brant och \u00e4r i akut behov av \u00e5tg\u00e4rder. \u00c4r d\u00e5 alla vandringsfiskar helt f\u00f6rlorade i v\u00e5ra svenska vattendrag? Den goda nyheten \u00e4r att fisken kan r\u00e4ddas med r\u00e4tt \u00e5tg\u00e4rder f\u00f6r fria vandringsv\u00e4gar.<\/p>\n\n\n\n<p>Det goda exemplet finns vid Hertings kraftverk i \u00c4tran d\u00e4r fria vandringsv\u00e4gar ordnats f\u00f6r alla fiskarter b\u00e5de upp- och nedstr\u00f6ms. Sanningen \u00e4r den att detta goda exempel skulle kunna f\u00f6ljas vid merparten av Sveriges kraftverk och dammar, om viljan fanns. Tio miljarder kronor finns redan avsatta f\u00f6r \u00e5tg\u00e4rder. Kraftverken i \u00c4tran uppstr\u00f6ms Herting v\u00e4ntar nu p\u00e5 att milj\u00f6pr\u00f6vas.<\/p>\n\n\n\n<p>Nationella planen (NAP) inneb\u00e4r att alla vattenkraftverk och dammar skall milj\u00f6pr\u00f6vas f\u00f6r att energim\u00e5l och milj\u00f6m\u00e5l skall j\u00e4mst\u00e4llas. Vi \u00e4r l\u00e5ngt fr\u00e5n att uppn\u00e5 de nationellt och internationellt antagna milj\u00f6m\u00e5l som svenska regeringen beslutat och d\u00e4refter pausat. <\/p>\n\n\n\n<p>Viktigast av allt \u00e4r att vi behandlar naturen med respekt s\u00e5 att inte naturens ekosystemtj\u00e4nster till oss f\u00f6rsvinner. Det handlar om v\u00e5rt landskapsdjur laxen. Det handlar om vi skall bli den generation som r\u00e4ddar eller stj\u00e4lper \u00e5len med flera arter. Det finns b\u00e5de pengar och kunskap hur vi skall r\u00e4dda laxen och \u00e5len med fria vandringsv\u00e4gar. Mister vi respekten f\u00f6r naturen och fisken kan det bli \u00e4lgen, hjorten, fiskgjusen och tranan som st\u00e5r p\u00e5 tur h\u00e4rn\u00e4st. Lyssna till tranans trumpetande. L\u00e5t Hallands natur och laxar leva!<\/p>\n","protected":false},"excerpt":{"rendered":"<p>2023-04-05 Tranorna trumpetar ut sin lycka \u00f6ver att varje v\u00e5r f\u00e5 \u00e5terv\u00e4nda till sina h\u00e4ckningsplatser i Norden. \u00d6vervintringen har skett p\u00e5 varmare breddgrader vid Medelhavet. T\u00e4nk tanken om vi pl\u00f6tsligt skulle stoppa alla v\u00e5rens flyttf\u00e5glar genom att bygga barri\u00e4rer som de inte kunde passera. Skogarnas och myrarnas f\u00e5gels\u00e5ng och lockrop skulle tystna. T\u00e4nk om de &hellip; <a href=\"https:\/\/ingemar.alenas.se\/?p=13784\" class=\"more-link\">Forts\u00e4tt l\u00e4sa <span class=\"screen-reader-text\"><strong>Tranorna trumpetar<\/strong><\/span> <span class=\"meta-nav\">&rarr;<\/span><\/a><\/p>\n","protected":false},"author":1,"featured_media":13785,"comment_status":"closed","ping_status":"closed","sticky":false,"template":"","format":"standard","meta":{"ngg_post_thumbnail":0,"footnotes":""},"categories":[2,3],"tags":[],"class_list":["post-13784","post","type-post","status-publish","format-standard","has-post-thumbnail","hentry","category-naturnytt","category-vattenblank"],"_links":{"self":[{"href":"https:\/\/ingemar.alenas.se\/index.php?rest_route=\/wp\/v2\/posts\/13784","targetHints":{"allow":["GET"]}}],"collection":[{"href":"https:\/\/ingemar.alenas.se\/index.php?rest_route=\/wp\/v2\/posts"}],"about":[{"href":"https:\/\/ingemar.alenas.se\/index.php?rest_route=\/wp\/v2\/types\/post"}],"author":[{"embeddable":true,"href":"https:\/\/ingemar.alenas.se\/index.php?rest_route=\/wp\/v2\/users\/1"}],"replies":[{"embeddable":true,"href":"https:\/\/ingemar.alenas.se\/index.php?rest_route=%2Fwp%2Fv2%2Fcomments&post=13784"}],"version-history":[{"count":20,"href":"https:\/\/ingemar.alenas.se\/index.php?rest_route=\/wp\/v2\/posts\/13784\/revisions"}],"predecessor-version":[{"id":13814,"href":"https:\/\/ingemar.alenas.se\/index.php?rest_route=\/wp\/v2\/posts\/13784\/revisions\/13814"}],"wp:featuredmedia":[{"embeddable":true,"href":"https:\/\/ingemar.alenas.se\/index.php?rest_route=\/wp\/v2\/media\/13785"}],"wp:attachment":[{"href":"https:\/\/ingemar.alenas.se\/index.php?rest_route=%2Fwp%2Fv2%2Fmedia&parent=13784"}],"wp:term":[{"taxonomy":"category","embeddable":true,"href":"https:\/\/ingemar.alenas.se\/index.php?rest_route=%2Fwp%2Fv2%2Fcategories&post=13784"},{"taxonomy":"post_tag","embeddable":true,"href":"https:\/\/ingemar.alenas.se\/index.php?rest_route=%2Fwp%2Fv2%2Ftags&post=13784"}],"curies":[{"name":"wp","href":"https:\/\/api.w.org\/{rel}","templated":true}]}}