{"id":13753,"date":"2023-03-31T09:40:29","date_gmt":"2023-03-31T09:40:29","guid":{"rendered":"https:\/\/ingemar.alenas.se\/?p=13753"},"modified":"2023-03-31T15:31:43","modified_gmt":"2023-03-31T15:31:43","slug":"atran-skall-raddas","status":"publish","type":"post","link":"https:\/\/ingemar.alenas.se\/?p=13753","title":{"rendered":"<strong>\u00c4tran skall r\u00e4ddas<\/strong>"},"content":{"rendered":"\n<p><strong>2023-03-31 \u00c4trans vattenr\u00e5d kallar till storm\u00f6te med \u00f6ppet hus f\u00f6r att diskutera \u00c4trans och H\u00f6gvads\u00e5ns framtid. M\u00f6tet \u00e4ger rum den 13 april klockan 17:00-20:00 i Ullareds bygdeg\u00e5rd.<\/strong><\/p>\n\n\n\n<p>R\u00e5det har f\u00e5tt pengar fr\u00e5n l\u00e4nsstyrelsen f\u00f6r att samla in \u00e5tg\u00e4rdsf\u00f6rslag till ett omfattande EU-projekt samt till kommande milj\u00f6pr\u00f6vning av vattendomar i nationella planen (NAP).<\/p>\n\n\n\n<p>R\u00e5det skriver: <em>\u201d\u00c4tran kommer ing\u00e5 som ett av flera vattendrag i en kommande EU LIFE projektans\u00f6kan som g\u00e5r under arbetsnamnet LIFE ReSource2Sea. Ans\u00f6kans syfte \u00e4r att genomf\u00f6ra \u00e5tg\u00e4rder som st\u00e4rker livsmilj\u00f6n f\u00f6r de hotade arter som finns i omr\u00e5det. Arterna som prioriteras \u00e4r havsnejon\u00f6ga, lax och flodp\u00e4rlmussla\u201d.<\/em><\/p>\n\n\n\n<p>Det \u00e4r gl\u00e4djande om det nu skall g\u00f6ras \u00e5tg\u00e4rder f\u00f6r fiskens, naturens och ekoturismens b\u00e4sta i \u00c4tran. Det \u00e4r h\u00f6g tid d\u00e5 det \u00e5terst\u00e5r 1% av \u00e5len, 5% av atlantlaxen och endast en spillra av forna best\u00e5nd av nejon\u00f6gon och Alosasillarna majfisk och staksill. <\/p>\n\n\n\n<p>\u00c4trans vattenr\u00e5d har ett recipientkontrollprogram f\u00f6r \u00c4tran. Det \u00e4r \u00f6nskv\u00e4rt att verksamhetsut\u00f6varna dokumenterar f\u00f6rlusten av \u00e5l, lax m.fl. arter vilket inte sker i dag. Kunskap beh\u00f6vs f\u00f6r att p\u00e5 r\u00e4tt s\u00e4tt \u00e5tg\u00e4rda problemet med f\u00f6rlusten av biologisk m\u00e5ngfald.<\/p>\n\n\n<div class=\"wp-block-image is-style-default\">\n<figure class=\"aligncenter size-large\"><a href=\"https:\/\/ingemar.alenas.se\/wp-content\/uploads\/2022\/03\/P3060153-kopia.jpg\"><img loading=\"lazy\" decoding=\"async\" width=\"1024\" height=\"576\" src=\"https:\/\/ingemar.alenas.se\/wp-content\/uploads\/2022\/03\/P3060153-kopia-1024x576.jpg\" alt=\"\" class=\"wp-image-11969\" srcset=\"https:\/\/ingemar.alenas.se\/wp-content\/uploads\/2022\/03\/P3060153-kopia-1024x576.jpg 1024w, https:\/\/ingemar.alenas.se\/wp-content\/uploads\/2022\/03\/P3060153-kopia-300x169.jpg 300w, https:\/\/ingemar.alenas.se\/wp-content\/uploads\/2022\/03\/P3060153-kopia-768x432.jpg 768w, https:\/\/ingemar.alenas.se\/wp-content\/uploads\/2022\/03\/P3060153-kopia.jpg 1400w\" sizes=\"auto, (max-width: 1024px) 100vw, 1024px\" \/><\/a><figcaption class=\"wp-element-caption\">\u00c4trans vattenr\u00e5d har hand om recipientkontrolen i \u00c4tran. Deras medlemmar kraftbolagen rapporterar inte om p\u00e5g\u00e5ende f\u00f6rlust av fisk.<\/figcaption><\/figure>\n<\/div>\n\n\n<p>Havs- och Vattenmyndigheten m.fl. rapporterar att det \u00e4r fysisk p\u00e5verkan och konnektivitet som \u00e4r huvudorsaken till den drastiska \u00e5rliga fiskd\u00f6den av ca 61 000 \u00e4transmolt. D\u00e4rf\u00f6r \u00e4r det ocks\u00e5 givet vilka \u00e5tg\u00e4rder som kan ge positiv effekt p\u00e5 de internationellt skyddade (N2000 art- och habitatdirektivet) naturv\u00e4rdena i \u00c4tran:<\/p>\n\n\n\n<ol class=\"wp-block-list\">\n<li>\u00c5tg\u00e4rda \u00f6verd\u00e4mning av str\u00e4ckan \u00c4trafors-Yngeredsfors och \u00e5terst\u00e4ll \u00c4trans tidigare \u00e5f\u00e5ra. Fri fiskvandring och hydrologisk regim \u00e5terst\u00e4lls.<\/li>\n\n\n\n<li>\u00c5tg\u00e4rda all korttidsreglering av \u00c4tran.<\/li>\n\n\n\n<li>\u00c5tg\u00e4rda med minimitappning i alla torrlagda \u00e5f\u00e5ror.<\/li>\n\n\n\n<li>\u00c5tg\u00e4rda nolltappning i alla kraftverk ex \u00d6dg\u00e4rdet i \u00c4lvsered.<\/li>\n\n\n\n<li>\u00c5tg\u00e4rda alla vandringshinder och regleringar i samtliga bifl\u00f6den till \u00c4tran och H\u00f6gvads\u00e5n (ex Vin\u00e5n och Stock\u00e5n)<\/li>\n\n\n\n<li>Samarbeta med norsk expertis f\u00f6r \u00e5tg\u00e4rder mot laxparasiten<\/li>\n\n\n\n<li>L\u00e5t EU ta sitt ansvar f\u00f6r kalkningsverksamheten<\/li>\n<\/ol>\n\n\n\n<p>Falkenbergs kommun har i Hertingprojektet visat att det finns teknik f\u00f6r att \u00e5tg\u00e4rda b\u00e5de \u00e5terst\u00e4llning av f\u00f6rlorade forsar och fri fiskvandring b\u00e5de uppstr\u00f6ms och nedstr\u00f6ms f\u00f6r alla fiskarter. Falkenbergs Energi ger fortfarande vinst d\u00e5 insatsen f\u00f6r milj\u00f6n motsvarade ca ett vindkraftverk. Falkenbergs kommun har tidigare s\u00f6kt och erh\u00e5llit EU-bidrag f\u00f6r kalknings\u00e5tg\u00e4rder. <\/p>\n\n\n\n<p>F\u00f6reslagna \u00e5tg\u00e4rder f\u00f6r att \u00e5terl\u00e4mna f\u00f6rlorade habitat \u00e4r avg\u00f6rande f\u00f6r \u00c4trans fortsatt rika produktion av ekosystemtj\u00e4nster. P\u00e5g\u00e5ende korttidsreglering f\u00f6rst\u00f6r helt livsbetingelserna f\u00f6r lax, havsnejon\u00f6ga och flodp\u00e4rlmussla med flera arter. Fria vandringsv\u00e4gar och naturlig hydrologisk regim med borttagande av dammar och skadlig reglering \u00e4r nyckeln till \u00c4trans framtid f\u00f6r god ekologisk status (GES) som producent av lax och \u00e5l. EU-projekt och milj\u00f6pr\u00f6vning kan nu samverka s\u00e5 att \u00c4tran r\u00e4ddas.<\/p>\n\n\n\n<p>P\u00e5verkan p\u00e5 Unipers energivinst \u00e4r endast marginell liksom reglerbidraget. \u00c4trafors vattenkraftverk producerar energi motsvarande 8 vindkraftverk. Bra Milj\u00f6val \u00e4r d\u00e4rf\u00f6r i detta fall att v\u00e4ja produktion av lax, havs\u00f6ring, havsnejon\u00f6ga, \u00e5l och flodp\u00e4rlmussla samt ekoturism som alternativ till energiproduktion p\u00e5 str\u00e4ckan mellan Yngeredsfors och \u00c4trafors.<\/p>\n\n\n\n<p>Nu ser vi fram emot \u00c4trans vattenr\u00e5ds och l\u00e4nsstyrelsens gemensamma redovisning av hur de t\u00e4nkt att \u00c4tran skall r\u00e4ddas med hj\u00e4lp av EU-bidrag och de miljarder som finns att tillg\u00e5 f\u00f6r milj\u00f6pr\u00f6vningen av \u00c4trans vattenkraftverk.<\/p>\n\n\n\n<p>Kanske har Du viktig information, som vattenr\u00e5det beh\u00f6ver ta del av, om hur \u00c4tran kan r\u00e4ddas fr\u00e5n torrl\u00e4ggning och fiskd\u00f6d, och bidra till den biologiska m\u00e5ngfalden med en levande landsbygd!<\/p>\n\n\n\n<figure class=\"wp-block-image size-large is-style-default\"><a href=\"https:\/\/ingemar.alenas.se\/wp-content\/uploads\/2023\/03\/Torrlaggning.jpg\"><img loading=\"lazy\" decoding=\"async\" width=\"1024\" height=\"361\" src=\"https:\/\/ingemar.alenas.se\/wp-content\/uploads\/2023\/03\/Torrlaggning-1024x361.jpg\" alt=\"\" class=\"wp-image-13758\" srcset=\"https:\/\/ingemar.alenas.se\/wp-content\/uploads\/2023\/03\/Torrlaggning-1024x361.jpg 1024w, https:\/\/ingemar.alenas.se\/wp-content\/uploads\/2023\/03\/Torrlaggning-300x106.jpg 300w, https:\/\/ingemar.alenas.se\/wp-content\/uploads\/2023\/03\/Torrlaggning-768x271.jpg 768w, https:\/\/ingemar.alenas.se\/wp-content\/uploads\/2023\/03\/Torrlaggning-1536x541.jpg 1536w, https:\/\/ingemar.alenas.se\/wp-content\/uploads\/2023\/03\/Torrlaggning.jpg 1640w\" sizes=\"auto, (max-width: 1024px) 100vw, 1024px\" \/><\/a><\/figure>\n\n\n\n<div data-wp-interactive=\"core\/file\" class=\"wp-block-file\"><object data-wp-bind--hidden=\"!state.hasPdfPreview\" hidden class=\"wp-block-file__embed\" data=\"https:\/\/ingemar.alenas.se\/wp-content\/uploads\/2023\/03\/Inbjudan-13-april-2013-i-Ullared-2.pdf\" type=\"application\/pdf\" style=\"width:100%;height:600px\" aria-label=\"Inb\u00e4ddning av Inbjudan 13 april 2013 i Ullared (2).\"><\/object><a id=\"wp-block-file--media-d44503b5-1e9d-47f6-921c-78c5ebea69f2\" href=\"https:\/\/ingemar.alenas.se\/wp-content\/uploads\/2023\/03\/Inbjudan-13-april-2013-i-Ullared-2.pdf\">Inbjudan 13 april 2013 i Ullared (2)<\/a><a href=\"https:\/\/ingemar.alenas.se\/wp-content\/uploads\/2023\/03\/Inbjudan-13-april-2013-i-Ullared-2.pdf\" class=\"wp-block-file__button wp-element-button\" download aria-describedby=\"wp-block-file--media-d44503b5-1e9d-47f6-921c-78c5ebea69f2\">Ladda ner<\/a><\/div>\n","protected":false},"excerpt":{"rendered":"<p>2023-03-31 \u00c4trans vattenr\u00e5d kallar till storm\u00f6te med \u00f6ppet hus f\u00f6r att diskutera \u00c4trans och H\u00f6gvads\u00e5ns framtid. M\u00f6tet \u00e4ger rum den 13 april klockan 17:00-20:00 i Ullareds bygdeg\u00e5rd. R\u00e5det har f\u00e5tt pengar fr\u00e5n l\u00e4nsstyrelsen f\u00f6r att samla in \u00e5tg\u00e4rdsf\u00f6rslag till ett omfattande EU-projekt samt till kommande milj\u00f6pr\u00f6vning av vattendomar i nationella planen (NAP). R\u00e5det skriver: \u201d\u00c4tran &hellip; <a href=\"https:\/\/ingemar.alenas.se\/?p=13753\" class=\"more-link\">Forts\u00e4tt l\u00e4sa <span class=\"screen-reader-text\"><strong>\u00c4tran skall r\u00e4ddas<\/strong><\/span> <span class=\"meta-nav\">&rarr;<\/span><\/a><\/p>\n","protected":false},"author":1,"featured_media":9946,"comment_status":"closed","ping_status":"closed","sticky":false,"template":"","format":"standard","meta":{"ngg_post_thumbnail":0,"footnotes":""},"categories":[2,3],"tags":[],"class_list":["post-13753","post","type-post","status-publish","format-standard","has-post-thumbnail","hentry","category-naturnytt","category-vattenblank"],"_links":{"self":[{"href":"https:\/\/ingemar.alenas.se\/index.php?rest_route=\/wp\/v2\/posts\/13753","targetHints":{"allow":["GET"]}}],"collection":[{"href":"https:\/\/ingemar.alenas.se\/index.php?rest_route=\/wp\/v2\/posts"}],"about":[{"href":"https:\/\/ingemar.alenas.se\/index.php?rest_route=\/wp\/v2\/types\/post"}],"author":[{"embeddable":true,"href":"https:\/\/ingemar.alenas.se\/index.php?rest_route=\/wp\/v2\/users\/1"}],"replies":[{"embeddable":true,"href":"https:\/\/ingemar.alenas.se\/index.php?rest_route=%2Fwp%2Fv2%2Fcomments&post=13753"}],"version-history":[{"count":14,"href":"https:\/\/ingemar.alenas.se\/index.php?rest_route=\/wp\/v2\/posts\/13753\/revisions"}],"predecessor-version":[{"id":13776,"href":"https:\/\/ingemar.alenas.se\/index.php?rest_route=\/wp\/v2\/posts\/13753\/revisions\/13776"}],"wp:featuredmedia":[{"embeddable":true,"href":"https:\/\/ingemar.alenas.se\/index.php?rest_route=\/wp\/v2\/media\/9946"}],"wp:attachment":[{"href":"https:\/\/ingemar.alenas.se\/index.php?rest_route=%2Fwp%2Fv2%2Fmedia&parent=13753"}],"wp:term":[{"taxonomy":"category","embeddable":true,"href":"https:\/\/ingemar.alenas.se\/index.php?rest_route=%2Fwp%2Fv2%2Fcategories&post=13753"},{"taxonomy":"post_tag","embeddable":true,"href":"https:\/\/ingemar.alenas.se\/index.php?rest_route=%2Fwp%2Fv2%2Ftags&post=13753"}],"curies":[{"name":"wp","href":"https:\/\/api.w.org\/{rel}","templated":true}]}}