{"id":13738,"date":"2023-03-21T22:48:02","date_gmt":"2023-03-21T22:48:02","guid":{"rendered":"https:\/\/ingemar.alenas.se\/?p=13738"},"modified":"2023-03-21T23:02:53","modified_gmt":"2023-03-21T23:02:53","slug":"varfor-kalka-sveriges-sjoar","status":"publish","type":"post","link":"https:\/\/ingemar.alenas.se\/?p=13738","title":{"rendered":"Varf\u00f6r kalka Sveriges sj\u00f6ar?"},"content":{"rendered":"\n<h2 class=\"wp-block-heading\"><strong>2023-03-21 Vi har kalkat ca 4500 sj\u00f6ar i Sverige. Regeringen har beslutat om en neddragning med 1\/3 av kalkm\u00e4ngden. Konsekvensen kan bli att 1500 sj\u00f6ar blir utan kalk och d\u00e4rmed \u00e5terf\u00f6rsuras.<\/strong><\/h2>\n\n\n\n<p>Kalkningen av Sveriges f\u00f6rsurade vatten har varit en av v\u00e5ra mest framg\u00e5ngsrika milj\u00f6\u00e5tg\u00e4rder som delvis l\u00f6st ett av v\u00e5ra allvarligaste milj\u00f6problem. Har vi redan gl\u00f6mt bort f\u00f6rsurningsd\u00f6den som h\u00f6ll Sverige i sitt j\u00e4rngrepp p\u00e5 1970-talet? Kanske dags att p\u00e5minna beslutande f\u00f6rsamling om vad f\u00f6rsurningen av v\u00e5ra vatten orsakade och kan orsaka.<\/p>\n\n\n\n<p>Sura sj\u00f6ar samlade ov\u00e4ntade m\u00e4ngder av f\u00f6rorenande kvicksilver. Kvinnor avr\u00e5ddes fr\u00e5n att \u00e4ta fisk fr\u00e5n f\u00f6rsurade svenska insj\u00f6ar. Kvicksilvret \u00f6verf\u00f6rs via moderkakan och br\u00f6stmj\u00f6lken till fostret. Kvicksilver \u00e4r ett allvarligt milj\u00f6gift d\u00e4r speciellt barn p\u00e5verkas genom nerv- och hj\u00e4rnskador. F\u00f6rsurade svenska sj\u00f6ar har g\u00e4dda och abborre med kvicksilverhalter som vida \u00f6verstiger WHO:s rekommendationer. Studier visar att \u00e5terf\u00f6rsurning riskerar h\u00f6jda halter.<\/p>\n\n\n\n<p>Sura vatten f\u00e5r h\u00f6ga halter av j\u00e4rn, mangan och aluminium. Brist uppst\u00e5r av kalcium och magnesium. Obotliga skador uppst\u00e5r p\u00e5 m\u00e5nga fiskbest\u00e5nd. Flodkr\u00e4ftan f\u00f6rsvinner. M\u00f6rtens reproduktion upph\u00f6r. Abborren f\u00e5r allvarliga skelettskador och ryggraden deformeras. \u201dVanskapta\u201d abborrar kl\u00e4cks med puckelrygg, glos\u00f6gon och underbett. <a href=\"https:\/\/ingemar.alenas.se\/?p=6932\">Missbildade abborrar | Ingemar Alen\u00e4s (alenas.se)<\/a><\/p>\n\n\n<div class=\"wp-block-image is-style-default\">\n<figure class=\"aligncenter size-full\"><a href=\"https:\/\/ingemar.alenas.se\/wp-content\/uploads\/2019\/02\/Puckelrygg-abborre.jpg\"><img loading=\"lazy\" decoding=\"async\" width=\"583\" height=\"319\" src=\"https:\/\/ingemar.alenas.se\/wp-content\/uploads\/2019\/02\/Puckelrygg-abborre.jpg\" alt=\"\" class=\"wp-image-6938\" srcset=\"https:\/\/ingemar.alenas.se\/wp-content\/uploads\/2019\/02\/Puckelrygg-abborre.jpg 583w, https:\/\/ingemar.alenas.se\/wp-content\/uploads\/2019\/02\/Puckelrygg-abborre-300x164.jpg 300w\" sizes=\"auto, (max-width: 583px) 100vw, 583px\" \/><\/a><\/figure>\n<\/div>\n\n<div class=\"wp-block-image is-style-default\">\n<figure class=\"aligncenter size-full\"><a href=\"https:\/\/ingemar.alenas.se\/wp-content\/uploads\/2019\/02\/Abborre-r\u00f6ntgen.jpg\"><img loading=\"lazy\" decoding=\"async\" width=\"769\" height=\"507\" src=\"https:\/\/ingemar.alenas.se\/wp-content\/uploads\/2019\/02\/Abborre-r\u00f6ntgen.jpg\" alt=\"\" class=\"wp-image-6939\" srcset=\"https:\/\/ingemar.alenas.se\/wp-content\/uploads\/2019\/02\/Abborre-r\u00f6ntgen.jpg 769w, https:\/\/ingemar.alenas.se\/wp-content\/uploads\/2019\/02\/Abborre-r\u00f6ntgen-300x198.jpg 300w, https:\/\/ingemar.alenas.se\/wp-content\/uploads\/2019\/02\/Abborre-r\u00f6ntgen-768x506.jpg 768w\" sizes=\"auto, (max-width: 769px) 100vw, 769px\" \/><\/a><figcaption class=\"wp-element-caption\"><em>R\u00f6ntgenbild av puckelryggig abborre d\u00e4r man tydligt ser de deformerade f\u00f6rsta ryggkotorna. Bild Erik Nyholm, Hans Hultberg IVL unders\u00f6kning av puckelryggiga abborrar.<\/em> <em>R\u00f6ntgen fr\u00e5n Sahlgrenska sjukhuset<\/em> <em>p\u00e5 abborre fr\u00e5n kraftigt f\u00f6rsurade Sk\u00e4rsj\u00f6n.<\/em><\/figcaption><\/figure>\n<\/div>\n\n\n<p>Laxen var n\u00e4ra att f\u00f6rsvinna fr\u00e5n \u00c4tran p\u00e5 1970-talet. Det unika laxbest\u00e5ndet r\u00e4ddades n\u00e4r v\u00e4rldens st\u00f6rsta kalkningsprojekt startades i rinnande vatten 1978 i H\u00f6gvads\u00e5n. \u00c4ven havs\u00f6ring och \u00e5lyngel \u00e4r beroende av neutrala pH-v\u00e4rden i sj\u00f6ar och vattendrag. Falkenbergs kommun fick 2010 EU-bidrag f\u00f6r att med sj\u00f6kalkning r\u00e4dda den akut hotade europeiska \u00e5len fr\u00e5n f\u00f6rsurningsd\u00f6den i svenska vatten.<\/p>\n\n\n\n<p>Detta \u00e4r n\u00e5gra p\u00e5tagliga effekter av f\u00f6rsurningen. Faktum \u00e4r att kalkningen \u201davgiftat\u201d v\u00e5ra vatten och d\u00e4rmed r\u00e4ddat ca 50% av den biologiska m\u00e5ngfalden. Minskar vi kalkningen tappar vi de naturv\u00e4rden vi byggt upp under 40 \u00e5rs kalkning och skadorna kommer tillbaka igen.<\/p>\n\n\n\n<p>Milj\u00f6ministern anger <strong>det tuffa ekonomiska l\u00e4get<\/strong> som orsak till att nu minska milj\u00f6\u00e5tg\u00e4rderna i v\u00e5ra vatten. Kalkningen \u00e4r en l\u00e5ngsiktig milj\u00f6\u00e5tg\u00e4rd som byggt upp och restaurerat den biologiska m\u00e5ngfalden i tusentals svenska vatten. Till\u00e5ts \u00e5terf\u00f6rsurning \u00f6kar \u00e5ter h\u00e4lsorisken f\u00f6r barn och kvinnors exponering f\u00f6r kvicksilver. Konsumtion av insj\u00f6fisk blir en \u00f6kad h\u00e4lsorisk f\u00f6r landsbygden, turister och fisk\u00e4lskare. Ekoturismen drabbas.<\/p>\n\n\n\n<p>\u00c4r vi beredda att offra naturens artrikedom och ekosystemtj\u00e4nster p\u00e5 grund av <strong>\u201ddet tuffa ekonomiska l\u00e4get?\u201d<\/strong> \u00c4r det kanske till och med s\u00e5 att ekosystemtj\u00e4nsterna \u00e4r v\u00e4rd mer \u00e4n den blygsamma kostnaden f\u00f6r kalknings\u00e5g\u00e4rder i Sveriges unika vatten?<\/p>\n","protected":false},"excerpt":{"rendered":"<p>2023-03-21 Vi har kalkat ca 4500 sj\u00f6ar i Sverige. Regeringen har beslutat om en neddragning med 1\/3 av kalkm\u00e4ngden. Konsekvensen kan bli att 1500 sj\u00f6ar blir utan kalk och d\u00e4rmed \u00e5terf\u00f6rsuras. Kalkningen av Sveriges f\u00f6rsurade vatten har varit en av v\u00e5ra mest framg\u00e5ngsrika milj\u00f6\u00e5tg\u00e4rder som delvis l\u00f6st ett av v\u00e5ra allvarligaste milj\u00f6problem. Har vi redan &hellip; <a href=\"https:\/\/ingemar.alenas.se\/?p=13738\" class=\"more-link\">Forts\u00e4tt l\u00e4sa <span class=\"screen-reader-text\">Varf\u00f6r kalka Sveriges sj\u00f6ar?<\/span> <span class=\"meta-nav\">&rarr;<\/span><\/a><\/p>\n","protected":false},"author":1,"featured_media":3199,"comment_status":"closed","ping_status":"closed","sticky":false,"template":"","format":"standard","meta":{"ngg_post_thumbnail":0,"footnotes":""},"categories":[2,3],"tags":[],"class_list":["post-13738","post","type-post","status-publish","format-standard","has-post-thumbnail","hentry","category-naturnytt","category-vattenblank"],"_links":{"self":[{"href":"https:\/\/ingemar.alenas.se\/index.php?rest_route=\/wp\/v2\/posts\/13738","targetHints":{"allow":["GET"]}}],"collection":[{"href":"https:\/\/ingemar.alenas.se\/index.php?rest_route=\/wp\/v2\/posts"}],"about":[{"href":"https:\/\/ingemar.alenas.se\/index.php?rest_route=\/wp\/v2\/types\/post"}],"author":[{"embeddable":true,"href":"https:\/\/ingemar.alenas.se\/index.php?rest_route=\/wp\/v2\/users\/1"}],"replies":[{"embeddable":true,"href":"https:\/\/ingemar.alenas.se\/index.php?rest_route=%2Fwp%2Fv2%2Fcomments&post=13738"}],"version-history":[{"count":9,"href":"https:\/\/ingemar.alenas.se\/index.php?rest_route=\/wp\/v2\/posts\/13738\/revisions"}],"predecessor-version":[{"id":13748,"href":"https:\/\/ingemar.alenas.se\/index.php?rest_route=\/wp\/v2\/posts\/13738\/revisions\/13748"}],"wp:featuredmedia":[{"embeddable":true,"href":"https:\/\/ingemar.alenas.se\/index.php?rest_route=\/wp\/v2\/media\/3199"}],"wp:attachment":[{"href":"https:\/\/ingemar.alenas.se\/index.php?rest_route=%2Fwp%2Fv2%2Fmedia&parent=13738"}],"wp:term":[{"taxonomy":"category","embeddable":true,"href":"https:\/\/ingemar.alenas.se\/index.php?rest_route=%2Fwp%2Fv2%2Fcategories&post=13738"},{"taxonomy":"post_tag","embeddable":true,"href":"https:\/\/ingemar.alenas.se\/index.php?rest_route=%2Fwp%2Fv2%2Ftags&post=13738"}],"curies":[{"name":"wp","href":"https:\/\/api.w.org\/{rel}","templated":true}]}}