{"id":13725,"date":"2023-03-19T17:41:21","date_gmt":"2023-03-19T17:41:21","guid":{"rendered":"https:\/\/ingemar.alenas.se\/?p=13725"},"modified":"2023-03-19T17:41:21","modified_gmt":"2023-03-19T17:41:21","slug":"vjosa-floden-i-albanien-en-av-europas-sista-vilda-floder","status":"publish","type":"post","link":"https:\/\/ingemar.alenas.se\/?p=13725","title":{"rendered":"<strong>Vjosa floden i Albanien \u2013 en av Europas sista vilda floder<\/strong>"},"content":{"rendered":"\n<p><strong>2023-03-17 Albaniens regering avs\u00e4tter nu Vjosafloden som Europas f\u00f6rsta vilda nationalpark.<\/strong><\/p>\n\n\n\n<p>Vjosafloden blir d\u00e4rmed bevarad som en levande, fritt forsande flod till gl\u00e4dje och gagn f\u00f6r Albaniens folk och natur. Floden flyter fritt i \u00f6ver 400 kilometer fr\u00e5n bergen i Grekland till Adriatiska kusten i Albanien. Floden och avrinningsomr\u00e5det \u00e4r hem f\u00f6r en rik biologisk m\u00e5ngfald med \u00f6ver 1&nbsp;100 olika djurarter.<\/p>\n\n\n\n<p>Nationalparken skapar ekonomiska m\u00f6jligheter f\u00f6r lokala samh\u00e4llen med en ansvarsfull ekoturism som l\u00f6ser problemen med en avfolkning av omr\u00e5det. Nationalparkstatusen inneb\u00e4r att \u00e4lven f\u00e5r h\u00f6gsta internationella skyddsstatus som s\u00e4krar ekologisk integritet, till\u00e5ter naturliga processer och h\u00e5llbara populationer av alla inhemska arter.<\/p>\n\n\n\n<p>Mirela Kumbaro Furxhi uts\u00e5gs h\u00f6sten 2021 till Albaniens f\u00f6rsta kvinnliga minister f\u00f6r Turism- och Milj\u00f6departementet. Mirela s\u00e4ger: <strong><em>\u201dV\u00e5r vision \u00e4r en h\u00e5llbar och milj\u00f6m\u00e4ssigt ansvarsfull utveckling, som skyddar den biologiska m\u00e5ngfalden och ger befolkningen m\u00f6jligheten att leva och frodas i sin hembygd\u201d.<\/em><\/strong><\/p>\n\n\n\n<p>Vjosafloden skulle kunna j\u00e4mf\u00f6ras med den sydsvenska floden \u00c4tran. \u00c4tran flyter de \u00f6ver 240 kilometerna fr\u00e5n V\u00e4stg\u00f6tasl\u00e4tten till V\u00e4sterhavet. \u00c4tran \u00e4r hemvist f\u00f6r ett stort antal skyddsv\u00e4rda arter som Sveriges st\u00f6rsta, naturliga best\u00e5nd av Atlantlax, Sveriges st\u00f6rsta best\u00e5nd av havsnejon\u00f6ga, flodnejon\u00f6ga, flodp\u00e4rlmussla, utter, den unika majfisken och den akut hotade europeiska \u00e5len, f\u00f6r att bara n\u00e4mna n\u00e5gra. \u00c4tran har status som N2000 omr\u00e5de f\u00f6r att skydda unika arter och milj\u00f6er.<\/p>\n\n\n\n<p>Sverige har avvecklat Milj\u00f6departementet som frist\u00e5ende departement och ist\u00e4llet inr\u00e4ttat ett Klimat- och N\u00e4ringslivsdepartement som \u00e4ven ansvarar f\u00f6r energifr\u00e5gor, friluftsliv och Agenda 2030.<\/p>\n\n\n\n<p>Sveriges Klimat- och N\u00e4ringslivsdepartement s\u00e4tter spelreglerna f\u00f6r f\u00f6rvaltningen av \u00c4trans naturresurser. Ett drygt trettiotal vattenkraftverk stoppar konnektiviteten och den fria vandringen f\u00f6r \u00c4trans fiskarter. \u00c4tran klassas vid kraftverken som KMV, kraftigt modifierat vatten, vilket inneb\u00e4r att verksamhetsut\u00f6varen inte beh\u00f6ver vidta n\u00f6dv\u00e4ndiga \u00e5tg\u00e4rder f\u00f6r att \u00e5terf\u00e5 god ekologisk status (GES).&nbsp; Vattenkraften skulle ha milj\u00f6pr\u00f6vats enligt vattendirektivet, men den svenska regeringen har pausat ompr\u00f6vningen. 40% av \u00e5len skulle enligt R\u00e5dets f\u00f6rordning (EG) nr 1100\/2007 ha erbjudits fri nedstr\u00f6msvandring men l\u00e4nsstyrelserna har upph\u00e4vt g\u00e4llande vattendomar ang\u00e5ende \u00e5lens fria vandring. Hertings kraftverk l\u00e4ngst ned i \u00c4tran har frivilligt 2012 milj\u00f6pr\u00f6vats av kommunen. Fria vandringsv\u00e4gar har d\u00e4r uppr\u00e4ttats 2013 f\u00f6r alla vandrande fiskarter b\u00e5de uppstr\u00f6ms och nedstr\u00f6ms.<\/p>\n\n\n\n<p>Sveriges Klimat och N\u00e4ringslivsdepartement har beslutat om of\u00f6r\u00e4ndrade kalkningsanslag f\u00f6r 2013. Det inneb\u00e4r en kraftig neddragning av \u00e5tg\u00e4rdsbehovet. F\u00f6r V\u00e4stra G\u00f6taland inneb\u00e4r det en minskning med 1\/3 del eller 5000 ton kalk. Den biologiska artrikedom som har byggts upp under 40 \u00e5rs lyckad kalkning av Sveriges f\u00f6rsurade vatten riskerar inom kort att halveras.<\/p>\n\n\n\n<p>Sveriges och Albaniens f\u00f6rvaltning av flodernas naturresurser och ekosystemtj\u00e4nster uppvisar stora olikheter. Albaniens vision \u00e4r en utveckling som tillvaratar flodernas ekosystemtj\u00e4nster medan Sveriges utg\u00e5ngspunkt varit att milj\u00f6pr\u00f6vningen endast f\u00e5r ge en begr\u00e4nsad p\u00e5verkan p\u00e5 elsystemet. Sverige beh\u00f6ver i likhet med Albanien l\u00e4gga st\u00f6rre vikt vid internationella \u00f6verenskommelser enligt COP15 och CBD\/WG2020\/3\/3 5 July 2021, konventionen om den biologiska m\u00e5ngfalden.<\/p>\n\n\n\n<p><a href=\"https:\/\/ingemar.alenas.se\/?p=8941\">\u00c4tran som v\u00e4rldsarv | Ingemar Alen\u00e4s (alenas.se)<\/a><\/p>\n","protected":false},"excerpt":{"rendered":"<p>2023-03-17 Albaniens regering avs\u00e4tter nu Vjosafloden som Europas f\u00f6rsta vilda nationalpark. Vjosafloden blir d\u00e4rmed bevarad som en levande, fritt forsande flod till gl\u00e4dje och gagn f\u00f6r Albaniens folk och natur. Floden flyter fritt i \u00f6ver 400 kilometer fr\u00e5n bergen i Grekland till Adriatiska kusten i Albanien. Floden och avrinningsomr\u00e5det \u00e4r hem f\u00f6r en rik biologisk &hellip; <a href=\"https:\/\/ingemar.alenas.se\/?p=13725\" class=\"more-link\">Forts\u00e4tt l\u00e4sa <span class=\"screen-reader-text\"><strong>Vjosa floden i Albanien \u2013 en av Europas sista vilda floder<\/strong><\/span> <span class=\"meta-nav\">&rarr;<\/span><\/a><\/p>\n","protected":false},"author":1,"featured_media":13540,"comment_status":"closed","ping_status":"closed","sticky":false,"template":"","format":"standard","meta":{"ngg_post_thumbnail":0,"footnotes":""},"categories":[2,3],"tags":[],"class_list":["post-13725","post","type-post","status-publish","format-standard","has-post-thumbnail","hentry","category-naturnytt","category-vattenblank"],"_links":{"self":[{"href":"https:\/\/ingemar.alenas.se\/index.php?rest_route=\/wp\/v2\/posts\/13725","targetHints":{"allow":["GET"]}}],"collection":[{"href":"https:\/\/ingemar.alenas.se\/index.php?rest_route=\/wp\/v2\/posts"}],"about":[{"href":"https:\/\/ingemar.alenas.se\/index.php?rest_route=\/wp\/v2\/types\/post"}],"author":[{"embeddable":true,"href":"https:\/\/ingemar.alenas.se\/index.php?rest_route=\/wp\/v2\/users\/1"}],"replies":[{"embeddable":true,"href":"https:\/\/ingemar.alenas.se\/index.php?rest_route=%2Fwp%2Fv2%2Fcomments&post=13725"}],"version-history":[{"count":1,"href":"https:\/\/ingemar.alenas.se\/index.php?rest_route=\/wp\/v2\/posts\/13725\/revisions"}],"predecessor-version":[{"id":13726,"href":"https:\/\/ingemar.alenas.se\/index.php?rest_route=\/wp\/v2\/posts\/13725\/revisions\/13726"}],"wp:featuredmedia":[{"embeddable":true,"href":"https:\/\/ingemar.alenas.se\/index.php?rest_route=\/wp\/v2\/media\/13540"}],"wp:attachment":[{"href":"https:\/\/ingemar.alenas.se\/index.php?rest_route=%2Fwp%2Fv2%2Fmedia&parent=13725"}],"wp:term":[{"taxonomy":"category","embeddable":true,"href":"https:\/\/ingemar.alenas.se\/index.php?rest_route=%2Fwp%2Fv2%2Fcategories&post=13725"},{"taxonomy":"post_tag","embeddable":true,"href":"https:\/\/ingemar.alenas.se\/index.php?rest_route=%2Fwp%2Fv2%2Ftags&post=13725"}],"curies":[{"name":"wp","href":"https:\/\/api.w.org\/{rel}","templated":true}]}}