{"id":13399,"date":"2023-01-20T14:55:37","date_gmt":"2023-01-20T14:55:37","guid":{"rendered":"https:\/\/ingemar.alenas.se\/?p=13399"},"modified":"2023-01-20T15:02:52","modified_gmt":"2023-01-20T15:02:52","slug":"snart-startar-salamandrarnas-varvandring-i-vessigebro","status":"publish","type":"post","link":"https:\/\/ingemar.alenas.se\/?p=13399","title":{"rendered":"Snart startar salamandrarnas v\u00e5rvandring i Vessigebro"},"content":{"rendered":"\n<h2 class=\"wp-block-heading\">2023-01-20 I mars startar v\u00e5rens stora vandring av salamandrar i Vessigebro.<\/h2>\n\n\n\n<p>Det \u00e4r ett natursk\u00e5despel att se alla groddjuren vandra fr\u00e5n \u00f6vervintringen i ekskogarnas nyckelbiotop till Fl\u00e4djes vattenrika v\u00e5tmarker f\u00f6r att leka. Salamandrarna har ett drakliknande utseende som s\u00e4tter fantasin i r\u00f6relse.<\/p>\n\n\n\n<p>Vessigebro v\u00e4gsamf\u00e4llighetsf\u00f6rening har inventerat denna unikt rikliga f\u00f6rekomst av skyddade groddjur. <a href=\"https:\/\/www.hn.se\/nyheter\/falkenberg\/grodperspektiv-i-vessigebro-1.15690029\">Grodperspektiv i Vessigebro | HN<\/a>. Tyv\u00e4rr omkommer m\u00e5nga n\u00e4r de skall passera de lokala v\u00e4garna. <\/p>\n\n\n\n<p>B\u00e5de Falkenbergs kommun och Trafikverket har sedan flera \u00e5r uppm\u00e4rksammats p\u00e5 problemet. Andra kommuner har f\u00f6rtj\u00e4nstfullt anlagt l\u00e4mpliga passager f\u00f6r groddjuren som d\u00e5 kan undvika trafikd\u00f6den.<\/p>\n\n\n\n<p>Nu hoppas vi att det g\u00e5s fr\u00e5n kunskap till handling s\u00e5 att \u00e4ven groddjuren i den t\u00e4tortsn\u00e4ra naturen i Vessigebro kan k\u00e4nna sig s\u00e4kra p\u00e5 sin lekvandring till Fl\u00e4djes v\u00e5tmarker.<\/p>\n\n\n\n<p>Salamandrar och groddjur har ett stort estetiskt v\u00e4rde och \u00e4r \u00e4ven skyddsv\u00e4rda arter. Men de har \u00e4ven ett monet\u00e4rt v\u00e4rde vilket bla. uppm\u00e4rksammats av Jord- och Skogsbruksministeriet i Finlad.<\/p>\n\n\n\n<p>St\u00f6rre vattensalamander har v\u00e4rderats till 420 euro och mindre vattensalamander till 34 euro.  vid Fl\u00e4dje v\u00e5tmarker har under n\u00e5gra \u00e5r noterats 583 st\u00f6rre och 2034 mindre vattensalamandrar av vilka merparten tyv\u00e4rr varit \u00f6verk\u00f6rda. Det Finska ministeriets uppskattning av v\u00e4rdet av dessa salamandrar blir ca 3 504 418 kronor.<\/p>\n\n\n\n<p>H\u00e4r finns plats f\u00f6r en betydande r\u00e4ddningsinsats och vi hoppas nu att Trafikverk, kommun och v\u00e4gsamf\u00e4llighet snarast kan enas om en praktisk l\u00f6sning.<\/p>\n\n\n<div class=\"wp-block-image is-style-default\">\n<figure class=\"aligncenter size-large\"><a href=\"https:\/\/ingemar.alenas.se\/wp-content\/uploads\/2022\/09\/P5300590.jpg\"><img loading=\"lazy\" decoding=\"async\" width=\"1024\" height=\"549\" src=\"https:\/\/ingemar.alenas.se\/wp-content\/uploads\/2022\/09\/P5300590-1024x549.jpg\" alt=\"\" class=\"wp-image-12823\" srcset=\"https:\/\/ingemar.alenas.se\/wp-content\/uploads\/2022\/09\/P5300590-1024x549.jpg 1024w, https:\/\/ingemar.alenas.se\/wp-content\/uploads\/2022\/09\/P5300590-300x161.jpg 300w, https:\/\/ingemar.alenas.se\/wp-content\/uploads\/2022\/09\/P5300590-768x412.jpg 768w, https:\/\/ingemar.alenas.se\/wp-content\/uploads\/2022\/09\/P5300590.jpg 1200w\" sizes=\"auto, (max-width: 1024px) 100vw, 1024px\" \/><\/a><\/figure>\n<\/div>\n\n\n<figure class=\"wp-block-image size-large is-style-default\"><a href=\"https:\/\/ingemar.alenas.se\/wp-content\/uploads\/2022\/04\/salamandrar-skylt.jpg\"><img loading=\"lazy\" decoding=\"async\" width=\"1024\" height=\"579\" src=\"https:\/\/ingemar.alenas.se\/wp-content\/uploads\/2022\/04\/salamandrar-skylt-1024x579.jpg\" alt=\"\" class=\"wp-image-12222\" srcset=\"https:\/\/ingemar.alenas.se\/wp-content\/uploads\/2022\/04\/salamandrar-skylt-1024x579.jpg 1024w, https:\/\/ingemar.alenas.se\/wp-content\/uploads\/2022\/04\/salamandrar-skylt-300x170.jpg 300w, https:\/\/ingemar.alenas.se\/wp-content\/uploads\/2022\/04\/salamandrar-skylt-768x434.jpg 768w, https:\/\/ingemar.alenas.se\/wp-content\/uploads\/2022\/04\/salamandrar-skylt.jpg 1198w\" sizes=\"auto, (max-width: 1024px) 100vw, 1024px\" \/><\/a><figcaption class=\"wp-element-caption\">V\u00e4gsamf\u00e4llighetsf\u00f6reningen s\u00e4tter varje \u00e5r upp skyltar som varnar f\u00f6r groddjuren. Det har tyv\u00e4rr begr\u00e4nsad effekt och nu \u00e4r det dags att erbjuda groddjuren en s\u00e4ker v\u00e4gpassage.<\/figcaption><\/figure>\n","protected":false},"excerpt":{"rendered":"<p>2023-01-20 I mars startar v\u00e5rens stora vandring av salamandrar i Vessigebro. Det \u00e4r ett natursk\u00e5despel att se alla groddjuren vandra fr\u00e5n \u00f6vervintringen i ekskogarnas nyckelbiotop till Fl\u00e4djes vattenrika v\u00e5tmarker f\u00f6r att leka. Salamandrarna har ett drakliknande utseende som s\u00e4tter fantasin i r\u00f6relse. Vessigebro v\u00e4gsamf\u00e4llighetsf\u00f6rening har inventerat denna unikt rikliga f\u00f6rekomst av skyddade groddjur. Grodperspektiv i &hellip; <a href=\"https:\/\/ingemar.alenas.se\/?p=13399\" class=\"more-link\">Forts\u00e4tt l\u00e4sa <span class=\"screen-reader-text\">Snart startar salamandrarnas v\u00e5rvandring i Vessigebro<\/span> <span class=\"meta-nav\">&rarr;<\/span><\/a><\/p>\n","protected":false},"author":1,"featured_media":12088,"comment_status":"closed","ping_status":"closed","sticky":false,"template":"","format":"standard","meta":{"ngg_post_thumbnail":0,"footnotes":""},"categories":[2,3],"tags":[],"class_list":["post-13399","post","type-post","status-publish","format-standard","has-post-thumbnail","hentry","category-naturnytt","category-vattenblank"],"_links":{"self":[{"href":"https:\/\/ingemar.alenas.se\/index.php?rest_route=\/wp\/v2\/posts\/13399","targetHints":{"allow":["GET"]}}],"collection":[{"href":"https:\/\/ingemar.alenas.se\/index.php?rest_route=\/wp\/v2\/posts"}],"about":[{"href":"https:\/\/ingemar.alenas.se\/index.php?rest_route=\/wp\/v2\/types\/post"}],"author":[{"embeddable":true,"href":"https:\/\/ingemar.alenas.se\/index.php?rest_route=\/wp\/v2\/users\/1"}],"replies":[{"embeddable":true,"href":"https:\/\/ingemar.alenas.se\/index.php?rest_route=%2Fwp%2Fv2%2Fcomments&post=13399"}],"version-history":[{"count":5,"href":"https:\/\/ingemar.alenas.se\/index.php?rest_route=\/wp\/v2\/posts\/13399\/revisions"}],"predecessor-version":[{"id":13405,"href":"https:\/\/ingemar.alenas.se\/index.php?rest_route=\/wp\/v2\/posts\/13399\/revisions\/13405"}],"wp:featuredmedia":[{"embeddable":true,"href":"https:\/\/ingemar.alenas.se\/index.php?rest_route=\/wp\/v2\/media\/12088"}],"wp:attachment":[{"href":"https:\/\/ingemar.alenas.se\/index.php?rest_route=%2Fwp%2Fv2%2Fmedia&parent=13399"}],"wp:term":[{"taxonomy":"category","embeddable":true,"href":"https:\/\/ingemar.alenas.se\/index.php?rest_route=%2Fwp%2Fv2%2Fcategories&post=13399"},{"taxonomy":"post_tag","embeddable":true,"href":"https:\/\/ingemar.alenas.se\/index.php?rest_route=%2Fwp%2Fv2%2Ftags&post=13399"}],"curies":[{"name":"wp","href":"https:\/\/api.w.org\/{rel}","templated":true}]}}