{"id":13344,"date":"2023-01-07T14:01:32","date_gmt":"2023-01-07T14:01:32","guid":{"rendered":"https:\/\/ingemar.alenas.se\/?p=13344"},"modified":"2023-01-07T14:11:11","modified_gmt":"2023-01-07T14:11:11","slug":"falklind-far-prestigefyllda-priser-i-cannes","status":"publish","type":"post","link":"https:\/\/ingemar.alenas.se\/?p=13344","title":{"rendered":"Falklind bel\u00f6nas med prestigefyllda priser vid filmfestivalen i Cannes"},"content":{"rendered":"\n<h2 class=\"wp-block-heading\">2023-01-07 <\/h2>\n\n\n\n<p>Martin skriver f\u00f6r sex timmar sedan p\u00e5 Facebook:<\/p>\n\n\n\n<p>&#8221;Glada nyheter! Fiskarnas Rike har vunnit tv\u00e5 priser i \u201dCannes World Film Festival\u201d: \u201dBest Environmental Film\u201d samt \u201dBest Nature Film\u201d.<\/p>\n\n\n\n<p>Tack alla ni underbara medarbetare, ni som har hj\u00e4lpt till och engagerat er p\u00e5 s\u00e5 m\u00e5nga olika s\u00e4tt, och ni som har tittat, st\u00f6ttat och hejat p\u00e5!<\/p>\n\n\n\n<p>Festivalens tema \u00e4r \u201dRemember the future\u201d, allts\u00e5 en h\u00e5llbar framtid. L\u00e5t oss hoppas att det fina mottagande serien har f\u00e5tt kan bidra med lite extra inspiration till att vi tar v\u00e4l hand om v\u00e5ra vattenmilj\u00f6er fram\u00f6ver&#8221;.<\/p>\n\n\n\n<p><a href=\"https:\/\/www.facebook.com\/hashtag\/filmfestival?__eep__=6&amp;__cft__[0]=AZX7zKNDMuyknKezSu8CmMNYki2k6Al3S-MepSCi8XqE1lOnt3rqgqfcHF0ujw9-SIh160G_fwzs2PMzB4N_5oNp-DojNANe2Se1wF4Fkx4E_K76ZA1li8Cj9zGp5Cy33Ho&amp;__tn__=*NK-R\">#filmfestival<\/a><a href=\"https:\/\/www.facebook.com\/hashtag\/cannesworldfilmfestival?__eep__=6&amp;__cft__[0]=AZX7zKNDMuyknKezSu8CmMNYki2k6Al3S-MepSCi8XqE1lOnt3rqgqfcHF0ujw9-SIh160G_fwzs2PMzB4N_5oNp-DojNANe2Se1wF4Fkx4E_K76ZA1li8Cj9zGp5Cy33Ho&amp;__tn__=*NK-R\">#cannesworldfilmfestival<\/a><a href=\"https:\/\/www.facebook.com\/hashtag\/naturdokument%C3%A4r?__eep__=6&amp;__cft__[0]=AZX7zKNDMuyknKezSu8CmMNYki2k6Al3S-MepSCi8XqE1lOnt3rqgqfcHF0ujw9-SIh160G_fwzs2PMzB4N_5oNp-DojNANe2Se1wF4Fkx4E_K76ZA1li8Cj9zGp5Cy33Ho&amp;__tn__=*NK-R\">#naturdokument\u00e4r<\/a><a href=\"https:\/\/www.facebook.com\/hashtag\/naturfilm?__eep__=6&amp;__cft__[0]=AZX7zKNDMuyknKezSu8CmMNYki2k6Al3S-MepSCi8XqE1lOnt3rqgqfcHF0ujw9-SIh160G_fwzs2PMzB4N_5oNp-DojNANe2Se1wF4Fkx4E_K76ZA1li8Cj9zGp5Cy33Ho&amp;__tn__=*NK-R\">#naturfilm<\/a><\/p>\n\n\n\n<p>Naturnytt gratulerar Martin och hans Team till v\u00e4lf\u00f6rtj\u00e4nta framg\u00e5ngar med trilogin &#8221;Fiskarnas rike&#8221;. Serien har \u00f6ppnat v\u00e5ra \u00f6gon f\u00f6r livet &#8221;under ytan&#8221; och de stora v\u00e4rden som finns i den svenska naturen.<\/p>\n\n\n<div class=\"wp-block-image is-style-default\">\n<figure class=\"aligncenter size-full\"><a href=\"https:\/\/ingemar.alenas.se\/wp-content\/uploads\/2023\/01\/Martin-filmar-al.jpg\"><img loading=\"lazy\" decoding=\"async\" width=\"1018\" height=\"717\" src=\"https:\/\/ingemar.alenas.se\/wp-content\/uploads\/2023\/01\/Martin-filmar-al.jpg\" alt=\"\" class=\"wp-image-13345\" srcset=\"https:\/\/ingemar.alenas.se\/wp-content\/uploads\/2023\/01\/Martin-filmar-al.jpg 1018w, https:\/\/ingemar.alenas.se\/wp-content\/uploads\/2023\/01\/Martin-filmar-al-300x211.jpg 300w, https:\/\/ingemar.alenas.se\/wp-content\/uploads\/2023\/01\/Martin-filmar-al-768x541.jpg 768w\" sizes=\"auto, (max-width: 1018px) 100vw, 1018px\" \/><\/a><\/figure>\n<\/div>","protected":false},"excerpt":{"rendered":"<p>2023-01-07 Martin skriver f\u00f6r sex timmar sedan p\u00e5 Facebook: &#8221;Glada nyheter! Fiskarnas Rike har vunnit tv\u00e5 priser i \u201dCannes World Film Festival\u201d: \u201dBest Environmental Film\u201d samt \u201dBest Nature Film\u201d. Tack alla ni underbara medarbetare, ni som har hj\u00e4lpt till och engagerat er p\u00e5 s\u00e5 m\u00e5nga olika s\u00e4tt, och ni som har tittat, st\u00f6ttat och hejat &hellip; <a href=\"https:\/\/ingemar.alenas.se\/?p=13344\" class=\"more-link\">Forts\u00e4tt l\u00e4sa <span class=\"screen-reader-text\">Falklind bel\u00f6nas med prestigefyllda priser vid filmfestivalen i Cannes<\/span> <span class=\"meta-nav\">&rarr;<\/span><\/a><\/p>\n","protected":false},"author":1,"featured_media":13346,"comment_status":"closed","ping_status":"closed","sticky":false,"template":"","format":"standard","meta":{"ngg_post_thumbnail":0,"footnotes":""},"categories":[2,3],"tags":[],"class_list":["post-13344","post","type-post","status-publish","format-standard","has-post-thumbnail","hentry","category-naturnytt","category-vattenblank"],"_links":{"self":[{"href":"https:\/\/ingemar.alenas.se\/index.php?rest_route=\/wp\/v2\/posts\/13344","targetHints":{"allow":["GET"]}}],"collection":[{"href":"https:\/\/ingemar.alenas.se\/index.php?rest_route=\/wp\/v2\/posts"}],"about":[{"href":"https:\/\/ingemar.alenas.se\/index.php?rest_route=\/wp\/v2\/types\/post"}],"author":[{"embeddable":true,"href":"https:\/\/ingemar.alenas.se\/index.php?rest_route=\/wp\/v2\/users\/1"}],"replies":[{"embeddable":true,"href":"https:\/\/ingemar.alenas.se\/index.php?rest_route=%2Fwp%2Fv2%2Fcomments&post=13344"}],"version-history":[{"count":8,"href":"https:\/\/ingemar.alenas.se\/index.php?rest_route=\/wp\/v2\/posts\/13344\/revisions"}],"predecessor-version":[{"id":13357,"href":"https:\/\/ingemar.alenas.se\/index.php?rest_route=\/wp\/v2\/posts\/13344\/revisions\/13357"}],"wp:featuredmedia":[{"embeddable":true,"href":"https:\/\/ingemar.alenas.se\/index.php?rest_route=\/wp\/v2\/media\/13346"}],"wp:attachment":[{"href":"https:\/\/ingemar.alenas.se\/index.php?rest_route=%2Fwp%2Fv2%2Fmedia&parent=13344"}],"wp:term":[{"taxonomy":"category","embeddable":true,"href":"https:\/\/ingemar.alenas.se\/index.php?rest_route=%2Fwp%2Fv2%2Fcategories&post=13344"},{"taxonomy":"post_tag","embeddable":true,"href":"https:\/\/ingemar.alenas.se\/index.php?rest_route=%2Fwp%2Fv2%2Ftags&post=13344"}],"curies":[{"name":"wp","href":"https:\/\/api.w.org\/{rel}","templated":true}]}}