{"id":13317,"date":"2022-12-29T22:57:03","date_gmt":"2022-12-29T22:57:03","guid":{"rendered":"https:\/\/ingemar.alenas.se\/?p=13317"},"modified":"2022-12-30T08:17:54","modified_gmt":"2022-12-30T08:17:54","slug":"atrans-varde","status":"publish","type":"post","link":"https:\/\/ingemar.alenas.se\/?p=13317","title":{"rendered":"Pausa p\u00e5g\u00e5ende \u00e5lslakt i \u00c4tran"},"content":{"rendered":"\n<h2 class=\"wp-block-heading\">2022-12-29 Inf\u00f6randet av moderna milj\u00f6lagar och \u00e5tg\u00e4rder i \u00c4tran r\u00e4ddar hotade lax- och \u00e5lbest\u00e5nd.<\/h2>\n\n\n\n<p>Regeringen f\u00f6resl\u00e5r i sin promemoria 2022-12-16 M2022\/02251 att ompr\u00f6vningen av moderna milj\u00f6villkor f\u00f6r \u00c4trafors, Yngeredsfors, B\u00e4llforsen, Skogsforsen och Sk\u00e5pan\u00e4s kraftverk senarel\u00e4ggs till den 1 februari 2028. Det inneb\u00e4r att \u00e5tg\u00e4rder kan vara p\u00e5 plats tidigast 2031 med domstolspr\u00f6vning p\u00e5 ett \u00e5r och tv\u00e5 \u00e5rs utf\u00f6randetid. Kraftbolagen \u00e4r till dess enligt &#8221;\u00c5lplan \u00c4tran&#8221; befriade fr\u00e5n att h\u00e5lla \u00e5lyngelledare vilket inneb\u00e4r att all naturligt invandrande \u00e5l utest\u00e4ngs fr\u00e5n st\u00f6rre delen av \u00c4trans vattensystem.<\/p>\n\n\n\n<p>Regeringen har bed\u00f6mt beslutets konsekvenser f\u00f6r milj\u00f6n: <em>\u201dEtt syfte med ompr\u00f6vningen f\u00f6r moderna milj\u00f6villkor \u00e4r att f\u00f6rb\u00e4ttra f\u00f6ruts\u00e4ttningarna f\u00f6r Sverige n\u00e5 kraven i art- och habitatdirektivet. Ompr\u00f6vningen f\u00f6rb\u00e4ttrar ocks\u00e5 f\u00f6ruts\u00e4ttningarna f\u00f6r att n\u00e5 milj\u00f6kvalitetsm\u00e5let Levande sj\u00f6ar och vattendrag. En konsekvens av f\u00f6rslaget att pausa ompr\u00f6vningen blir att \u00e4ven de milj\u00f6f\u00f6rb\u00e4ttrande \u00e5tg\u00e4rder som f\u00f6ljer av de enskilda pr\u00f6vningarna senarel\u00e4ggs. Ut\u00f6ver detta bed\u00f6ms f\u00f6rslaget inte ha n\u00e5gon milj\u00f6p\u00e5verkan\u201d.<\/em><\/p>\n\n\n\n<p>Naturnytt bed\u00f6mer att regeringens konsekvensbed\u00f6mning \u00e4r ofullst\u00e4ndig d\u00e5 f\u00f6rslaget att pausa \u00c4tran f\u00e5r konsekvenser till 2046 :<\/p>\n\n\n\n<ol class=\"wp-block-list\" type=\"1\">\n<li>Alla \u00e5lyngel hindras fr\u00e5n att vandra uppstr\u00f6ms Yngeredsfors fr\u00e5n 2023 till 2031<\/li>\n\n\n\n<li>Merparten av utvandrande blank\u00e5lar d\u00f6r i kraftverken fr\u00e5n 2023 till 2031<\/li>\n\n\n\n<li>Om ynglen blir vuxna p\u00e5 15 \u00e5r upph\u00f6r \u00e5lproduktionen dvs utvandringen av blank\u00e5l \u00e5ren 2038 till 2046!<\/li>\n\n\n\n<li>Ca 276&nbsp;000 unika laxsmolt omkommer av korttidsreglering \u00e5ren 2023 till 2031<\/li>\n<\/ol>\n\n\n\n<p>Naturnytt konstaterar att Statkraft 2019 r\u00e4knade 260&nbsp;000 uppvandrande \u00e5lyngel i Lagan. D\u00e4rf\u00f6r kan flera \u00e5rs avst\u00e4ngning av \u00e5lyngeluppvandringen \u00e4ven i \u00c4tran antas orsaka betydande milj\u00f6skada. Under senare \u00e5r har \u00c4tran \u00e5rligen producerat ca 5000 utvandrande blank\u00e5lar. (K\u00e4lla: &#8221;\u00c5l i \u00c4tran&#8221; Tielman m.fl.). En utebliven utvandring 2023\u20132031 och 2038\u20132046 inneb\u00e4r d\u00e4rf\u00f6r en betydande milj\u00f6p\u00e5verkan. Dessutom inneb\u00e4r ett bortfall av ca 276&nbsp;000 unika \u00c4transmolt under 2023\u20132031 en starkt negativ inverkan p\u00e5 Sveriges samlade atlantlaxbest\u00e5nd och p\u00e5 \u00c4trans unika laxbest\u00e5nd. (K\u00e4lla: Sj\u00f6strand)<\/p>\n\n\n\n<p>Naturnytt menar d\u00e4rf\u00f6r att varje senarel\u00e4ggning och f\u00f6rdr\u00f6jning av moderna milj\u00f6villkor inneb\u00e4r en betydande milj\u00f6p\u00e5verkan p\u00e5 \u00c4trans biologiska m\u00e5ngfald. Den \u00e4r inte heller f\u00f6renlig med Sveriges nya \u00e5taganden enligt COP15, art- och habitatdirektivet, vattendirektivet eller \u00e5lf\u00f6rordningen. Vattenkraften b\u00f6r snarast omfattas av modern milj\u00f6lagstiftning s\u00e5 att alla vandringsfiskar f\u00e5r fria vandringsv\u00e4gar b\u00e5de uppstr\u00f6ms och nedstr\u00f6ms. Dessutom beh\u00f6ver f\u00f6rlorade habitat restaureras och effekterna av korttidsregleringar reduceras.<\/p>\n\n\n\n<p>Sveriges \u00e4lvar har under mer \u00e4n ett sekel varit utsatta f\u00f6r betydande milj\u00f6p\u00e5verkan. Behovet \u00e4r nu akut av restaurering och \u00e5terst\u00e4llning till naturliga hydrologiska f\u00f6rh\u00e5llanden. Hertingprojektet \u00e4r ett gott exempel p\u00e5 hur detta kan \u00e5stadkommas med b\u00e4sta m\u00f6jliga teknik. Projektet visar hur kraftbolagen med r\u00e4tt \u00e5tg\u00e4rder kan undvika betydande milj\u00f6p\u00e5verkan och dessutom generera stora ekologiska och socioekonomiska vinster med positiva nettonuv\u00e4rden p\u00e5 miljonbelopp. (K\u00e4lla: L\u00e4nsstyrelsen i Hallands l\u00e4n).<a href=\"https:\/\/catalog.lansstyrelsen.se\/store\/24\/resource\/DN_2018_18\">DN_2018_18 (lansstyrelsen.se)<\/a><\/p>\n\n\n<div class=\"wp-block-image is-style-default\">\n<figure class=\"aligncenter size-large\"><a href=\"https:\/\/ingemar.alenas.se\/wp-content\/uploads\/2020\/09\/Al-Yngered-okt-2019.jpg\"><img loading=\"lazy\" decoding=\"async\" width=\"1024\" height=\"467\" src=\"https:\/\/ingemar.alenas.se\/wp-content\/uploads\/2020\/09\/Al-Yngered-okt-2019-1024x467.jpg\" alt=\"\" class=\"wp-image-9776\" srcset=\"https:\/\/ingemar.alenas.se\/wp-content\/uploads\/2020\/09\/Al-Yngered-okt-2019-1024x467.jpg 1024w, https:\/\/ingemar.alenas.se\/wp-content\/uploads\/2020\/09\/Al-Yngered-okt-2019-300x137.jpg 300w, https:\/\/ingemar.alenas.se\/wp-content\/uploads\/2020\/09\/Al-Yngered-okt-2019-768x350.jpg 768w, https:\/\/ingemar.alenas.se\/wp-content\/uploads\/2020\/09\/Al-Yngered-okt-2019.jpg 1217w\" sizes=\"auto, (max-width: 1024px) 100vw, 1024px\" \/><\/a><figcaption class=\"wp-element-caption\">\u00c4ggtransport till havet p\u00e5 ca <em>(6,32*2)+(2,42*4) miljoner = 22,32 miljoner \u00e4gg<\/em> \u00e4r h\u00e4r f\u00f6rolyckad. Kraftbolagen har tillst\u00e5nd att sakl\u00f6st d\u00f6da all vandrande \u00e5l. \u00c5larna transporteras respektl\u00f6st med annan &#8221;br\u00e5te&#8221; till tippen. L\u00e4nsstyrelsen st\u00e4ller inga krav p\u00e5 rapportering av antalet \u00e5lar i bolagens egenkontroll. \u00c5tg\u00e4rdsbehovet &#8221;m\u00f6rkas&#8221;. J\u00e4mf\u00f6r med reglerna f\u00f6r de \u00e5lar som fiskas f\u00f6r konsumtion h\u00e4r. <a href=\"https:\/\/www.havochvatten.se\/fiske-och-handel\/regler-och-lagar\/arter-regler-for-fiske-och-rapportering\/regler-for-alfiske.html\">Regler f\u00f6r \u00e5lfiske &#8211; Fiske och handel &#8211; Havs- och vattenmyndigheten (havochvatten.se)<\/a><\/figcaption><\/figure>\n<\/div>","protected":false},"excerpt":{"rendered":"<p>2022-12-29 Inf\u00f6randet av moderna milj\u00f6lagar och \u00e5tg\u00e4rder i \u00c4tran r\u00e4ddar hotade lax- och \u00e5lbest\u00e5nd. Regeringen f\u00f6resl\u00e5r i sin promemoria 2022-12-16 M2022\/02251 att ompr\u00f6vningen av moderna milj\u00f6villkor f\u00f6r \u00c4trafors, Yngeredsfors, B\u00e4llforsen, Skogsforsen och Sk\u00e5pan\u00e4s kraftverk senarel\u00e4ggs till den 1 februari 2028. Det inneb\u00e4r att \u00e5tg\u00e4rder kan vara p\u00e5 plats tidigast 2031 med domstolspr\u00f6vning p\u00e5 ett \u00e5r &hellip; <a href=\"https:\/\/ingemar.alenas.se\/?p=13317\" class=\"more-link\">Forts\u00e4tt l\u00e4sa <span class=\"screen-reader-text\">Pausa p\u00e5g\u00e5ende \u00e5lslakt i \u00c4tran<\/span> <span class=\"meta-nav\">&rarr;<\/span><\/a><\/p>\n","protected":false},"author":1,"featured_media":7723,"comment_status":"closed","ping_status":"closed","sticky":false,"template":"","format":"standard","meta":{"ngg_post_thumbnail":0,"footnotes":""},"categories":[2,3],"tags":[],"class_list":["post-13317","post","type-post","status-publish","format-standard","has-post-thumbnail","hentry","category-naturnytt","category-vattenblank"],"_links":{"self":[{"href":"https:\/\/ingemar.alenas.se\/index.php?rest_route=\/wp\/v2\/posts\/13317","targetHints":{"allow":["GET"]}}],"collection":[{"href":"https:\/\/ingemar.alenas.se\/index.php?rest_route=\/wp\/v2\/posts"}],"about":[{"href":"https:\/\/ingemar.alenas.se\/index.php?rest_route=\/wp\/v2\/types\/post"}],"author":[{"embeddable":true,"href":"https:\/\/ingemar.alenas.se\/index.php?rest_route=\/wp\/v2\/users\/1"}],"replies":[{"embeddable":true,"href":"https:\/\/ingemar.alenas.se\/index.php?rest_route=%2Fwp%2Fv2%2Fcomments&post=13317"}],"version-history":[{"count":17,"href":"https:\/\/ingemar.alenas.se\/index.php?rest_route=\/wp\/v2\/posts\/13317\/revisions"}],"predecessor-version":[{"id":13342,"href":"https:\/\/ingemar.alenas.se\/index.php?rest_route=\/wp\/v2\/posts\/13317\/revisions\/13342"}],"wp:featuredmedia":[{"embeddable":true,"href":"https:\/\/ingemar.alenas.se\/index.php?rest_route=\/wp\/v2\/media\/7723"}],"wp:attachment":[{"href":"https:\/\/ingemar.alenas.se\/index.php?rest_route=%2Fwp%2Fv2%2Fmedia&parent=13317"}],"wp:term":[{"taxonomy":"category","embeddable":true,"href":"https:\/\/ingemar.alenas.se\/index.php?rest_route=%2Fwp%2Fv2%2Fcategories&post=13317"},{"taxonomy":"post_tag","embeddable":true,"href":"https:\/\/ingemar.alenas.se\/index.php?rest_route=%2Fwp%2Fv2%2Ftags&post=13317"}],"curies":[{"name":"wp","href":"https:\/\/api.w.org\/{rel}","templated":true}]}}