{"id":13300,"date":"2022-12-28T11:00:28","date_gmt":"2022-12-28T11:00:28","guid":{"rendered":"https:\/\/ingemar.alenas.se\/?p=13300"},"modified":"2025-02-26T07:44:33","modified_gmt":"2025-02-26T07:44:33","slug":"raknas-eller-inte-raknas-det-ar-fragan-for-alen","status":"publish","type":"post","link":"https:\/\/ingemar.alenas.se\/?p=13300","title":{"rendered":"R\u00e4knas eller inte r\u00e4knas? Det \u00e4r fr\u00e5gan &#8211; f\u00f6r \u00e5len."},"content":{"rendered":"\n<h2 class=\"wp-block-heading\">2022-12-28 Beh\u00f6ver \u00e5len i \u00c4tran r\u00e4knas? Spelar det n\u00e5gon roll hur m\u00e5nga som d\u00f6r i kraftverken? <\/h2>\n\n\n\n<p>Enligt dagens omoderna vattenlagstiftning har kraftbolagen i \u00c4tran r\u00e4tt att d\u00f6da alla \u00e5lar som f\u00f6rs\u00f6ker vandra ut via galler och turbiner. De \u00e5lar som fastnar p\u00e5 gallren k\u00f6rs till tippen.<\/p>\n\n\n\n<p>Naturnytt tillskrev 2019 L\u00e4nsstyrelsen i Halland och efterfr\u00e5gade att de skulle initiera en r\u00e4kning av d\u00f6da blank\u00e5lar vid kraftverken i \u00c4tran. L\u00e4nsstyrelsen beslutade den 2 september 2020 att beg\u00e4ran inte f\u00f6ranledde n\u00e5gra \u00e5tg\u00e4rder och \u00e4rendet avskrevs fr\u00e5n vidare handl\u00e4ggning. L\u00e4s beslutet h\u00e4r.<\/p>\n\n\n\n<div data-wp-interactive=\"core\/file\" class=\"wp-block-file\"><object data-wp-bind--hidden=\"!state.hasPdfPreview\" hidden class=\"wp-block-file__embed\" data=\"https:\/\/ingemar.alenas.se\/wp-content\/uploads\/2022\/12\/Beslut-utan-atgard15138092.pdf\" type=\"application\/pdf\" style=\"width:100%;height:600px\" aria-label=\"Inb\u00e4ddning av Beslut utan \u00e5tg\u00e4rd(15138092).\"><\/object><a id=\"wp-block-file--media-5fd7a6fd-47bd-4541-85ed-c304b119974e\" href=\"https:\/\/ingemar.alenas.se\/wp-content\/uploads\/2022\/12\/Beslut-utan-atgard15138092.pdf\">Beslut utan \u00e5tg\u00e4rd(15138092)<\/a><a href=\"https:\/\/ingemar.alenas.se\/wp-content\/uploads\/2022\/12\/Beslut-utan-atgard15138092.pdf\" class=\"wp-block-file__button wp-element-button\" download aria-describedby=\"wp-block-file--media-5fd7a6fd-47bd-4541-85ed-c304b119974e\">Ladda ner<\/a><\/div>\n\n\n\n<p>L\u00e4nsstyrelsen bed\u00f6mde att &#8221;problemen som beskrevs med \u00e5ld\u00f6den hade sitt ursprung i anl\u00e4ggningarnas tillst\u00e5nd och \u00e4r av s\u00e5dan art att de b\u00f6r hanteras i den kommande pr\u00f6vningen inom ramen f\u00f6r den nationella planen f\u00f6r vattenkraft (NAP). L\u00e4nsstyrelsen har inte f\u00f6r avsikt att f\u00f6reg\u00e5 den pr\u00f6vningen&#8221;.<\/p>\n\n\n\n<p>Regeringen f\u00f6resl\u00e5r i sin promemoria 2022-12-16 M2022\/02251 att ompr\u00f6vningen av moderna milj\u00f6villkor f\u00f6r \u00c4trafors, Yngeredsfors, B\u00e4llforsen, Skogsforsen och Sk\u00e5pan\u00e4s kraftverk i \u00c4tran senarel\u00e4ggs till den 1 februari 2028. L\u00e4s promemorian h\u00e4r. <a href=\"https:\/\/www.regeringen.se\/4aeb8b\/contentassets\/127bcf929f1c4a2db0e22b7104742260\/promemoria-paus-av-omprovning-for-moderna-miljovillkor.pdf\">Microsoft Word &#8211; Promemoria slutlig version remiss (regeringen.se)<\/a><\/p>\n\n\n\n<p>Det inneb\u00e4r att \u00e5tg\u00e4rder inte kan vara p\u00e5 plats f\u00f6rr\u00e4n tidigast 2030 om pr\u00f6vning tar ett \u00e5r och \u00e5tg\u00e4rder tv\u00e5 \u00e5r. Nuvarande f\u00f6rh\u00e5llanden permanentas med ytterligare  \u00e5tta \u00e5rs fortsatt p\u00e5verkan p\u00e5 \u00e5l och laxbest\u00e5nd. <\/p>\n\n\n\n<p>\u201d\u00c5l i \u00c4tran\u201d anger att ca 5000 blank\u00e5lar \u00e5rligen vandrar ut fr\u00e5n \u00c4tran samt att merparten av dessa omkommer i kraftverkens galler och turbiner. L\u00e4nsstyrelsen och HaV har ocks\u00e5 i &#8221;\u00c5lplan \u00c4tran&#8221; beslutat in blanco att bolagen \u00e4r befriade fr\u00e5n skyldigheten att h\u00e5lla \u00e5lyngelledare. Det inneb\u00e4r att tiotusentals invandrande \u00e5lyngel \u00e4r utest\u00e4ngda fr\u00e5n \u00c4tran d\u00e5 redan beslutade vattendomar inte uppr\u00e4tth\u00e5lls.<\/p>\n\n\n\n<p>L\u00e4nsstyrelsen i Halland har nu yttrat sig \u00f6ver Regeringens promemoria 2022-12-16 M2022\/02251: &#8221;L\u00e4nsstyrelsen tillstyrker f\u00f6rslaget att tiden f\u00f6r n\u00e4r ans\u00f6kningarna ska l\u00e4mnas in f\u00f6rskjuts med ett \u00e5r.&#8221; &#8221;Det \u00e4r d\u00e4rf\u00f6r viktigt att de medel (70 Mkr) som f\u00f6rdelats mellan l\u00e4nen tidigare \u00e5r \u00e4ven kommer f\u00f6r arbetet under pausen. De flesta av dessa arbetsuppgifter kommer enligt f\u00f6rslaget att finnas kvar under pausen. Det handlar t.ex. om att samverka med verksamhetsut\u00f6vare, ta fram underlag till samverkan, genom tillsynen st\u00f6tta verksamhetsut\u00f6varna i deras egenkontroll m.m.&#8221; &#8221;Det kan \u00e4ven vara en f\u00f6rdel med ett-\u00e5rig paus om den leder till att b\u00e4ttre underlag kan tas fram&#8221;. L\u00e4s remissvaret h\u00e4r. <a href=\"https:\/\/www.regeringen.se\/4affe7\/contentassets\/1c3540dbeb7b4109934ae035063466b0\/lst-halland.pdf\">lst-halland.pdf (regeringen.se)<\/a><\/p>\n\n\n\n<p>Naturnytt noterar att L\u00e4nsstyrelsen tillstyrker att ompr\u00f6vningen av \u00c4trans N2000 omr\u00e5de senarel\u00e4ggs till 2028 trots de \u00e5rliga skador som det orsakar \u00e5len och laxen och utan att relevanta argument f\u00f6r denna senarel\u00e4ggning redovisas. L\u00e4nsstyrelsen skriver dock i remissvaret att pausen leder till att b\u00e4ttre underlag kan tas fram.<\/p>\n\n\n\n<p>Fr\u00e5gan \u00e4r om \u00e5len skall r\u00e4knas eller inte r\u00e4knas? Naturnytt f\u00f6resl\u00e5r att det inr\u00e4ttas n\u00e5gra index\u00e4lvar f\u00f6r \u00e5l p\u00e5 Svenska v\u00e4stkusten. D\u00e5 kan myndigheterna f\u00e5 det beslutsunderlag som saknas i dag. F\u00f6r den akut hotade \u00e5len \u00e4r fr\u00e5gan allvarligare \u00e4n s\u00e5: Vara eller inte vara?<\/p>\n\n\n\n<p>Sverige har ocks\u00e5 skrivit under avtalet om biologisk m\u00e5ngfald som togs fram vid COP15 i Montreal i december 2022. Det handlar ocks\u00e5 om att f\u00f6rvalta ett mer \u00e4n tusen\u00e5rigt \u00e5larv, en resurs som vi f\u00e5tt att bevara till kommande generationer.<\/p>\n\n\n<div class=\"wp-block-image is-style-default\">\n<figure class=\"aligncenter size-large\"><a href=\"https:\/\/ingemar.alenas.se\/wp-content\/uploads\/2022\/03\/P3060153-kopia.jpg\"><img loading=\"lazy\" decoding=\"async\" width=\"1024\" height=\"576\" src=\"https:\/\/ingemar.alenas.se\/wp-content\/uploads\/2022\/03\/P3060153-kopia-1024x576.jpg\" alt=\"\" class=\"wp-image-11969\" srcset=\"https:\/\/ingemar.alenas.se\/wp-content\/uploads\/2022\/03\/P3060153-kopia-1024x576.jpg 1024w, https:\/\/ingemar.alenas.se\/wp-content\/uploads\/2022\/03\/P3060153-kopia-300x169.jpg 300w, https:\/\/ingemar.alenas.se\/wp-content\/uploads\/2022\/03\/P3060153-kopia-768x432.jpg 768w, https:\/\/ingemar.alenas.se\/wp-content\/uploads\/2022\/03\/P3060153-kopia.jpg 1400w\" sizes=\"auto, (max-width: 1024px) 100vw, 1024px\" \/><\/a><figcaption class=\"wp-element-caption\">Aktuell situation vid Unipers\/Fortums kraftverk i \u00c4tran. \u00c5lmassakern till\u00e5ts nu forts\u00e4tta i ytterligare ca 8 \u00e5r. Regeringen skriver att: &#8221;&#8230;de enskilda pr\u00f6vningarna senarel\u00e4ggs. Ut\u00f6ver detta bed\u00f6ms f\u00f6rslaget inte ha n\u00e5gon milj\u00f6p\u00e5verkan&#8221;. L\u00e4nsstyrelsen i Halland \u00e4r tillsynsmyndighet och beslutar att de d\u00f6da \u00e5larna inte skall r\u00e4knas.<\/figcaption><\/figure>\n<\/div>\n\n\n<p><br><br><\/p>\n\n\n\n<p><br><br><\/p>\n","protected":false},"excerpt":{"rendered":"<p>2022-12-28 Beh\u00f6ver \u00e5len i \u00c4tran r\u00e4knas? Spelar det n\u00e5gon roll hur m\u00e5nga som d\u00f6r i kraftverken? Enligt dagens omoderna vattenlagstiftning har kraftbolagen i \u00c4tran r\u00e4tt att d\u00f6da alla \u00e5lar som f\u00f6rs\u00f6ker vandra ut via galler och turbiner. De \u00e5lar som fastnar p\u00e5 gallren k\u00f6rs till tippen. Naturnytt tillskrev 2019 L\u00e4nsstyrelsen i Halland och efterfr\u00e5gade att &hellip; <a href=\"https:\/\/ingemar.alenas.se\/?p=13300\" class=\"more-link\">Forts\u00e4tt l\u00e4sa <span class=\"screen-reader-text\">R\u00e4knas eller inte r\u00e4knas? Det \u00e4r fr\u00e5gan &#8211; f\u00f6r \u00e5len.<\/span> <span class=\"meta-nav\">&rarr;<\/span><\/a><\/p>\n","protected":false},"author":1,"featured_media":11215,"comment_status":"closed","ping_status":"closed","sticky":false,"template":"","format":"standard","meta":{"ngg_post_thumbnail":0,"footnotes":""},"categories":[2,3],"tags":[],"class_list":["post-13300","post","type-post","status-publish","format-standard","has-post-thumbnail","hentry","category-naturnytt","category-vattenblank"],"_links":{"self":[{"href":"https:\/\/ingemar.alenas.se\/index.php?rest_route=\/wp\/v2\/posts\/13300","targetHints":{"allow":["GET"]}}],"collection":[{"href":"https:\/\/ingemar.alenas.se\/index.php?rest_route=\/wp\/v2\/posts"}],"about":[{"href":"https:\/\/ingemar.alenas.se\/index.php?rest_route=\/wp\/v2\/types\/post"}],"author":[{"embeddable":true,"href":"https:\/\/ingemar.alenas.se\/index.php?rest_route=\/wp\/v2\/users\/1"}],"replies":[{"embeddable":true,"href":"https:\/\/ingemar.alenas.se\/index.php?rest_route=%2Fwp%2Fv2%2Fcomments&post=13300"}],"version-history":[{"count":17,"href":"https:\/\/ingemar.alenas.se\/index.php?rest_route=\/wp\/v2\/posts\/13300\/revisions"}],"predecessor-version":[{"id":15843,"href":"https:\/\/ingemar.alenas.se\/index.php?rest_route=\/wp\/v2\/posts\/13300\/revisions\/15843"}],"wp:featuredmedia":[{"embeddable":true,"href":"https:\/\/ingemar.alenas.se\/index.php?rest_route=\/wp\/v2\/media\/11215"}],"wp:attachment":[{"href":"https:\/\/ingemar.alenas.se\/index.php?rest_route=%2Fwp%2Fv2%2Fmedia&parent=13300"}],"wp:term":[{"taxonomy":"category","embeddable":true,"href":"https:\/\/ingemar.alenas.se\/index.php?rest_route=%2Fwp%2Fv2%2Fcategories&post=13300"},{"taxonomy":"post_tag","embeddable":true,"href":"https:\/\/ingemar.alenas.se\/index.php?rest_route=%2Fwp%2Fv2%2Ftags&post=13300"}],"curies":[{"name":"wp","href":"https:\/\/api.w.org\/{rel}","templated":true}]}}