{"id":13292,"date":"2022-12-24T12:08:52","date_gmt":"2022-12-24T12:08:52","guid":{"rendered":"https:\/\/ingemar.alenas.se\/?p=13292"},"modified":"2022-12-24T12:43:53","modified_gmt":"2022-12-24T12:43:53","slug":"arets-julklapp","status":"publish","type":"post","link":"https:\/\/ingemar.alenas.se\/?p=13292","title":{"rendered":"\u00c5rets Julklapp"},"content":{"rendered":"\n<h2 class=\"wp-block-heading\">2022-12-24 F\u00f6renta Nationernas storm\u00f6te mellan ca 190 l\u00e4nder gav \u00e5rhundradets julg\u00e5va &#8211; Biologisk m\u00e5ngfald \u00e5t alla.<\/h2>\n\n\n\n<p>FN:s stora konferens (nr 15) om Biologisk M\u00e5ngfald hade Kina som v\u00e4rd och h\u00f6lls p.g.a. covid i Montreal i Kanada. Avtalet som sl\u00f6ts \u00e4r och blir historiskt d\u00e5 det behandlar jordens viktigaste existentiella fr\u00e5ga; den biologiska m\u00e5ngfalden.<\/p>\n\n\n\n<p>Det historiska avtalet som godk\u00e4ndes av alla l\u00e4nder inklusive Sverige inneh\u00e5ller fyra \u00f6vergripande ramavtal och 23 olika delm\u00e5l. L\u00e4s mer h\u00e4r <a href=\"https:\/\/www.cbd.int\/article\/cop15-cbd-press-release-final-19dec2022\">COP15: Nations Adopt Four Goals, 23 Targets for 2030 In Landmark UN Biodiversity Agreement | Convention on Biological Diversity (cbd.int)<\/a><\/p>\n\n\n\n<p>Ett av m\u00e5len \u00e4r att Sverige till 2030 f\u00f6rbinder sig att skydda och f\u00f6rvalta 30% av de inlandsvatten som \u00e4r viktiga f\u00f6r den biologiska m\u00e5ngfalden och produktion av ekosystemtj\u00e4nster.<\/p>\n\n\n\n<p>Dessutom skall Sverige vara klara med eller ha p\u00e5b\u00f6rjat restaurering av minst 30% av p\u00e5verkade och nedg\u00e5ngna (degraded) inlandsvatten. Risken f\u00f6r p\u00e5verkan av bek\u00e4mpningsmedel och skadliga kemikalier skall ha minskat med 50% fram till 2030.<\/p>\n\n\n\n<p>Avtalet s\u00e4ger ocks\u00e5 att den genetiska m\u00e5ngfalden skall bibeh\u00e5llas s\u00e5 att arter kan bibeh\u00e5lla sin f\u00f6rm\u00e5ga till anpassning f\u00f6r milj\u00f6p\u00e5verkan. Best\u00e5ndet av \u00c4tranlax p\u00e5verkas kraftigt av dammar och korttidsreglering vilket minskar best\u00e5ndets genetiska potential.<\/p>\n\n\n\n<p>\u00c4tran \u00e4r just ett s\u00e5dant vatten som \u00e4r utpekat med art- och habitatdirektivet (N2000) f\u00f6r att det \u00e4r viktigt att skydda fr\u00e5n verksamheter vilka p\u00e5verkar den biologiska m\u00e5ngfalden. \u00c5len och laxen \u00e4r utest\u00e4ng fr\u00e5n alla tidigare uppv\u00e4xtomr\u00e5den uppstr\u00f6ms \u00c4trafors i \u00c4tran. \u00c5len har minskat med 99% och atlantlaxen med 95%. V\u00e5rlekande sikl\u00f6jan i Fegen \u00e4r akut hotad av sj\u00f6reglering.<\/p>\n\n\n\n<p>Sveriges Regering skrev i december innan man \u00e5kte till Montreal en promemoria om ompr\u00f6vningen av vattenkraften. (M2022\/02251) L\u00e4s mer h\u00e4r <a href=\"https:\/\/www.regeringen.se\/4aeb8b\/contentassets\/127bcf929f1c4a2db0e22b7104742260\/promemoria-paus-av-omprovning-for-moderna-miljovillkor.pdf\">Microsoft Word &#8211; Promemoria slutlig version remiss (regeringen.se)<\/a><\/p>\n\n\n\n<p>Regeringen f\u00f6resl\u00e5r i promemorian att senarel\u00e4gga vattenkraftens ompr\u00f6vning till moderna milj\u00f6lagar i \u00c4tran med flera vattendrag. \u00c4tran uppstr\u00f6ms H\u00f6gvads\u00e5n (bl.a. d\u00f6da fallen \u00c4trafors) senarel\u00e4ggs till 1 feb. 2028, \u00c4tran fr\u00e5n Fegen senarel\u00e4ggs till 1 september 2028 och Assman senarel\u00e4ggs till 1 februari 2029.<\/p>\n\n\n\n<p>Med anledning av Sveriges antagande av Kunming-Montreal protokollet blir promemorian inaktuell och mister all trov\u00e4rdighet. Svenska regeringen m\u00e5ste omedelbart forts\u00e4tta och \u00f6ka takten i inf\u00f6randet av moderna milj\u00f6lagar f\u00f6r den svenska vattenkraften.<\/p>\n\n\n\n<p>Milj\u00f6pr\u00f6vningen kan ber\u00e4knas ta ett \u00e5r fr\u00e5n att den p\u00e5b\u00f6rjas och sedan tar kraftbolagens \u00e5tg\u00e4rder ytterligare n\u00e5gra \u00e5r. Tiden finns allts\u00e5 inte att ytterligare f\u00f6rhala inf\u00f6randet av moderna milj\u00f6lagar i Sverige.<\/p>\n\n\n\n<p>Nu g\u00e4ller fr\u00e5n 2023 och fram\u00e5t &#8211; &#8221;Biologisk m\u00e5ngfald \u00e5t alla &#8221;.<\/p>\n\n\n<div class=\"wp-block-image is-style-default\">\n<figure class=\"aligncenter size-large\"><a href=\"https:\/\/ingemar.alenas.se\/wp-content\/uploads\/2022\/12\/God-Jul.jpg\"><img loading=\"lazy\" decoding=\"async\" width=\"639\" height=\"1024\" src=\"https:\/\/ingemar.alenas.se\/wp-content\/uploads\/2022\/12\/God-Jul-639x1024.jpg\" alt=\"\" class=\"wp-image-13262\" srcset=\"https:\/\/ingemar.alenas.se\/wp-content\/uploads\/2022\/12\/God-Jul-639x1024.jpg 639w, https:\/\/ingemar.alenas.se\/wp-content\/uploads\/2022\/12\/God-Jul-187x300.jpg 187w, https:\/\/ingemar.alenas.se\/wp-content\/uploads\/2022\/12\/God-Jul-768x1230.jpg 768w, https:\/\/ingemar.alenas.se\/wp-content\/uploads\/2022\/12\/God-Jul-959x1536.jpg 959w, https:\/\/ingemar.alenas.se\/wp-content\/uploads\/2022\/12\/God-Jul.jpg 1249w\" sizes=\"auto, (max-width: 639px) 100vw, 639px\" \/><\/a><\/figure>\n<\/div>","protected":false},"excerpt":{"rendered":"<p>2022-12-24 F\u00f6renta Nationernas storm\u00f6te mellan ca 190 l\u00e4nder gav \u00e5rhundradets julg\u00e5va &#8211; Biologisk m\u00e5ngfald \u00e5t alla. FN:s stora konferens (nr 15) om Biologisk M\u00e5ngfald hade Kina som v\u00e4rd och h\u00f6lls p.g.a. covid i Montreal i Kanada. Avtalet som sl\u00f6ts \u00e4r och blir historiskt d\u00e5 det behandlar jordens viktigaste existentiella fr\u00e5ga; den biologiska m\u00e5ngfalden. Det historiska &hellip; <a href=\"https:\/\/ingemar.alenas.se\/?p=13292\" class=\"more-link\">Forts\u00e4tt l\u00e4sa <span class=\"screen-reader-text\">\u00c5rets Julklapp<\/span> <span class=\"meta-nav\">&rarr;<\/span><\/a><\/p>\n","protected":false},"author":1,"featured_media":10537,"comment_status":"closed","ping_status":"closed","sticky":false,"template":"","format":"standard","meta":{"ngg_post_thumbnail":0,"footnotes":""},"categories":[2,3,1],"tags":[],"class_list":["post-13292","post","type-post","status-publish","format-standard","has-post-thumbnail","hentry","category-naturnytt","category-vattenblank","category-laxens-ar-2019"],"_links":{"self":[{"href":"https:\/\/ingemar.alenas.se\/index.php?rest_route=\/wp\/v2\/posts\/13292","targetHints":{"allow":["GET"]}}],"collection":[{"href":"https:\/\/ingemar.alenas.se\/index.php?rest_route=\/wp\/v2\/posts"}],"about":[{"href":"https:\/\/ingemar.alenas.se\/index.php?rest_route=\/wp\/v2\/types\/post"}],"author":[{"embeddable":true,"href":"https:\/\/ingemar.alenas.se\/index.php?rest_route=\/wp\/v2\/users\/1"}],"replies":[{"embeddable":true,"href":"https:\/\/ingemar.alenas.se\/index.php?rest_route=%2Fwp%2Fv2%2Fcomments&post=13292"}],"version-history":[{"count":5,"href":"https:\/\/ingemar.alenas.se\/index.php?rest_route=\/wp\/v2\/posts\/13292\/revisions"}],"predecessor-version":[{"id":13299,"href":"https:\/\/ingemar.alenas.se\/index.php?rest_route=\/wp\/v2\/posts\/13292\/revisions\/13299"}],"wp:featuredmedia":[{"embeddable":true,"href":"https:\/\/ingemar.alenas.se\/index.php?rest_route=\/wp\/v2\/media\/10537"}],"wp:attachment":[{"href":"https:\/\/ingemar.alenas.se\/index.php?rest_route=%2Fwp%2Fv2%2Fmedia&parent=13292"}],"wp:term":[{"taxonomy":"category","embeddable":true,"href":"https:\/\/ingemar.alenas.se\/index.php?rest_route=%2Fwp%2Fv2%2Fcategories&post=13292"},{"taxonomy":"post_tag","embeddable":true,"href":"https:\/\/ingemar.alenas.se\/index.php?rest_route=%2Fwp%2Fv2%2Ftags&post=13292"}],"curies":[{"name":"wp","href":"https:\/\/api.w.org\/{rel}","templated":true}]}}