{"id":12968,"date":"2022-10-20T07:21:44","date_gmt":"2022-10-20T07:21:44","guid":{"rendered":"https:\/\/ingemar.alenas.se\/?p=12968"},"modified":"2022-10-20T09:33:20","modified_gmt":"2022-10-20T09:33:20","slug":"miljodepartementet-blir-en-papperstiger","status":"publish","type":"post","link":"https:\/\/ingemar.alenas.se\/?p=12968","title":{"rendered":"Milj\u00f6departementet blir en papperstiger"},"content":{"rendered":"\n<h2 class=\"wp-block-heading\">2022-10-20 Svenska milj\u00f6departementet l\u00e4ggs ned efter att ha funnits i 35 \u00e5r i sin nuvarande form och 50 \u00e5r i olika former.<\/h2>\n\n\n\n<p>Milj\u00f6fr\u00e5gorna hamnar nu under energi- och n\u00e4ringslivsdepartementet med energi- och n\u00e4ringsminister Ebba Bush som chef. Klimat- och milj\u00f6minister Romina Pourmokhtari inordnas under energi- och n\u00e4ringslivsdepartementet och f\u00e5r d\u00e4rmed energi- och n\u00e4ringsministern som chef.<\/p>\n\n\n\n<p>Det inneb\u00e4r att ansvaret f\u00f6r genomf\u00f6randet av Sveriges 16 beslutade milj\u00f6kvalitetsm\u00e5l och generationsm\u00e5let f\u00f6r v\u00e5r milj\u00f6 nu hamnar under energi- och n\u00e4ringslivsdepartementet.<\/p>\n\n\n\n<p>Departementschef  och vice statsminister Ebba Bush har redan kungjort beslut som p\u00e5verkar de svenska milj\u00f6m\u00e5len. Kraftig utbyggnad av k\u00e4rnkraften och stopp f\u00f6r ompr\u00f6vning av vattenkraftens omoderna milj\u00f6lagar var n\u00e5gra av de nyheter som annonserades vid regerings\u00f6verenskommelsen den 14 oktober 2022.<\/p>\n\n\n\n<div class=\"wp-block-image is-style-default\"><figure class=\"aligncenter size-large\"><a href=\"https:\/\/ingemar.alenas.se\/wp-content\/uploads\/2017\/12\/\u00e5lstop3.jpg\"><img loading=\"lazy\" decoding=\"async\" width=\"768\" height=\"1024\" src=\"https:\/\/ingemar.alenas.se\/wp-content\/uploads\/2017\/12\/\u00e5lstop3-768x1024.jpg\" alt=\"\" class=\"wp-image-5009\" srcset=\"https:\/\/ingemar.alenas.se\/wp-content\/uploads\/2017\/12\/\u00e5lstop3-768x1024.jpg 768w, https:\/\/ingemar.alenas.se\/wp-content\/uploads\/2017\/12\/\u00e5lstop3-225x300.jpg 225w, https:\/\/ingemar.alenas.se\/wp-content\/uploads\/2017\/12\/\u00e5lstop3.jpg 1403w\" sizes=\"auto, (max-width: 768px) 100vw, 768px\" \/><\/a><figcaption>Stopp f\u00f6r ompr\u00f6vningen av vattendomar inneb\u00e4r stopp f\u00f6r tiotusentals akut hotade \u00e5lar. Det inneb\u00e4r \u00e4ven att ett stopp inf\u00f6rs f\u00f6r att genomf\u00f6ra flera viktiga milj\u00f6kvalitetsm\u00e5l.<\/figcaption><\/figure><\/div>\n\n\n\n<p>Milj\u00f6kvalitetsm\u00e5len \u201dLevande sj\u00f6ar och vattendrag\u201d samt \u201dEtt rikt v\u00e4xt- och djurliv\u201d kan inte uppfyllas d\u00e5 tusentals dammar och kraftverk stoppar och d\u00f6dar vandringsfisken. Vattenkraftens korttidsreglering och torrl\u00e4ggning (nolltappning) sl\u00e5r ut hela ekosystem. Ompr\u00f6vning av denna lagstiftning fr\u00e5n b\u00f6rjan av 1900-talet pausas nu enligt besked fr\u00e5n den nya energi- och n\u00e4ringsministern. Ompr\u00f6vningen och \u00e5tg\u00e4rder var t\u00e4nkta att vara klara om 20 \u00e5r dvs 2042. Nu pausas denna \u00e5tg\u00e4rdstakt.<\/p>\n\n\n\n<p>Sverige har f\u00e5tt kritik fr\u00e5n EU f\u00f6r att inte uppfylla gemensamma \u00e5taganden enligt vattendirektivet. Nu kan Sverige riskera dryga b\u00f6ter om EU-kommissionen anser att Sverige forts\u00e4tter att bryta mot gemensamma beslut.<\/p>\n\n\n\n<p>P\u00e5 regeringens hemsida kan man den 20 oktober 2022 l\u00e4sa nyheten att statsminister Ulf Kristersson l\u00e4mnat regeringsf\u00f6rklaringen till riksdagen och anm\u00e4lt Romina Pourmokhtari som ny klimat- och milj\u00f6minister och departementschef p\u00e5 Milj\u00f6departementet. <a href=\"https:\/\/www.regeringen.se\/sveriges-regering\/miljodepartementet\/\">Milj\u00f6departementet &#8211; Regeringen.se<\/a><\/p>\n\n\n\n<p>P\u00e5 annan plats p\u00e5 regeringens hemsida kan man se de olika departementen och att milj\u00f6departementet saknas. D\u00e4r \u00e4r klimat- och milj\u00f6ministern underordnad energi- och n\u00e4ringslivsdepartementet och har Ebba Bush som departementschef.<\/p>\n\n\n\n<p>Milj\u00f6departementet och dess departementschef har blivit en \u201dpapperstiger\u201d p\u00e5 regeringens hemsida och departementschef f\u00f6r ett departement som avvecklats. L\u00e4s mer h\u00e4r <a href=\"https:\/\/ingemar.alenas.se\/?p=12886\">Milj\u00f6m\u00e5len \u2013 en svensk papperstiger | Ingemar Alen\u00e4s (alenas.se)<\/a><\/p>\n","protected":false},"excerpt":{"rendered":"<p>2022-10-20 Svenska milj\u00f6departementet l\u00e4ggs ned efter att ha funnits i 35 \u00e5r i sin nuvarande form och 50 \u00e5r i olika former. Milj\u00f6fr\u00e5gorna hamnar nu under energi- och n\u00e4ringslivsdepartementet med energi- och n\u00e4ringsminister Ebba Bush som chef. Klimat- och milj\u00f6minister Romina Pourmokhtari inordnas under energi- och n\u00e4ringslivsdepartementet och f\u00e5r d\u00e4rmed energi- och n\u00e4ringsministern som chef. &hellip; <a href=\"https:\/\/ingemar.alenas.se\/?p=12968\" class=\"more-link\">Forts\u00e4tt l\u00e4sa <span class=\"screen-reader-text\">Milj\u00f6departementet blir en papperstiger<\/span> <span class=\"meta-nav\">&rarr;<\/span><\/a><\/p>\n","protected":false},"author":1,"featured_media":10981,"comment_status":"closed","ping_status":"closed","sticky":false,"template":"","format":"standard","meta":{"ngg_post_thumbnail":0,"footnotes":""},"categories":[2,3],"tags":[],"class_list":["post-12968","post","type-post","status-publish","format-standard","has-post-thumbnail","hentry","category-naturnytt","category-vattenblank"],"_links":{"self":[{"href":"https:\/\/ingemar.alenas.se\/index.php?rest_route=\/wp\/v2\/posts\/12968","targetHints":{"allow":["GET"]}}],"collection":[{"href":"https:\/\/ingemar.alenas.se\/index.php?rest_route=\/wp\/v2\/posts"}],"about":[{"href":"https:\/\/ingemar.alenas.se\/index.php?rest_route=\/wp\/v2\/types\/post"}],"author":[{"embeddable":true,"href":"https:\/\/ingemar.alenas.se\/index.php?rest_route=\/wp\/v2\/users\/1"}],"replies":[{"embeddable":true,"href":"https:\/\/ingemar.alenas.se\/index.php?rest_route=%2Fwp%2Fv2%2Fcomments&post=12968"}],"version-history":[{"count":10,"href":"https:\/\/ingemar.alenas.se\/index.php?rest_route=\/wp\/v2\/posts\/12968\/revisions"}],"predecessor-version":[{"id":12982,"href":"https:\/\/ingemar.alenas.se\/index.php?rest_route=\/wp\/v2\/posts\/12968\/revisions\/12982"}],"wp:featuredmedia":[{"embeddable":true,"href":"https:\/\/ingemar.alenas.se\/index.php?rest_route=\/wp\/v2\/media\/10981"}],"wp:attachment":[{"href":"https:\/\/ingemar.alenas.se\/index.php?rest_route=%2Fwp%2Fv2%2Fmedia&parent=12968"}],"wp:term":[{"taxonomy":"category","embeddable":true,"href":"https:\/\/ingemar.alenas.se\/index.php?rest_route=%2Fwp%2Fv2%2Fcategories&post=12968"},{"taxonomy":"post_tag","embeddable":true,"href":"https:\/\/ingemar.alenas.se\/index.php?rest_route=%2Fwp%2Fv2%2Ftags&post=12968"}],"curies":[{"name":"wp","href":"https:\/\/api.w.org\/{rel}","templated":true}]}}