{"id":12954,"date":"2022-10-15T15:52:56","date_gmt":"2022-10-15T15:52:56","guid":{"rendered":"https:\/\/ingemar.alenas.se\/?p=12954"},"modified":"2022-10-15T20:36:22","modified_gmt":"2022-10-15T20:36:22","slug":"miljoprovningen-av-vattenkraften-pausas-2022","status":"publish","type":"post","link":"https:\/\/ingemar.alenas.se\/?p=12954","title":{"rendered":"Milj\u00f6pr\u00f6vningen av vattenkraften pausas"},"content":{"rendered":"\n<p>2022-10-15 <strong>Regeringen avbryter den p\u00e5g\u00e5ende milj\u00f6pr\u00f6vningen av vattenkraften. Stora ekonomiska och ekologiska effekter kan f\u00f6rv\u00e4ntas.<\/strong><\/p>\n\n\n\n<p>Svensk Vattenkraft har levt efter vattenlagen fr\u00e5n 1918. EU:s Vattendirektiv kom 2000 och inf\u00f6rdes i svensk lagstiftning 2004. Sverige har f\u00e5tt varningar f\u00f6r d\u00e5lig anpassning och startade den 1 september 2022 ompr\u00f6vningar av de f\u00f6r\u00e5ldrade, omoderna tillst\u00e5nden. Sveriges nya regering har best\u00e4mt att denna process nu skall pausas, vilket ger stora ekonomiska och ekologiska avtryck.<\/p>\n\n\n\n<p>Kraftbolagen har f\u00e5tt skattel\u00e4ttnader p\u00e5 3,5 miljarder per \u00e5r i 20 \u00e5r vilket var t\u00e4nkt som en kompensation i samband med deras kostnader och uteblivna vinster vid milj\u00f6pr\u00f6vningen. Pausar regeringen \u00e4ven dessa skattef\u00f6rm\u00e5ner? Det vore rimligt d\u00e5 utl\u00e4ndska bolag g\u00f6r miljardvinster p\u00e5 svenska vattenresurser.<\/p>\n\n\n\n<p>Kammarkollegiet, milj\u00f6domstolar och l\u00e4nsstyrelser har avsatt \u00f6kade personella och ekonomiska resurser f\u00f6r att handl\u00e4gga alla ompr\u00f6vningar. L\u00e4nsstyrelsen har pausat tillsynen p\u00e5 vattenkraften i v\u00e4ntan p\u00e5 kommande ompr\u00f6vning. Nu beh\u00f6vs \u00e5ter en omdirigering av personella och ekonomiska resurser samt ett tillsynsarbete som samlar in uppgifter inf\u00f6r kommande ompr\u00f6vning.<\/p>\n\n\n\n<p>Effekterna p\u00e5 personalresurser och ekonomi blir stora. St\u00f6rre blir dock effekterna p\u00e5 milj\u00f6n. Ompr\u00f6vningen startade 2022 och ber\u00e4knades p\u00e5g\u00e5 ca 20 \u00e5r. Nu pausas ompr\u00f6vningen vilket inneb\u00e4r att vattenkraften inte kommer att omfattas av moderna milj\u00f6lagar f\u00f6rr\u00e4n efter 2042.<\/p>\n\n\n\n<p>St\u00f6rst konsekvenser blir det f\u00f6r milj\u00f6n n\u00e4r vattenkraftens milj\u00f6anpassning f\u00f6rdr\u00f6js eller uteblir. Som ett exempel kan n\u00e4mnas \u00c4tran d\u00e4r korttidsreglering vid \u00c4trafors kraftverk orsakar en \u00e5rlig d\u00f6d av 34 500 laxsmolt. Milj\u00f6m\u00e5let Levande sj\u00f6ar och vattendrag kommer enligt \u00e5rets utv\u00e4rdering inte att n\u00e5s f\u00f6re 2030 och nu skjuts det beslutade milj\u00f6m\u00e5let upp p\u00e5 obest\u00e4md tid.<\/p>\n\n\n\n<p>Regeringsbeslutet att i detta akuta l\u00e4ge f\u00f6r milj\u00f6n pausa n\u00f6dv\u00e4ndiga \u00e5tg\u00e4rder \u00e4r illa valt. Sverige m\u00e5 blunda f\u00f6r att den biologiska m\u00e5ngfalden f\u00f6rbrukas men EU:s vattendirektiv och art- och habitatdirektiv kr\u00e4ver h\u00e4nsyn. De l\u00e4nder som bryter mot EU:s gemensamma lagstiftning kan komma att straffas med k\u00e4nnbara ekonomiska sanktioner.<\/p>\n","protected":false},"excerpt":{"rendered":"<p>2022-10-15 Regeringen avbryter den p\u00e5g\u00e5ende milj\u00f6pr\u00f6vningen av vattenkraften. Stora ekonomiska och ekologiska effekter kan f\u00f6rv\u00e4ntas. Svensk Vattenkraft har levt efter vattenlagen fr\u00e5n 1918. EU:s Vattendirektiv kom 2000 och inf\u00f6rdes i svensk lagstiftning 2004. Sverige har f\u00e5tt varningar f\u00f6r d\u00e5lig anpassning och startade den 1 september 2022 ompr\u00f6vningar av de f\u00f6r\u00e5ldrade, omoderna tillst\u00e5nden. Sveriges nya regering &hellip; <a href=\"https:\/\/ingemar.alenas.se\/?p=12954\" class=\"more-link\">Forts\u00e4tt l\u00e4sa <span class=\"screen-reader-text\">Milj\u00f6pr\u00f6vningen av vattenkraften pausas<\/span> <span class=\"meta-nav\">&rarr;<\/span><\/a><\/p>\n","protected":false},"author":1,"featured_media":12955,"comment_status":"closed","ping_status":"closed","sticky":false,"template":"","format":"standard","meta":{"ngg_post_thumbnail":0,"footnotes":""},"categories":[2,3],"tags":[],"class_list":["post-12954","post","type-post","status-publish","format-standard","has-post-thumbnail","hentry","category-naturnytt","category-vattenblank"],"_links":{"self":[{"href":"https:\/\/ingemar.alenas.se\/index.php?rest_route=\/wp\/v2\/posts\/12954","targetHints":{"allow":["GET"]}}],"collection":[{"href":"https:\/\/ingemar.alenas.se\/index.php?rest_route=\/wp\/v2\/posts"}],"about":[{"href":"https:\/\/ingemar.alenas.se\/index.php?rest_route=\/wp\/v2\/types\/post"}],"author":[{"embeddable":true,"href":"https:\/\/ingemar.alenas.se\/index.php?rest_route=\/wp\/v2\/users\/1"}],"replies":[{"embeddable":true,"href":"https:\/\/ingemar.alenas.se\/index.php?rest_route=%2Fwp%2Fv2%2Fcomments&post=12954"}],"version-history":[{"count":5,"href":"https:\/\/ingemar.alenas.se\/index.php?rest_route=\/wp\/v2\/posts\/12954\/revisions"}],"predecessor-version":[{"id":12966,"href":"https:\/\/ingemar.alenas.se\/index.php?rest_route=\/wp\/v2\/posts\/12954\/revisions\/12966"}],"wp:featuredmedia":[{"embeddable":true,"href":"https:\/\/ingemar.alenas.se\/index.php?rest_route=\/wp\/v2\/media\/12955"}],"wp:attachment":[{"href":"https:\/\/ingemar.alenas.se\/index.php?rest_route=%2Fwp%2Fv2%2Fmedia&parent=12954"}],"wp:term":[{"taxonomy":"category","embeddable":true,"href":"https:\/\/ingemar.alenas.se\/index.php?rest_route=%2Fwp%2Fv2%2Fcategories&post=12954"},{"taxonomy":"post_tag","embeddable":true,"href":"https:\/\/ingemar.alenas.se\/index.php?rest_route=%2Fwp%2Fv2%2Ftags&post=12954"}],"curies":[{"name":"wp","href":"https:\/\/api.w.org\/{rel}","templated":true}]}}