{"id":12886,"date":"2022-10-10T08:51:44","date_gmt":"2022-10-10T08:51:44","guid":{"rendered":"https:\/\/ingemar.alenas.se\/?p=12886"},"modified":"2022-10-10T14:30:24","modified_gmt":"2022-10-10T14:30:24","slug":"miljomalen-en-svensk-papperstiger","status":"publish","type":"post","link":"https:\/\/ingemar.alenas.se\/?p=12886","title":{"rendered":"Milj\u00f6m\u00e5len &#8211; en svensk papperstiger"},"content":{"rendered":"\n<h2 class=\"wp-block-heading\">2022-10-10 Sveriges 16 milj\u00f6kvalitetsm\u00e5l har beslutats av riksdagen. Havs bed\u00f6mning \u00e4r att de inte kommer att n\u00e5s f\u00f6re 2030 med beslutade eller planerade styrmedel och \u00e5tg\u00e4rder.<\/h2>\n\n\n\n<p>Det svenska milj\u00f6m\u00e5lssystemet har funnits sedan 1999.  N\u00e4r det g\u00e4ller m\u00e5let <strong>Levande sj\u00f6ar och vattendrag <\/strong>\u00e4r beslutet:&nbsp;<em>\u201dSj\u00f6ar och vattendrag ska vara ekologiskt h\u00e5llbara och deras variationsrika livsmilj\u00f6er ska bevaras. Naturlig produktionsf\u00f6rm\u00e5ga, biologisk m\u00e5ngfald, kulturmilj\u00f6v\u00e4rden samt landskapets ekologiska och vattenhush\u00e5llande funktion ska bevaras, samtidigt som f\u00f6ruts\u00e4ttningar f\u00f6r friluftsliv v\u00e4rnas.\u201d<\/em><\/p>\n\n\n\n<p>M\u00e5let \u00e4r vidare att: <em>\u201dSj\u00f6ars och vattendrags viktiga ekosystemtj\u00e4nster \u00e4r vidmakth\u00e5llna. Sj\u00f6ar och vattendrag har strukturer och vattenfl\u00f6den som ger m\u00f6jlighet till livsmilj\u00f6er och spridningsv\u00e4gar f\u00f6r vilda v\u00e4xt- och djurarter som en del i en gr\u00f6n infrastruktur&#8221;.<br><br><\/em>Havs- och vattenmyndigheten har nu gjort en avst\u00e4mning av flera svenska milj\u00f6m\u00e5l. (Rapport 2022:17 ISBN 978-91-89329-46-1). <br><a href=\"https:\/\/www.havochvatten.se\/download\/18.beb19a418366a19e1cac9bc\/1664802617668\/rapport-2022-17-levande-sjoar-och-vattendrag-fu-23.pdf\">Levande sj\u00f6ar och vattendrag (havochvatten.se)<\/a><br>F\u00f6r att uppn\u00e5 milj\u00f6kvalitetsm\u00e5len beh\u00f6vs fler fysiska \u00e5tg\u00e4rder och \u00f6kad genomf\u00f6randetakt. Myndigheten fastsl\u00e5r att inget av de beslutade milj\u00f6m\u00e5len uppfylls till 2030.<\/p>\n\n\n\n<p>Havs rapport fastsl\u00e5r: <em>&#8221;Fysisk p\u00e5verkan i vattenmilj\u00f6n \u00e4r fortfarande den fr\u00e4msta orsaken till att sj\u00f6ar och vattendrag inte uppn\u00e5r god status. Vattenkraftverk skapar fysiska barri\u00e4rer och vandringshinder som inneb\u00e4r att hydrologin i vattensystemet p\u00e5verkas, och att uppstr\u00f6ms f\u00f6rflyttning och nedstr\u00f6ms transport begr\u00e4nsas eller f\u00f6rhindras. Vattenkraften p\u00e5verkar ocks\u00e5 hydrologin genom bland annat torrf\u00e5ror, minskade fl\u00f6den, korttidsreglering och omv\u00e4nd vattenf\u00f6ring&#8221;.<\/em> <em>&#8221;De flesta vattendrag i Sverige \u00e4r p\u00e5 n\u00e5got s\u00e4tt p\u00e5verkade av fysiska f\u00f6r\u00e4ndringar. Av samtliga statusklassificerade vattendrag i Sverige 2020 (totalt 1905 stycken) \u00e4r det endast 12 procent som har h\u00f6g ekologisk status. Den vanligaste orsaken till att vattendrag inte uppn\u00e5r god eller h\u00f6g status \u00e4r negativ p\u00e5verkan fr\u00e5n till exempel vattenreglering fr\u00e5n framf\u00f6rallt vattenkraft&#8221;.<\/em><\/p>\n\n\n\n<div class=\"wp-block-image is-style-default\"><figure class=\"aligncenter size-large\"><a href=\"https:\/\/ingemar.alenas.se\/wp-content\/uploads\/2022\/10\/Yngeredsfors-decx._3120162.jpg\"><img loading=\"lazy\" decoding=\"async\" width=\"1024\" height=\"868\" src=\"https:\/\/ingemar.alenas.se\/wp-content\/uploads\/2022\/10\/Yngeredsfors-decx._3120162-1024x868.jpg\" alt=\"\" class=\"wp-image-12909\" srcset=\"https:\/\/ingemar.alenas.se\/wp-content\/uploads\/2022\/10\/Yngeredsfors-decx._3120162-1024x868.jpg 1024w, https:\/\/ingemar.alenas.se\/wp-content\/uploads\/2022\/10\/Yngeredsfors-decx._3120162-300x254.jpg 300w, https:\/\/ingemar.alenas.se\/wp-content\/uploads\/2022\/10\/Yngeredsfors-decx._3120162-768x651.jpg 768w, https:\/\/ingemar.alenas.se\/wp-content\/uploads\/2022\/10\/Yngeredsfors-decx._3120162-1536x1302.jpg 1536w, https:\/\/ingemar.alenas.se\/wp-content\/uploads\/2022\/10\/Yngeredsfors-decx._3120162.jpg 1997w\" sizes=\"auto, (max-width: 1024px) 100vw, 1024px\" \/><\/a><figcaption>D\u00f6da fiskar vid kraftverken i \u00c4tran \u00a9 Ingemar Alen\u00e4s<\/figcaption><\/figure><\/div>\n\n\n\n<p>Problemet \u00e4r omfattande eftersom det finns omkring 2 100 vattenkraftverk i Sverige och det totala antalet dammar uppskattas till cirka 11 000. Av dessa \u00e4r det flera tusen dammar som saknar tillst\u00e5nd enligt milj\u00f6balken.<\/p>\n\n\n\n<p>I den f\u00f6rdjupade utv\u00e4rderingen av milj\u00f6m\u00e5len 2015 lades d\u00e4rf\u00f6r fokus p\u00e5 <strong>vattenkraftens fysiska p\u00e5verkan<\/strong>. Fysisk p\u00e5verkan i vattenmilj\u00f6n p\u00e5verkar \u00e5tta av m\u00e5lets elva preciseringar och \u00e4r fortfarande en av de fr\u00e4msta orsakerna till problemen att n\u00e5 de svenska milj\u00f6m\u00e5len. <\/p>\n\n\n\n<p>I juni 2020 fattade regeringen beslut om den nationella planen f\u00f6r ompr\u00f6vning av vattenkraften. Idag \u00e4r \u00e5tg\u00e4rdstakten f\u00f6r l\u00e5ngsam, och d\u00e4rf\u00f6r bed\u00f6ms inte beslutade milj\u00f6m\u00e5l kunna n\u00e5s till 2030. Ompr\u00f6vningen av vattenkraften p\u00e5b\u00f6rjas 2022 och ska enligt tidplanen vara klar om ca 20 \u00e5r dvs. \u00e5r 2042.<\/p>\n\n\n\n<p>Riksdagen beslutade 1999 om milj\u00f6m\u00e5let Levande sj\u00f6ar och vattendrag. Nu \u00e4r tidplanen att eventuella \u00e5tg\u00e4rder f\u00f6r att uppn\u00e5 m\u00e5let skall vara klara 2042. De st\u00f6rre kraftbolagen har enligt SVT 1 Uppdrag granskning genomf\u00f6rt \u00e5tg\u00e4rder vid fyra (4) kraftverk. Krav st\u00e4lls dock  fr\u00e5n energif\u00f6retagen att Vattenmyndigheten utnyttjar alla EU-r\u00e4ttens m\u00f6jligheter till l\u00e4gre st\u00e4llda milj\u00f6kvalitetskrav och f\u00f6rl\u00e4ngda tidsfrister. <\/p>\n\n\n\n<p>Klarar &#8221;den sista \u00e5len&#8221; och &#8221;ursprungs\u00e5len&#8221; att \u00f6verleva l\u00e4gre krav och en l\u00e4ngre tidsfrist \u00e4n 43 \u00e5r efter Riksdagens beslut om &#8221;Levande sj\u00f6ar och vattendrag&#8221;?<\/p>\n\n\n\n<figure class=\"wp-block-image size-large is-style-default\"><a href=\"https:\/\/ingemar.alenas.se\/wp-content\/uploads\/2022\/01\/Galleral.jpg\"><img loading=\"lazy\" decoding=\"async\" width=\"1024\" height=\"592\" src=\"https:\/\/ingemar.alenas.se\/wp-content\/uploads\/2022\/01\/Galleral-1024x592.jpg\" alt=\"\" class=\"wp-image-11705\" srcset=\"https:\/\/ingemar.alenas.se\/wp-content\/uploads\/2022\/01\/Galleral-1024x592.jpg 1024w, https:\/\/ingemar.alenas.se\/wp-content\/uploads\/2022\/01\/Galleral-300x173.jpg 300w, https:\/\/ingemar.alenas.se\/wp-content\/uploads\/2022\/01\/Galleral-768x444.jpg 768w, https:\/\/ingemar.alenas.se\/wp-content\/uploads\/2022\/01\/Galleral.jpg 1151w\" sizes=\"auto, (max-width: 1024px) 100vw, 1024px\" \/><\/a><figcaption>Den sista \u00e5len d\u00f6r i turbiner och galler i svenska kraftverk. \u00c5len blir randig och tiger. Sverige tiger. Skall vi bli den generation som utrotade \u00e5len?<\/figcaption><\/figure>\n","protected":false},"excerpt":{"rendered":"<p>2022-10-10 Sveriges 16 milj\u00f6kvalitetsm\u00e5l har beslutats av riksdagen. Havs bed\u00f6mning \u00e4r att de inte kommer att n\u00e5s f\u00f6re 2030 med beslutade eller planerade styrmedel och \u00e5tg\u00e4rder. Det svenska milj\u00f6m\u00e5lssystemet har funnits sedan 1999. N\u00e4r det g\u00e4ller m\u00e5let Levande sj\u00f6ar och vattendrag \u00e4r beslutet:&nbsp;\u201dSj\u00f6ar och vattendrag ska vara ekologiskt h\u00e5llbara och deras variationsrika livsmilj\u00f6er ska bevaras. &hellip; <a href=\"https:\/\/ingemar.alenas.se\/?p=12886\" class=\"more-link\">Forts\u00e4tt l\u00e4sa <span class=\"screen-reader-text\">Milj\u00f6m\u00e5len &#8211; en svensk papperstiger<\/span> <span class=\"meta-nav\">&rarr;<\/span><\/a><\/p>\n","protected":false},"author":1,"featured_media":12881,"comment_status":"closed","ping_status":"closed","sticky":false,"template":"","format":"standard","meta":{"ngg_post_thumbnail":0,"footnotes":""},"categories":[2,3],"tags":[],"class_list":["post-12886","post","type-post","status-publish","format-standard","has-post-thumbnail","hentry","category-naturnytt","category-vattenblank"],"_links":{"self":[{"href":"https:\/\/ingemar.alenas.se\/index.php?rest_route=\/wp\/v2\/posts\/12886","targetHints":{"allow":["GET"]}}],"collection":[{"href":"https:\/\/ingemar.alenas.se\/index.php?rest_route=\/wp\/v2\/posts"}],"about":[{"href":"https:\/\/ingemar.alenas.se\/index.php?rest_route=\/wp\/v2\/types\/post"}],"author":[{"embeddable":true,"href":"https:\/\/ingemar.alenas.se\/index.php?rest_route=\/wp\/v2\/users\/1"}],"replies":[{"embeddable":true,"href":"https:\/\/ingemar.alenas.se\/index.php?rest_route=%2Fwp%2Fv2%2Fcomments&post=12886"}],"version-history":[{"count":35,"href":"https:\/\/ingemar.alenas.se\/index.php?rest_route=\/wp\/v2\/posts\/12886\/revisions"}],"predecessor-version":[{"id":12929,"href":"https:\/\/ingemar.alenas.se\/index.php?rest_route=\/wp\/v2\/posts\/12886\/revisions\/12929"}],"wp:featuredmedia":[{"embeddable":true,"href":"https:\/\/ingemar.alenas.se\/index.php?rest_route=\/wp\/v2\/media\/12881"}],"wp:attachment":[{"href":"https:\/\/ingemar.alenas.se\/index.php?rest_route=%2Fwp%2Fv2%2Fmedia&parent=12886"}],"wp:term":[{"taxonomy":"category","embeddable":true,"href":"https:\/\/ingemar.alenas.se\/index.php?rest_route=%2Fwp%2Fv2%2Fcategories&post=12886"},{"taxonomy":"post_tag","embeddable":true,"href":"https:\/\/ingemar.alenas.se\/index.php?rest_route=%2Fwp%2Fv2%2Ftags&post=12886"}],"curies":[{"name":"wp","href":"https:\/\/api.w.org\/{rel}","templated":true}]}}