{"id":12865,"date":"2022-10-04T13:17:51","date_gmt":"2022-10-04T13:17:51","guid":{"rendered":"https:\/\/ingemar.alenas.se\/?p=12865"},"modified":"2022-10-07T15:04:31","modified_gmt":"2022-10-07T15:04:31","slug":"goda-vattenrad-ar-dyra","status":"publish","type":"post","link":"https:\/\/ingemar.alenas.se\/?p=12865","title":{"rendered":"Goda vattenr\u00e5d \u00e4r dyra"},"content":{"rendered":"\n<h2 class=\"wp-block-heading\">2022-10-04 V\u00e4sterhavets vattendistrikt har beslutat att dra in sitt bidrag till vattenr\u00e5den fr\u00e5n och med 2023.<\/h2>\n\n\n\n<p>Distriktets Vattenv\u00e5rdsdirekt\u00f6r s\u00e4ger till tidningarna att: &#8211;<em> &#8221;Det h\u00e4r \u00e4r ett j\u00e4ttebekymmer&#8221;, &#8221; pengarna som g\u00e5tt till samverkansbidragen har \u00f6ronm\u00e4rkts till annat&#8221;. &#8211; &#8221;Hade jag f\u00e5tt best\u00e4mma sj\u00e4lv hade man naturligtvis givit kanske \u00e4nnu mer pengar till vattenr\u00e5den, men jag r\u00e5der inte \u00f6ver det h\u00e4r&#8221;<\/em>. D\u00e4rf\u00f6r blir vattenr\u00e5den utan detta bidrag fr\u00e5n \u00e5rsskiftet.<\/p>\n\n\n\n<p>Ordf\u00f6randen i Stens\u00e5ns vattenr\u00e5d menar att detta kan bli d\u00f6dsst\u00f6ten f\u00f6r m\u00e5nga sm\u00e5 vattenr\u00e5d som arbetar ideellt. St\u00f6rre vattenr\u00e5d som \u00c4tran har haft ett \u00e5rligt bidrag p\u00e5 ca 60 000 kronor fr\u00e5n distriktet och ing\u00e5tt i ett internationellt samverkansprojekt om samverkan.<\/p>\n\n\n\n<p>V\u00e4sterhavets Vattendistrikt och Havs och vattenmyndigheten rapporterade s\u00e5 sent som 2020 om erfarenheterna av projektet (Water-Co Governance). Slutsatserna fr\u00e5n projektet \u00e4r att: <em>&#8221;Vattenr\u00e5den, som \u00e4r en redan existerande m\u00f6tesplats f\u00f6r m\u00e5nga lokala akt\u00f6rer, b\u00f6r nyttjas mer och ges st\u00f6rre utrymme att kunna vara denna m\u00f6tesplats&#8221;.<\/em> <em>&#8221;Kommuner, myndigheter och regeringen beh\u00f6ver st\u00f6dja, underl\u00e4tta f\u00f6r och f\u00f6rst\u00e5 v\u00e4rdet av m\u00f6tesplatserna f\u00f6r delaktighet och samverkan. Det kan ocks\u00e5 ske genom att regeringen ger betydligt mer l\u00e5ngsiktig finansiering och undviker snabba f\u00f6r\u00e4ndringar av bidrag och regler. Pl\u00f6tsliga neddragningar eller kortsiktiga \u00f6kningar av pengar orsakar risk f\u00f6r s\u00e4mre kvalitet, ineffektivitet och stress&#8221;.<\/em><\/p>\n\n\n\n<p>Vad \u00e4r det som f\u00e5tt myndigheterna att redan efter tv\u00e5 \u00e5r omv\u00e4rdera bidragen till vattenr\u00e5den? Vattenr\u00e5den \u00e4r fortfarande en viktig m\u00f6tesplats f\u00f6r att diskutera vattenfr\u00e5gor speciellt med tanke p\u00e5 genomf\u00f6randet av nationella planen.<\/p>\n\n\n\n<p>Vissa vattenr\u00e5d har dock drabbats av att medlemmarna k\u00e4nner att information, dialog och den demokratiska processen uteblir. Det finns vattenr\u00e5d d\u00e4r hemsidan inte uppdaterats med ny information p\u00e5 ett \u00e5r. Det finns vattenr\u00e5d som underl\u00e5tit att l\u00e4mna synpunkter p\u00e5 efterfr\u00e5gade remissvar till myndigheterna inf\u00f6r ompr\u00f6vningen av vattendomar inom r\u00e5dets verksamhetsomr\u00e5de.<\/p>\n\n\n\n<p>Det finns ett stort behov av samverkan n\u00e4r det g\u00e4ller vattenfr\u00e5gor i allm\u00e4nhet och den viktiga ompr\u00f6vningen av vattendomar i synnerhet. Samtidigt beh\u00f6ver vattenr\u00e5den ha en \u00f6ppen information och en revision av hur den demokratiska processen fungerar inom vattenr\u00e5den. Myndigheterna har nu pausat bidragen till vattenr\u00e5den. Vattenr\u00e5den beh\u00f6ver visa att den demokratiska processen fungerar i informations- och samr\u00e5dsarbetet f\u00f6r att statliga bidrag \u00e5ter skall kunna utbetalas till verksamheten.<\/p>\n","protected":false},"excerpt":{"rendered":"<p>2022-10-04 V\u00e4sterhavets vattendistrikt har beslutat att dra in sitt bidrag till vattenr\u00e5den fr\u00e5n och med 2023. Distriktets Vattenv\u00e5rdsdirekt\u00f6r s\u00e4ger till tidningarna att: &#8211; &#8221;Det h\u00e4r \u00e4r ett j\u00e4ttebekymmer&#8221;, &#8221; pengarna som g\u00e5tt till samverkansbidragen har \u00f6ronm\u00e4rkts till annat&#8221;. &#8211; &#8221;Hade jag f\u00e5tt best\u00e4mma sj\u00e4lv hade man naturligtvis givit kanske \u00e4nnu mer pengar till vattenr\u00e5den, men &hellip; <a href=\"https:\/\/ingemar.alenas.se\/?p=12865\" class=\"more-link\">Forts\u00e4tt l\u00e4sa <span class=\"screen-reader-text\">Goda vattenr\u00e5d \u00e4r dyra<\/span> <span class=\"meta-nav\">&rarr;<\/span><\/a><\/p>\n","protected":false},"author":1,"featured_media":11635,"comment_status":"closed","ping_status":"closed","sticky":false,"template":"","format":"standard","meta":{"ngg_post_thumbnail":0,"footnotes":""},"categories":[2,3],"tags":[],"class_list":["post-12865","post","type-post","status-publish","format-standard","has-post-thumbnail","hentry","category-naturnytt","category-vattenblank"],"_links":{"self":[{"href":"https:\/\/ingemar.alenas.se\/index.php?rest_route=\/wp\/v2\/posts\/12865","targetHints":{"allow":["GET"]}}],"collection":[{"href":"https:\/\/ingemar.alenas.se\/index.php?rest_route=\/wp\/v2\/posts"}],"about":[{"href":"https:\/\/ingemar.alenas.se\/index.php?rest_route=\/wp\/v2\/types\/post"}],"author":[{"embeddable":true,"href":"https:\/\/ingemar.alenas.se\/index.php?rest_route=\/wp\/v2\/users\/1"}],"replies":[{"embeddable":true,"href":"https:\/\/ingemar.alenas.se\/index.php?rest_route=%2Fwp%2Fv2%2Fcomments&post=12865"}],"version-history":[{"count":11,"href":"https:\/\/ingemar.alenas.se\/index.php?rest_route=\/wp\/v2\/posts\/12865\/revisions"}],"predecessor-version":[{"id":12879,"href":"https:\/\/ingemar.alenas.se\/index.php?rest_route=\/wp\/v2\/posts\/12865\/revisions\/12879"}],"wp:featuredmedia":[{"embeddable":true,"href":"https:\/\/ingemar.alenas.se\/index.php?rest_route=\/wp\/v2\/media\/11635"}],"wp:attachment":[{"href":"https:\/\/ingemar.alenas.se\/index.php?rest_route=%2Fwp%2Fv2%2Fmedia&parent=12865"}],"wp:term":[{"taxonomy":"category","embeddable":true,"href":"https:\/\/ingemar.alenas.se\/index.php?rest_route=%2Fwp%2Fv2%2Fcategories&post=12865"},{"taxonomy":"post_tag","embeddable":true,"href":"https:\/\/ingemar.alenas.se\/index.php?rest_route=%2Fwp%2Fv2%2Ftags&post=12865"}],"curies":[{"name":"wp","href":"https:\/\/api.w.org\/{rel}","templated":true}]}}