{"id":12842,"date":"2022-09-30T16:17:47","date_gmt":"2022-09-30T16:17:47","guid":{"rendered":"https:\/\/ingemar.alenas.se\/?p=12842"},"modified":"2022-10-02T09:58:35","modified_gmt":"2022-10-02T09:58:35","slug":"sanning-eller-konka","status":"publish","type":"post","link":"https:\/\/ingemar.alenas.se\/?p=12842","title":{"rendered":"Sanning eller konka"},"content":{"rendered":"\n<h2 class=\"wp-block-heading\">2022-09-30 Hur \u00e4r det med den information som vi f\u00e5r om Sveriges milj\u00f6? Vilken bild ger massmedia av svensk milj\u00f6v\u00e5rd?<\/h2>\n\n\n\n<p><em>Svensk information om v\u00e5r milj\u00f6 \u00e4r korrekt.<\/em><br>Svensk information om milj\u00f6n \u00e4r vilseledande.<\/p>\n\n\n\n<p><em>Milj\u00f6=Klimat?<\/em><br>Milj\u00f6fr\u00e5gorna omfattas av Sveriges 16 milj\u00f6m\u00e5l d\u00e4r klimatet ing\u00e5r. L\u00e4nsstyrelsen bed\u00f6mer att Halland inte uppfyller n\u00e5got av de 16 beslutade milj\u00f6m\u00e5len till 2030.<\/p>\n\n\n\n<p><em>Falkenberg \u00e4r fram\u00e5t n\u00e4r det g\u00e4ller att kalka sj\u00f6ar?<\/em><br>Falkenberg har \u00f6verl\u00e4mnat kalkningen att sk\u00f6tas av Halmstads kommun. Andelen f\u00f6rsurade sj\u00f6ar i Halland uppg\u00e5r till cirka 75 procent, vilket inneb\u00e4r att Halland har st\u00f6rst andel f\u00f6rsurade sj\u00f6ar i landet.<\/p>\n\n\n\n<p><em>V\u00e4sterhavet och Halland \u00e4r bra p\u00e5 att kalka sj\u00f6ar och vattendrag?<\/em><br>Det finns fortfarande 1240 f\u00f6rsurade sj\u00f6ar i V\u00e4sterhavets vattendistrikt och vi n\u00e5r ej milj\u00f6m\u00e5let Bara naturlig f\u00f6rsurning.<\/p>\n\n\n\n<p><em>Sverige \u00e4r ett av de b\u00e4sta l\u00e4nderna p\u00e5 giftfri milj\u00f6?<\/em><br>Du uts\u00e4tts f\u00f6r mindre m\u00e4ngd milj\u00f6gift (PFAS) om Du \u00e4ter 63 turkiska kr\u00e4ftor eller 1 972 egyptiska kr\u00e4ftor j\u00e4mf\u00f6rt med tre (3) svenska kr\u00e4ftor! F\u00f6rs\u00e4ljning av svenska kr\u00e4ftor f\u00f6rbjuds d\u00e4rf\u00f6r januari 2023.<\/p>\n\n\n\n<p><em>Hallands vatten \u00e4r rena och fria fr\u00e5n bek\u00e4mpningsmedel?<\/em><br>Resultaten fr\u00e5n ytvattenstudier i Halland 2011 visar f\u00f6rekomst av ogr\u00e4s-, svamp- och insektsbek\u00e4mpningsmedel i alla unders\u00f6kta vattendrag. Niv\u00e5erna \u00e4r \u00f6ver EU:s gr\u00e4nsv\u00e4rde f\u00f6r totalhalten i dricksvatten och \u00f6ver Livsmedelsverket gr\u00e4nsv\u00e4rde f\u00f6r otj\u00e4nligt vatten.<\/p>\n\n\n\n<p><em>\u00c4tran har en bra ekologisk status?<\/em><br>\u00d6ver 90% av vattnen i \u00c4trans avrinningsomr\u00e5de har <strong>inte<\/strong> god ekologisk status, fr\u00e4mst p\u00e5 grund av bristande konnektivitet och vattenreglering som \u00e4r de st\u00f6rsta milj\u00f6problemen i \u00c4tran.<\/p>\n\n\n\n<p><em>\u00c4tran har ett bra recipientkontrollprogram?<\/em><br>Kontrollprogrammet omfattar inte det st\u00f6rsta milj\u00f6problemen med fragmentering, korttidsreglering och fiskd\u00f6d i kraftverk. Dessa skador dokumenteras inte i recipientkontrollen.<\/p>\n\n\n\n<p><em>\u00c5len minskar och vi vet inte varf\u00f6r?<\/em><br>\u00c5len minskar och det beror p\u00e5 att kraftverk och dammar under ca 100 \u00e5r stoppat all produktion av \u00e5l i v\u00e5ra inlandsvatten.<\/p>\n\n\n\n<p><em>L\u00e4nsstyrelsen skyddar \u00e5len genom \u00f6kad kontroll av vandringsv\u00e4garnas funktion? <\/em>L\u00e4nsstyrelsen i Halland har prioriterat bort och lagt ned kontrollen av vandringsv\u00e4garnas funktion.<\/p>\n\n\n\n<p><em>Svenska kraftverk tar ansvar och s\u00e4tter ut 0,3 miljoner \u00e5lyngel varje \u00e5r.<\/em> Dammarna utest\u00e4ngde en \u00e5rlig och ursprunglig invandring av 188 till 360 miljoner \u00e5lyngel till svenska inlandsvatten.<\/p>\n\n\n\n<p><em>Svenska kraftverk tar ansvar och k\u00f6r \u00e5rligen 0,014 miljoner blank\u00e5lar med lastbil f\u00f6rbi turbinerna till havet. <\/em>Blank\u00e5lutvandringen var 37 till 72 miljoner varje \u00e5r och \u00f6ver 90% av dessa \u00e5lar d\u00f6das nu i kraftbolagens galler och turbiner.<\/p>\n\n\n\n<p><em>I V\u00e4stsverige \u00e4r vi bra p\u00e5 att h\u00e5lla fria vandringsv\u00e4gar f\u00f6r fisken?<\/em><br>Av V\u00e4sterhavets 2 853&nbsp;vattenf\u00f6rekomster \u00e4r ca 1850 st\u00e4ngda f\u00f6r vandrande fiskar. \u00c5tg\u00e4rder f\u00f6r fri fiskvandring har vidtagits vid ett f\u00e5tal kraftverk.<\/p>\n\n\n\n<p><em>\u00c5lplan \u00c4tran r\u00e4ddar \u00e5len i \u00c4tran?<\/em><br>L\u00e4nsstyrelsen upph\u00e4ver i \u00c5lplan \u00c4tran kraftverks\u00e4garnas skyldighet att genom vattendom h\u00e5lla fria vandringsv\u00e4gar f\u00f6r \u00e5len. Detta \u00e4r en viktig orsak till \u00e5lens f\u00f6rsvinnande.<\/p>\n\n\n\n<p><em>I Halland \u00e4r Vi bra p\u00e5 att v\u00e4rna om laxen, \u00e5len, havsnejon\u00f6gat, majfisken och harren? <\/em>Av laxen \u00e5terst\u00e5r mindre \u00e4n 5%, av \u00e5len mindre \u00e4n 1%, av havsnejon\u00f6gat och majfisken n\u00e5gra f\u00e5 individer och harren \u00e4r helt utrotad.<\/p>\n\n\n\n<p><em>Vi vet inte varf\u00f6r v\u00e5ra f\u00e5glar minskar?<\/em><br>Rapporten \u201dState of the World\u2019s Birds 2022\u201d har sl\u00e4ppts och den visar p\u00e5 en allvarlig situation f\u00f6r v\u00e4rldens f\u00e5glar, men ocks\u00e5 att \u00e5tg\u00e4rder r\u00e4ddat 20-30 arter undan utrotning. Det framg\u00e5r ocks\u00e5 tydligt vilka de st\u00f6rsta hoten \u00e4r: industriellt jordbruk \u00e4r \u00f6verl\u00e4gset v\u00e4rst, med skogsbruket som tv\u00e5a. D\u00e4refter f\u00f6ljer bland annat invasiva arter, \u00f6verexploatering och klimatf\u00f6r\u00e4ndringar, men de flesta arter p\u00e5verkas av flera faktorer.<\/p>\n\n\n\n<p><em>Sverige har best\u00e4mt att inf\u00f6ra undantag med GEP, mindre str\u00e4nga krav och f\u00f6rl\u00e4ngd tidsfrist.<\/em> Sverige har ensidigt best\u00e4mt att milj\u00f6h\u00e4nsynen inte kan omfatta mer \u00e4n 1,5 TWh.<br>EU har best\u00e4mt att Sverige skall inf\u00f6ra vattendirektivet och ompr\u00f6va omoderna vattendomar enligt moderna milj\u00f6kvalitetsnormer.<\/p>\n\n\n\n<p><em>Sverige \u00e4r b\u00e4st i klassen och vi beh\u00f6ver inte inf\u00f6ra n\u00e5gra \u00e5tg\u00e4rder f\u00f6r milj\u00f6n? <\/em>Sveriges milj\u00f6 \u00e4r i stort behov av \u00e5tg\u00e4rder om vi skall uppn\u00e5 v\u00e5ra egna fastst\u00e4llda milj\u00f6m\u00e5l samt f\u00f6lja EU:s lagstiftning enligt vattendirektivet, art- och habitatdirektivet och \u00e5lf\u00f6rordningen.<\/p>\n\n\n\n<p><em>I Halland v\u00e4rnar vi om v\u00e5r milj\u00f6?<\/em><br>I Halland \u201dl\u00e5ssas\u201d vi att vi v\u00e4rnar om milj\u00f6n. L\u00e4nsstyrelsens utv\u00e4rdering 2021 visar att Halland inte uppfyller n\u00e5got av de 16 milj\u00f6m\u00e5len som riksdagen fastst\u00e4llt som Levande sj\u00f6ar och vattendrag, Bara naturlig f\u00f6rsurning och Biologisk m\u00e5ngfald.<\/p>\n\n\n\n<p><em>I Sverige v\u00e4rnar vi om biologisk m\u00e5ngfald och giftfri milj\u00f6?<\/em><br>EU-kommissionen har tagit fram tv\u00e5 r\u00e4ttsligt bindande f\u00f6rslag f\u00f6r att gynna den biologiska m\u00e5ngfalden och minska anv\u00e4ndningen av bek\u00e4mpningsmedel med 50% till 2030. Sverige agerar nu f\u00f6r att f\u00f6rslaget skall stoppas. S, C, M, KD och SD r\u00f6stade nej till b\u00e5da f\u00f6rslagen och motiverade sitt beslut med att de inte tycker EU ska l\u00e4gga sig i dessa fr\u00e5gor inom Sveriges gr\u00e4nser.<\/p>\n\n\n\n<p>Sanningen svider. Den goda nyheten \u00e4r att naturen har en fantastisk f\u00f6rm\u00e5ga att \u00e5terh\u00e4mta sig om den f\u00e5r en chans. F\u00e5r vi en korrekt information om milj\u00f6tillst\u00e5ndet s\u00e5 kan vi ocks\u00e5 r\u00e4tta det som \u00e4r fel. En levande giftfri natur \u00e4r v\u00e5r viktigaste resurs.<\/p>\n","protected":false},"excerpt":{"rendered":"<p>2022-09-30 Hur \u00e4r det med den information som vi f\u00e5r om Sveriges milj\u00f6? Vilken bild ger massmedia av svensk milj\u00f6v\u00e5rd? Svensk information om v\u00e5r milj\u00f6 \u00e4r korrekt.Svensk information om milj\u00f6n \u00e4r vilseledande. Milj\u00f6=Klimat?Milj\u00f6fr\u00e5gorna omfattas av Sveriges 16 milj\u00f6m\u00e5l d\u00e4r klimatet ing\u00e5r. L\u00e4nsstyrelsen bed\u00f6mer att Halland inte uppfyller n\u00e5got av de 16 beslutade milj\u00f6m\u00e5len till 2030. &hellip; <a href=\"https:\/\/ingemar.alenas.se\/?p=12842\" class=\"more-link\">Forts\u00e4tt l\u00e4sa <span class=\"screen-reader-text\">Sanning eller konka<\/span> <span class=\"meta-nav\">&rarr;<\/span><\/a><\/p>\n","protected":false},"author":1,"featured_media":10537,"comment_status":"closed","ping_status":"closed","sticky":false,"template":"","format":"standard","meta":{"ngg_post_thumbnail":0,"footnotes":""},"categories":[2,3],"tags":[],"class_list":["post-12842","post","type-post","status-publish","format-standard","has-post-thumbnail","hentry","category-naturnytt","category-vattenblank"],"_links":{"self":[{"href":"https:\/\/ingemar.alenas.se\/index.php?rest_route=\/wp\/v2\/posts\/12842","targetHints":{"allow":["GET"]}}],"collection":[{"href":"https:\/\/ingemar.alenas.se\/index.php?rest_route=\/wp\/v2\/posts"}],"about":[{"href":"https:\/\/ingemar.alenas.se\/index.php?rest_route=\/wp\/v2\/types\/post"}],"author":[{"embeddable":true,"href":"https:\/\/ingemar.alenas.se\/index.php?rest_route=\/wp\/v2\/users\/1"}],"replies":[{"embeddable":true,"href":"https:\/\/ingemar.alenas.se\/index.php?rest_route=%2Fwp%2Fv2%2Fcomments&post=12842"}],"version-history":[{"count":16,"href":"https:\/\/ingemar.alenas.se\/index.php?rest_route=\/wp\/v2\/posts\/12842\/revisions"}],"predecessor-version":[{"id":12864,"href":"https:\/\/ingemar.alenas.se\/index.php?rest_route=\/wp\/v2\/posts\/12842\/revisions\/12864"}],"wp:featuredmedia":[{"embeddable":true,"href":"https:\/\/ingemar.alenas.se\/index.php?rest_route=\/wp\/v2\/media\/10537"}],"wp:attachment":[{"href":"https:\/\/ingemar.alenas.se\/index.php?rest_route=%2Fwp%2Fv2%2Fmedia&parent=12842"}],"wp:term":[{"taxonomy":"category","embeddable":true,"href":"https:\/\/ingemar.alenas.se\/index.php?rest_route=%2Fwp%2Fv2%2Fcategories&post=12842"},{"taxonomy":"post_tag","embeddable":true,"href":"https:\/\/ingemar.alenas.se\/index.php?rest_route=%2Fwp%2Fv2%2Ftags&post=12842"}],"curies":[{"name":"wp","href":"https:\/\/api.w.org\/{rel}","templated":true}]}}