{"id":12813,"date":"2022-09-25T20:34:12","date_gmt":"2022-09-25T20:34:12","guid":{"rendered":"https:\/\/ingemar.alenas.se\/?p=12813"},"modified":"2022-09-25T20:47:52","modified_gmt":"2022-09-25T20:47:52","slug":"salamanderkvall","status":"publish","type":"post","link":"https:\/\/ingemar.alenas.se\/?p=12813","title":{"rendered":"Salamanderkv\u00e4ll"},"content":{"rendered":"\n<h2 class=\"wp-block-heading\">2022-09-25 I kv\u00e4ll \u00e4r det salamander och grodparty p\u00e5 Forsv\u00e4gen<\/h2>\n\n\n\n<div class=\"wp-block-image is-style-default\"><figure class=\"aligncenter size-large\"><a href=\"https:\/\/ingemar.alenas.se\/wp-content\/uploads\/2022\/09\/P5300600.jpg\"><img loading=\"lazy\" decoding=\"async\" width=\"1024\" height=\"622\" src=\"https:\/\/ingemar.alenas.se\/wp-content\/uploads\/2022\/09\/P5300600-1024x622.jpg\" alt=\"\" class=\"wp-image-12815\" srcset=\"https:\/\/ingemar.alenas.se\/wp-content\/uploads\/2022\/09\/P5300600-1024x622.jpg 1024w, https:\/\/ingemar.alenas.se\/wp-content\/uploads\/2022\/09\/P5300600-300x182.jpg 300w, https:\/\/ingemar.alenas.se\/wp-content\/uploads\/2022\/09\/P5300600-768x467.jpg 768w, https:\/\/ingemar.alenas.se\/wp-content\/uploads\/2022\/09\/P5300600.jpg 1400w\" sizes=\"auto, (max-width: 1024px) 100vw, 1024px\" \/><\/a><figcaption>&#8221;Vaff\u00f6 g\u00f6r de p\u00e5 detta viset&#8221;. Hur m\u00e5nga av oss skall k\u00f6ras \u00f6ver innan vi f\u00e5r en passage?<\/figcaption><\/figure><\/div>\n\n\n\n<p>V\u00e4lj Solliden dessa regniga dagar s\u00e5 sparar Ni livet f\u00f6r m\u00e5nga salamandrar och grodor &#8211; vad det nu kan vara v\u00e4rt.<\/p>\n\n\n\n<div class=\"wp-block-image is-style-default\"><figure class=\"aligncenter size-large\"><a href=\"https:\/\/ingemar.alenas.se\/wp-content\/uploads\/2022\/09\/P5300590.jpg\"><img loading=\"lazy\" decoding=\"async\" width=\"1024\" height=\"549\" src=\"https:\/\/ingemar.alenas.se\/wp-content\/uploads\/2022\/09\/P5300590-1024x549.jpg\" alt=\"\" class=\"wp-image-12823\" srcset=\"https:\/\/ingemar.alenas.se\/wp-content\/uploads\/2022\/09\/P5300590-1024x549.jpg 1024w, https:\/\/ingemar.alenas.se\/wp-content\/uploads\/2022\/09\/P5300590-300x161.jpg 300w, https:\/\/ingemar.alenas.se\/wp-content\/uploads\/2022\/09\/P5300590-768x412.jpg 768w, https:\/\/ingemar.alenas.se\/wp-content\/uploads\/2022\/09\/P5300590.jpg 1200w\" sizes=\"auto, (max-width: 1024px) 100vw, 1024px\" \/><\/a><figcaption>Mindre och st\u00f6rre vattensalamander, grodor och paddor &#8221;dead or alive&#8221; p\u00e5 Forsv\u00e4gen.<\/figcaption><\/figure><\/div>\n","protected":false},"excerpt":{"rendered":"<p>2022-09-25 I kv\u00e4ll \u00e4r det salamander och grodparty p\u00e5 Forsv\u00e4gen V\u00e4lj Solliden dessa regniga dagar s\u00e5 sparar Ni livet f\u00f6r m\u00e5nga salamandrar och grodor &#8211; vad det nu kan vara v\u00e4rt.<\/p>\n","protected":false},"author":1,"featured_media":12819,"comment_status":"closed","ping_status":"closed","sticky":false,"template":"","format":"standard","meta":{"ngg_post_thumbnail":0,"footnotes":""},"categories":[2,3],"tags":[],"class_list":["post-12813","post","type-post","status-publish","format-standard","has-post-thumbnail","hentry","category-naturnytt","category-vattenblank"],"_links":{"self":[{"href":"https:\/\/ingemar.alenas.se\/index.php?rest_route=\/wp\/v2\/posts\/12813","targetHints":{"allow":["GET"]}}],"collection":[{"href":"https:\/\/ingemar.alenas.se\/index.php?rest_route=\/wp\/v2\/posts"}],"about":[{"href":"https:\/\/ingemar.alenas.se\/index.php?rest_route=\/wp\/v2\/types\/post"}],"author":[{"embeddable":true,"href":"https:\/\/ingemar.alenas.se\/index.php?rest_route=\/wp\/v2\/users\/1"}],"replies":[{"embeddable":true,"href":"https:\/\/ingemar.alenas.se\/index.php?rest_route=%2Fwp%2Fv2%2Fcomments&post=12813"}],"version-history":[{"count":4,"href":"https:\/\/ingemar.alenas.se\/index.php?rest_route=\/wp\/v2\/posts\/12813\/revisions"}],"predecessor-version":[{"id":12826,"href":"https:\/\/ingemar.alenas.se\/index.php?rest_route=\/wp\/v2\/posts\/12813\/revisions\/12826"}],"wp:featuredmedia":[{"embeddable":true,"href":"https:\/\/ingemar.alenas.se\/index.php?rest_route=\/wp\/v2\/media\/12819"}],"wp:attachment":[{"href":"https:\/\/ingemar.alenas.se\/index.php?rest_route=%2Fwp%2Fv2%2Fmedia&parent=12813"}],"wp:term":[{"taxonomy":"category","embeddable":true,"href":"https:\/\/ingemar.alenas.se\/index.php?rest_route=%2Fwp%2Fv2%2Fcategories&post=12813"},{"taxonomy":"post_tag","embeddable":true,"href":"https:\/\/ingemar.alenas.se\/index.php?rest_route=%2Fwp%2Fv2%2Ftags&post=12813"}],"curies":[{"name":"wp","href":"https:\/\/api.w.org\/{rel}","templated":true}]}}