{"id":12807,"date":"2022-09-25T09:01:58","date_gmt":"2022-09-25T09:01:58","guid":{"rendered":"https:\/\/ingemar.alenas.se\/?p=12807"},"modified":"2022-09-25T09:08:03","modified_gmt":"2022-09-25T09:08:03","slug":"finland-sager-ja-till-att-ta-hand-om-europas-natur","status":"publish","type":"post","link":"https:\/\/ingemar.alenas.se\/?p=12807","title":{"rendered":"Finland s\u00e4ger ja till att ta hand om Europas natur"},"content":{"rendered":"\n<h2 class=\"wp-block-heading\">2022-09-25 Finlands regering st\u00f6djer EU:s f\u00f6rslag att l\u00e4nderna g\u00f6r en gemensam &#8221;Green Deal&#8221; f\u00f6r att ta hand om naturen.<\/h2>\n\n\n\n<p>En svensk riksdagsmajoritet anf\u00f6rd av S, M, C, KD och SD r\u00f6stade i veckan nej till EU:s f\u00f6rslag att g\u00f6ra en &#8221;Green Deal&#8221; f\u00f6r att v\u00e4rna om naturen och biologisk m\u00e5ngfald. Sverige har fler sj\u00f6ar \u00e4n Finland och vi beh\u00f6ver en samsyn med EU om behovet av naturv\u00e5rd.<\/p>\n\n\n\n<p>Det svenska beslutet \u00e4r illavarslande n\u00e4r nu Sverige f\u00f6rbereder att ta \u00f6ver ordf\u00f6randeskapet vilket f\u00f6rpliktigar. Den svenska motiveringen \u00e4r bl.a. att EU inte skall l\u00e4gga sig i l\u00e4ndernas interna angel\u00e4genheter. Men vad inneb\u00e4r &#8221;Green Deal&#8221;?<\/p>\n\n\n\n<p>Skadade ekosystem som sj\u00f6ar och hav, skogar, \u00e4ngar och v\u00e5tmarker skall restaureras till 2050. Anv\u00e4ndning och risker med kemiska bek\u00e4mpningsmedel skall minska med 50% till 2030. <\/p>\n\n\n\n<p>Sverige \u00e4r oroliga f\u00f6r att detta skall p\u00e5verka de areella n\u00e4ringarna och vattenkraften negativt. EU menar att det st\u00e4rker livsmedelss\u00e4kerheten, f\u00f6rb\u00e4ttrar klimatet samt \u00f6kar h\u00e4lsa och v\u00e4lf\u00e4rd.<\/p>\n\n\n\n<p>Ekonomiskt inneb\u00e4r denna satsning att f\u00f6r varje anv\u00e4nd euro f\u00e5r gemenskapen tillbaka 8 till 38 g\u00e5nger insatta medel i \u00f6kade v\u00e4rden f\u00f6r h\u00e4lsa, v\u00e4lst\u00e5nd och klimatinsatser! S\u00e4rskilt positivt avtryck ger insatserna f\u00f6r de som arbetar med naturresurser s\u00e5som lantbrukare, skogs\u00e4gare och fiskare. Sverige s\u00e5gar bokstavligen av den gren man sitter p\u00e5.<\/p>\n\n\n\n<p>L\u00e4s mer <a href=\"https:\/\/ec.europa.eu\/commission\/presscorner\/detail\/en\/ip_22_3746\">Pioneering proposals to restore Europe&#8217;s nature by 2050 (europa.eu)<\/a><\/p>\n\n\n\n<div class=\"wp-block-image is-style-default\"><figure class=\"aligncenter size-large\"><a href=\"https:\/\/ingemar.alenas.se\/wp-content\/uploads\/2022\/09\/Bokskog.jpg\"><img loading=\"lazy\" decoding=\"async\" width=\"1024\" height=\"562\" src=\"https:\/\/ingemar.alenas.se\/wp-content\/uploads\/2022\/09\/Bokskog-1024x562.jpg\" alt=\"\" class=\"wp-image-12809\" srcset=\"https:\/\/ingemar.alenas.se\/wp-content\/uploads\/2022\/09\/Bokskog-1024x562.jpg 1024w, https:\/\/ingemar.alenas.se\/wp-content\/uploads\/2022\/09\/Bokskog-300x165.jpg 300w, https:\/\/ingemar.alenas.se\/wp-content\/uploads\/2022\/09\/Bokskog-768x421.jpg 768w, https:\/\/ingemar.alenas.se\/wp-content\/uploads\/2022\/09\/Bokskog.jpg 1402w\" sizes=\"auto, (max-width: 1024px) 100vw, 1024px\" \/><\/a><figcaption>Sverige ser inte skogen f\u00f6r bara tr\u00e4n. Politikerna har blivit f\u00f6rblindade av all desinformation som sprids om den svenska naturen.<\/figcaption><\/figure><\/div>\n","protected":false},"excerpt":{"rendered":"<p>2022-09-25 Finlands regering st\u00f6djer EU:s f\u00f6rslag att l\u00e4nderna g\u00f6r en gemensam &#8221;Green Deal&#8221; f\u00f6r att ta hand om naturen. En svensk riksdagsmajoritet anf\u00f6rd av S, M, C, KD och SD r\u00f6stade i veckan nej till EU:s f\u00f6rslag att g\u00f6ra en &#8221;Green Deal&#8221; f\u00f6r att v\u00e4rna om naturen och biologisk m\u00e5ngfald. Sverige har fler sj\u00f6ar \u00e4n &hellip; <a href=\"https:\/\/ingemar.alenas.se\/?p=12807\" class=\"more-link\">Forts\u00e4tt l\u00e4sa <span class=\"screen-reader-text\">Finland s\u00e4ger ja till att ta hand om Europas natur<\/span> <span class=\"meta-nav\">&rarr;<\/span><\/a><\/p>\n","protected":false},"author":1,"featured_media":3504,"comment_status":"closed","ping_status":"closed","sticky":false,"template":"","format":"standard","meta":{"ngg_post_thumbnail":0,"footnotes":""},"categories":[2,3],"tags":[],"class_list":["post-12807","post","type-post","status-publish","format-standard","has-post-thumbnail","hentry","category-naturnytt","category-vattenblank"],"_links":{"self":[{"href":"https:\/\/ingemar.alenas.se\/index.php?rest_route=\/wp\/v2\/posts\/12807","targetHints":{"allow":["GET"]}}],"collection":[{"href":"https:\/\/ingemar.alenas.se\/index.php?rest_route=\/wp\/v2\/posts"}],"about":[{"href":"https:\/\/ingemar.alenas.se\/index.php?rest_route=\/wp\/v2\/types\/post"}],"author":[{"embeddable":true,"href":"https:\/\/ingemar.alenas.se\/index.php?rest_route=\/wp\/v2\/users\/1"}],"replies":[{"embeddable":true,"href":"https:\/\/ingemar.alenas.se\/index.php?rest_route=%2Fwp%2Fv2%2Fcomments&post=12807"}],"version-history":[{"count":3,"href":"https:\/\/ingemar.alenas.se\/index.php?rest_route=\/wp\/v2\/posts\/12807\/revisions"}],"predecessor-version":[{"id":12812,"href":"https:\/\/ingemar.alenas.se\/index.php?rest_route=\/wp\/v2\/posts\/12807\/revisions\/12812"}],"wp:featuredmedia":[{"embeddable":true,"href":"https:\/\/ingemar.alenas.se\/index.php?rest_route=\/wp\/v2\/media\/3504"}],"wp:attachment":[{"href":"https:\/\/ingemar.alenas.se\/index.php?rest_route=%2Fwp%2Fv2%2Fmedia&parent=12807"}],"wp:term":[{"taxonomy":"category","embeddable":true,"href":"https:\/\/ingemar.alenas.se\/index.php?rest_route=%2Fwp%2Fv2%2Fcategories&post=12807"},{"taxonomy":"post_tag","embeddable":true,"href":"https:\/\/ingemar.alenas.se\/index.php?rest_route=%2Fwp%2Fv2%2Ftags&post=12807"}],"curies":[{"name":"wp","href":"https:\/\/api.w.org\/{rel}","templated":true}]}}