{"id":12796,"date":"2022-09-23T06:57:40","date_gmt":"2022-09-23T06:57:40","guid":{"rendered":"https:\/\/ingemar.alenas.se\/?p=12796"},"modified":"2022-09-23T08:29:44","modified_gmt":"2022-09-23T08:29:44","slug":"sverige-valjer-sida","status":"publish","type":"post","link":"https:\/\/ingemar.alenas.se\/?p=12796","title":{"rendered":"Sverige v\u00e4ljer sida"},"content":{"rendered":"\n<h2 class=\"wp-block-heading\">2022-09-23. Sverige f\u00f6rbereder sig inf\u00f6r ordf\u00f6randeskapet i EU. Det f\u00f6rpliktigar att vara en f\u00f6rebild f\u00f6r \u00f6vriga v\u00e4rldens l\u00e4nder.<\/h2>\n\n\n\n<p>EU-kommissionen har tagit fram tv\u00e5 f\u00f6rslag f\u00f6r att gynna den biologiska m\u00e5ngfalden och milj\u00f6n: <br>\u2022 R\u00e4ttsligt bindande&nbsp;m\u00e5l f\u00f6r \u00e5terst\u00e4llande av olika ekosystem&nbsp;f\u00f6r varje medlemsstat. M\u00e5let \u00e4r att&nbsp;20 % av EU:s land- och havsomr\u00e5den senast 2030 ska \u00e5tg\u00e4rdas f\u00f6r att \u00e5terst\u00e4lla naturen. Till 2050 ska alla ekosystem som beh\u00f6ver \u00e5terst\u00e4llas omfattas.<br>\u2022&nbsp;R\u00e4ttsligt bindande m\u00e5l att minska anv\u00e4ndningen av och riskerna med kemiska bek\u00e4mpningsmedel med 50 procent till 2030, samt f\u00f6rbud mot alla bek\u00e4mpningsmedel i k\u00e4nsliga omr\u00e5den som till exempel gr\u00f6nomr\u00e5den i st\u00e4der, skyddade omr\u00e5den och ekologiskt k\u00e4nsliga omr\u00e5den med hotade pollinat\u00f6rer.<\/p>\n\n\n\n<p>Sverige agerar nu f\u00f6r att dessa naturv\u00e5rdande insatser skall stoppas. S, C, M, KD och SD r\u00f6stade nej till b\u00e5da f\u00f6rslagen och motiverade sitt beslut med att de inte tycker EU ska l\u00e4gga sig i dessa fr\u00e5gor inom Sveriges gr\u00e4nser. D\u00e4rmed \u00f6kar risken f\u00f6r att f\u00f6rslaget stoppas i EU. Om en tredjedel av medlemsl\u00e4nderna g\u00f6r som Sverige och r\u00f6star ned f\u00f6rslaget s\u00e5 m\u00e5ste EU-kommissionen ompr\u00f6va, \u00e4ndra eller dra tillbaka sina f\u00f6rslag.<\/p>\n\n\n\n<p>Sverige har tidigare framst\u00e5tt som milj\u00f6v\u00e4nligt. Sverige har haft ett kapital i rena sj\u00f6ar och vatten, naturliga skogar och blommande \u00e4ngar. P\u00e5 senare tid har milj\u00f6=klimat och den op\u00e5verkade, rena naturens biologiska m\u00e5ngfald och ekosystemtj\u00e4nster har f\u00f6rsvunnit i en rasande takt.<\/p>\n\n\n\n<p>Av V\u00e4sterhavets 2 853&nbsp;vattenf\u00f6rekomster \u00e4r ca 1850 st\u00e4ngda f\u00f6r vandrande fiskar. Fr\u00e5n 1 januari 2023 f\u00f6rbjuds f\u00f6rs\u00e4ljning av svenska kr\u00e4ftor p\u00e5 grund av f\u00f6r h\u00f6ga halter av milj\u00f6gifter. Vi h\u00e4nvisas till Turkiska och Egyptiska kr\u00e4ftor som har betydligt mindre milj\u00f6gifter \u00e4n de svenska. 1237 av V\u00e4sterhavets vattenf\u00f6rekomster \u00e4r fortfarande f\u00f6rsurade. F\u00f6rlusten av biologisk m\u00e5ngfald \u00e4r p\u00e5taglig vad g\u00e4ller fiskar, f\u00e5glar och insekter. Sverige har tappat greppet om den svenska naturen.<\/p>\n\n\n\n<figure class=\"wp-block-image size-large is-style-default\"><a href=\"https:\/\/ingemar.alenas.se\/wp-content\/uploads\/2020\/12\/5-P1830591.jpg\"><img loading=\"lazy\" decoding=\"async\" width=\"1024\" height=\"560\" src=\"https:\/\/ingemar.alenas.se\/wp-content\/uploads\/2020\/12\/5-P1830591-1024x560.jpg\" alt=\"\" class=\"wp-image-10340\" srcset=\"https:\/\/ingemar.alenas.se\/wp-content\/uploads\/2020\/12\/5-P1830591-1024x560.jpg 1024w, https:\/\/ingemar.alenas.se\/wp-content\/uploads\/2020\/12\/5-P1830591-300x164.jpg 300w, https:\/\/ingemar.alenas.se\/wp-content\/uploads\/2020\/12\/5-P1830591-768x420.jpg 768w, https:\/\/ingemar.alenas.se\/wp-content\/uploads\/2020\/12\/5-P1830591.jpg 1400w\" sizes=\"auto, (max-width: 1024px) 100vw, 1024px\" \/><\/a><figcaption>Sverige har f\u00f6rlorat greppet om viktiga biotoper. Vi m\u00e5ste inse allvaret och b\u00f6rja kalla saker f\u00f6r vad de verkligen \u00e4r.<\/figcaption><\/figure>\n\n\n\n<p> <\/p>\n","protected":false},"excerpt":{"rendered":"<p>2022-09-23. Sverige f\u00f6rbereder sig inf\u00f6r ordf\u00f6randeskapet i EU. Det f\u00f6rpliktigar att vara en f\u00f6rebild f\u00f6r \u00f6vriga v\u00e4rldens l\u00e4nder. EU-kommissionen har tagit fram tv\u00e5 f\u00f6rslag f\u00f6r att gynna den biologiska m\u00e5ngfalden och milj\u00f6n: \u2022 R\u00e4ttsligt bindande&nbsp;m\u00e5l f\u00f6r \u00e5terst\u00e4llande av olika ekosystem&nbsp;f\u00f6r varje medlemsstat. M\u00e5let \u00e4r att&nbsp;20 % av EU:s land- och havsomr\u00e5den senast 2030 ska \u00e5tg\u00e4rdas &hellip; <a href=\"https:\/\/ingemar.alenas.se\/?p=12796\" class=\"more-link\">Forts\u00e4tt l\u00e4sa <span class=\"screen-reader-text\">Sverige v\u00e4ljer sida<\/span> <span class=\"meta-nav\">&rarr;<\/span><\/a><\/p>\n","protected":false},"author":1,"featured_media":12797,"comment_status":"closed","ping_status":"closed","sticky":false,"template":"","format":"standard","meta":{"ngg_post_thumbnail":0,"footnotes":""},"categories":[2,3],"tags":[],"class_list":["post-12796","post","type-post","status-publish","format-standard","has-post-thumbnail","hentry","category-naturnytt","category-vattenblank"],"_links":{"self":[{"href":"https:\/\/ingemar.alenas.se\/index.php?rest_route=\/wp\/v2\/posts\/12796","targetHints":{"allow":["GET"]}}],"collection":[{"href":"https:\/\/ingemar.alenas.se\/index.php?rest_route=\/wp\/v2\/posts"}],"about":[{"href":"https:\/\/ingemar.alenas.se\/index.php?rest_route=\/wp\/v2\/types\/post"}],"author":[{"embeddable":true,"href":"https:\/\/ingemar.alenas.se\/index.php?rest_route=\/wp\/v2\/users\/1"}],"replies":[{"embeddable":true,"href":"https:\/\/ingemar.alenas.se\/index.php?rest_route=%2Fwp%2Fv2%2Fcomments&post=12796"}],"version-history":[{"count":7,"href":"https:\/\/ingemar.alenas.se\/index.php?rest_route=\/wp\/v2\/posts\/12796\/revisions"}],"predecessor-version":[{"id":12806,"href":"https:\/\/ingemar.alenas.se\/index.php?rest_route=\/wp\/v2\/posts\/12796\/revisions\/12806"}],"wp:featuredmedia":[{"embeddable":true,"href":"https:\/\/ingemar.alenas.se\/index.php?rest_route=\/wp\/v2\/media\/12797"}],"wp:attachment":[{"href":"https:\/\/ingemar.alenas.se\/index.php?rest_route=%2Fwp%2Fv2%2Fmedia&parent=12796"}],"wp:term":[{"taxonomy":"category","embeddable":true,"href":"https:\/\/ingemar.alenas.se\/index.php?rest_route=%2Fwp%2Fv2%2Fcategories&post=12796"},{"taxonomy":"post_tag","embeddable":true,"href":"https:\/\/ingemar.alenas.se\/index.php?rest_route=%2Fwp%2Fv2%2Ftags&post=12796"}],"curies":[{"name":"wp","href":"https:\/\/api.w.org\/{rel}","templated":true}]}}