{"id":12783,"date":"2022-09-22T11:44:40","date_gmt":"2022-09-22T11:44:40","guid":{"rendered":"https:\/\/ingemar.alenas.se\/?p=12783"},"modified":"2022-12-21T16:18:56","modified_gmt":"2022-12-21T16:18:56","slug":"svenska-kraftor-stoppas","status":"publish","type":"post","link":"https:\/\/ingemar.alenas.se\/?p=12783","title":{"rendered":"Svenska kr\u00e4ftor stoppas"},"content":{"rendered":"\n<h2 class=\"wp-block-heading\">2022-09-22 TV4 rapporterar att f\u00f6rs\u00e4ljning av svenska insj\u00f6kr\u00e4ftor kan komma att stoppas n\u00e4sta s\u00e4song.<\/h2>\n\n\n\n<p>Svenska insj\u00f6- och signalkr\u00e4ftor kan stoppas fr\u00e5n f\u00f6rs\u00e4ljning n\u00e4sta sommar. Anledningen \u00e4r att de har s\u00e5 h\u00f6ga halter av milj\u00f6giftet PFAS att de riskerar att inte klara EU:s nya gr\u00e4nsv\u00e4rden som presenteras i dagarna.<\/p>\n\n\n\n<p>EU:s nya gr\u00e4nsv\u00e4rde f\u00f6r PFAS ligger p\u00e5 3 ng\/g. Testfaktas analyser av svenska kr\u00e4ftor fr\u00e5n bl.a. V\u00e4nern och V\u00e4ttern visade p\u00e5 halter om 7, 9 och 14 ng\/g. Halterna PFAS i alla utl\u00e4ndska kr\u00e4ftor var mycket l\u00e4gre \u00e4n i de svenska s\u00e5 de f\u00e5r gr\u00f6nt ljus, medan svenska kr\u00e4ftor f\u00e5r r\u00f6tt ljus.<\/p>\n\n\n\n<p>Petra Bergkvist p\u00e5 Livsmedelsverket s\u00e4ger att dessa kr\u00e4ftor inte f\u00e5r s\u00e4ljas i svenska aff\u00e4rer efter den 1 januari 2023.<\/p>\n\n\n\n<p>\u00c5ke Bergman professor i milj\u00f6kemi: &#8221;Det \u00e4r helt enkelt en anv\u00e4ndning av PFAS \u00e4mnen som vi har haft i Sverige som har kontaminerat milj\u00f6n i Sverige &#8211; mycket sorgligt&#8221;. &#8221;Jag skulle ju definitivt v\u00e4lja en bra kr\u00e4fta som kommer fr\u00e5n utanf\u00f6r Sverige&#8221;.<\/p>\n\n\n\n<p> Det \u00e4r k\u00e4nt att kr\u00e4ftor fr\u00e5n Spanien, Turkiet och Egypten har mycket l\u00e4gre halter av giftet PFAS \u00e4n Svenska insj\u00f6kr\u00e4ftor. Sveriges liberala syn p\u00e5 giftanv\u00e4ndning inom EU \u00e5terspeglas tyv\u00e4rr n\u00e4r det g\u00e4ller gifter i v\u00e5ra svenska sj\u00f6ar och vattendrag. Naturnytt har tidigare rapporterat om bek\u00e4mpningsmedel i Hall\u00e4ndska vattendrag. L\u00e4s mer <a href=\"https:\/\/ingemar.alenas.se\/?p=5151\">h\u00e4r.<\/a> <a href=\"http:\/\/naturvardsverket.diva-portal.org\/smash\/record.jsf?pid=diva2%3A696271&amp;dswid=-3458\">Bek\u00e4mpningsmedel i hall\u00e4ndska yt- och grundvatten (diva-portal.org)<\/a><\/p>\n\n\n\n<p>L\u00e4s \u00e4ven Naturnytts artikel om att svenska kr\u00e4ftor kr\u00e4ver ren milj\u00f6 <a href=\"https:\/\/ingemar.alenas.se\/?p=12567\">h\u00e4r<\/a>.<\/p>\n","protected":false},"excerpt":{"rendered":"<p>2022-09-22 TV4 rapporterar att f\u00f6rs\u00e4ljning av svenska insj\u00f6kr\u00e4ftor kan komma att stoppas n\u00e4sta s\u00e4song. Svenska insj\u00f6- och signalkr\u00e4ftor kan stoppas fr\u00e5n f\u00f6rs\u00e4ljning n\u00e4sta sommar. Anledningen \u00e4r att de har s\u00e5 h\u00f6ga halter av milj\u00f6giftet PFAS att de riskerar att inte klara EU:s nya gr\u00e4nsv\u00e4rden som presenteras i dagarna. EU:s nya gr\u00e4nsv\u00e4rde f\u00f6r PFAS ligger p\u00e5 &hellip; <a href=\"https:\/\/ingemar.alenas.se\/?p=12783\" class=\"more-link\">Forts\u00e4tt l\u00e4sa <span class=\"screen-reader-text\">Svenska kr\u00e4ftor stoppas<\/span> <span class=\"meta-nav\">&rarr;<\/span><\/a><\/p>\n","protected":false},"author":1,"featured_media":12572,"comment_status":"closed","ping_status":"closed","sticky":false,"template":"","format":"standard","meta":{"ngg_post_thumbnail":0,"footnotes":""},"categories":[2,3],"tags":[],"class_list":["post-12783","post","type-post","status-publish","format-standard","has-post-thumbnail","hentry","category-naturnytt","category-vattenblank"],"_links":{"self":[{"href":"https:\/\/ingemar.alenas.se\/index.php?rest_route=\/wp\/v2\/posts\/12783","targetHints":{"allow":["GET"]}}],"collection":[{"href":"https:\/\/ingemar.alenas.se\/index.php?rest_route=\/wp\/v2\/posts"}],"about":[{"href":"https:\/\/ingemar.alenas.se\/index.php?rest_route=\/wp\/v2\/types\/post"}],"author":[{"embeddable":true,"href":"https:\/\/ingemar.alenas.se\/index.php?rest_route=\/wp\/v2\/users\/1"}],"replies":[{"embeddable":true,"href":"https:\/\/ingemar.alenas.se\/index.php?rest_route=%2Fwp%2Fv2%2Fcomments&post=12783"}],"version-history":[{"count":11,"href":"https:\/\/ingemar.alenas.se\/index.php?rest_route=\/wp\/v2\/posts\/12783\/revisions"}],"predecessor-version":[{"id":13275,"href":"https:\/\/ingemar.alenas.se\/index.php?rest_route=\/wp\/v2\/posts\/12783\/revisions\/13275"}],"wp:featuredmedia":[{"embeddable":true,"href":"https:\/\/ingemar.alenas.se\/index.php?rest_route=\/wp\/v2\/media\/12572"}],"wp:attachment":[{"href":"https:\/\/ingemar.alenas.se\/index.php?rest_route=%2Fwp%2Fv2%2Fmedia&parent=12783"}],"wp:term":[{"taxonomy":"category","embeddable":true,"href":"https:\/\/ingemar.alenas.se\/index.php?rest_route=%2Fwp%2Fv2%2Fcategories&post=12783"},{"taxonomy":"post_tag","embeddable":true,"href":"https:\/\/ingemar.alenas.se\/index.php?rest_route=%2Fwp%2Fv2%2Ftags&post=12783"}],"curies":[{"name":"wp","href":"https:\/\/api.w.org\/{rel}","templated":true}]}}