{"id":12117,"date":"2022-04-12T15:45:58","date_gmt":"2022-04-12T15:45:58","guid":{"rendered":"https:\/\/ingemar.alenas.se\/?p=12117"},"modified":"2022-10-10T17:01:05","modified_gmt":"2022-10-10T17:01:05","slug":"himlen-ar-oskyldigt-bla","status":"publish","type":"post","link":"https:\/\/ingemar.alenas.se\/?p=12117","title":{"rendered":"Himlen var oskyldigt bl\u00e5"},"content":{"rendered":"\n<h2 class=\"wp-block-heading\">2022-04-12 Under pandemin har himlen varit oskyldigt bl\u00e5. Men vita &#8221;harvedrag&#8221; blir nu allt vanligare igen.<\/h2>\n\n\n\n<p>Ingressbilden vid brof\u00e4stet i Vessigebro \u00e4r tagen 2018-11-18. Flygplanstrafiken \u00e4r livlig och allt \u00e4r som vanligt. Men s\u00e5 kom pandemin. Pl\u00f6tsligt upph\u00f6rde all flygtrafik och &#8221;himlen blev oskyldigt bl\u00e5&#8221;.<\/p>\n\n\n\n<p>I morse kl 08:00 var jag uppe och fotograferade \u00f6ver hustaken i Vessigebro. Nu var allt som f\u00f6rut och flygplanen harvade p\u00e5 som vanligt. P\u00e5 nyheterna kan vi h\u00f6ra att det \u00e4r kaos f\u00f6r att alla resen\u00e4rer har inte giltiga pass och v\u00e4ntetiden \u00e4r flera m\u00e5nader.<\/p>\n\n\n\n<figure class=\"wp-block-image size-large is-style-default\"><a href=\"https:\/\/ingemar.alenas.se\/wp-content\/uploads\/2022\/04\/Flyg-Vessigebro-2022-04-12.jpg\"><img loading=\"lazy\" decoding=\"async\" width=\"1024\" height=\"521\" src=\"https:\/\/ingemar.alenas.se\/wp-content\/uploads\/2022\/04\/Flyg-Vessigebro-2022-04-12-1024x521.jpg\" alt=\"\" class=\"wp-image-12119\" srcset=\"https:\/\/ingemar.alenas.se\/wp-content\/uploads\/2022\/04\/Flyg-Vessigebro-2022-04-12-1024x521.jpg 1024w, https:\/\/ingemar.alenas.se\/wp-content\/uploads\/2022\/04\/Flyg-Vessigebro-2022-04-12-300x153.jpg 300w, https:\/\/ingemar.alenas.se\/wp-content\/uploads\/2022\/04\/Flyg-Vessigebro-2022-04-12-768x391.jpg 768w, https:\/\/ingemar.alenas.se\/wp-content\/uploads\/2022\/04\/Flyg-Vessigebro-2022-04-12.jpg 1400w\" sizes=\"auto, (max-width: 1024px) 100vw, 1024px\" \/><\/a><figcaption>2022-04-12 \u00c5terigen passerar flygen fr\u00e5n n\u00e4r och fj\u00e4rran \u00f6ver hustaken i Vessigebro. Allt \u00e4r som f\u00f6re pandemin, himlen \u00e4r inte l\u00e4ngre &#8221;oskyldigt bl\u00e5&#8221;.<\/figcaption><\/figure>\n\n\n\n<p>2022-10-10 Oro i v\u00e4rlden och br\u00e4nslekris. Flygtrafiken \u00f6ver Vessigebro \u00e4r livligare \u00e4n n\u00e5gonsin. Bilden visar inte sl\u00f6jmoln eller missiler utan sp\u00e5ren efter flygtrafiken. Smala sp\u00e5r \u00e4r plan som g\u00e5r nu och bredare sp\u00e5r \u00e4r plan som g\u00e5tt f\u00f6r n\u00e5gon minut sedan. D\u00e4refter kan sp\u00e5ren inte ses. Men br\u00e4nslet \u00e4r f\u00f6rbrukat och sp\u00e5ren i milj\u00f6n finns kvar.<\/p>\n\n\n\n<figure class=\"wp-block-image size-large is-style-default\"><a href=\"https:\/\/ingemar.alenas.se\/wp-content\/uploads\/2022\/04\/P5330055.jpg\"><img loading=\"lazy\" decoding=\"async\" width=\"1024\" height=\"576\" src=\"https:\/\/ingemar.alenas.se\/wp-content\/uploads\/2022\/04\/P5330055-1024x576.jpg\" alt=\"\" class=\"wp-image-12932\" srcset=\"https:\/\/ingemar.alenas.se\/wp-content\/uploads\/2022\/04\/P5330055-1024x576.jpg 1024w, https:\/\/ingemar.alenas.se\/wp-content\/uploads\/2022\/04\/P5330055-300x169.jpg 300w, https:\/\/ingemar.alenas.se\/wp-content\/uploads\/2022\/04\/P5330055-768x432.jpg 768w, https:\/\/ingemar.alenas.se\/wp-content\/uploads\/2022\/04\/P5330055.jpg 1500w\" sizes=\"auto, (max-width: 1024px) 100vw, 1024px\" \/><\/a><\/figure>\n\n\n\n<figure class=\"wp-block-gallery columns-0 is-cropped wp-block-gallery-1 is-layout-flex wp-block-gallery-is-layout-flex\"><ul class=\"blocks-gallery-grid\"><\/ul><\/figure>\n","protected":false},"excerpt":{"rendered":"<p>2022-04-12 Under pandemin har himlen varit oskyldigt bl\u00e5. Men vita &#8221;harvedrag&#8221; blir nu allt vanligare igen. Ingressbilden vid brof\u00e4stet i Vessigebro \u00e4r tagen 2018-11-18. Flygplanstrafiken \u00e4r livlig och allt \u00e4r som vanligt. Men s\u00e5 kom pandemin. Pl\u00f6tsligt upph\u00f6rde all flygtrafik och &#8221;himlen blev oskyldigt bl\u00e5&#8221;. I morse kl 08:00 var jag uppe och fotograferade \u00f6ver &hellip; <a href=\"https:\/\/ingemar.alenas.se\/?p=12117\" class=\"more-link\">Forts\u00e4tt l\u00e4sa <span class=\"screen-reader-text\">Himlen var oskyldigt bl\u00e5<\/span> <span class=\"meta-nav\">&rarr;<\/span><\/a><\/p>\n","protected":false},"author":1,"featured_media":0,"comment_status":"closed","ping_status":"closed","sticky":false,"template":"","format":"standard","meta":{"ngg_post_thumbnail":0,"footnotes":""},"categories":[2,3],"tags":[],"class_list":["post-12117","post","type-post","status-publish","format-standard","hentry","category-naturnytt","category-vattenblank"],"_links":{"self":[{"href":"https:\/\/ingemar.alenas.se\/index.php?rest_route=\/wp\/v2\/posts\/12117","targetHints":{"allow":["GET"]}}],"collection":[{"href":"https:\/\/ingemar.alenas.se\/index.php?rest_route=\/wp\/v2\/posts"}],"about":[{"href":"https:\/\/ingemar.alenas.se\/index.php?rest_route=\/wp\/v2\/types\/post"}],"author":[{"embeddable":true,"href":"https:\/\/ingemar.alenas.se\/index.php?rest_route=\/wp\/v2\/users\/1"}],"replies":[{"embeddable":true,"href":"https:\/\/ingemar.alenas.se\/index.php?rest_route=%2Fwp%2Fv2%2Fcomments&post=12117"}],"version-history":[{"count":6,"href":"https:\/\/ingemar.alenas.se\/index.php?rest_route=\/wp\/v2\/posts\/12117\/revisions"}],"predecessor-version":[{"id":12934,"href":"https:\/\/ingemar.alenas.se\/index.php?rest_route=\/wp\/v2\/posts\/12117\/revisions\/12934"}],"wp:attachment":[{"href":"https:\/\/ingemar.alenas.se\/index.php?rest_route=%2Fwp%2Fv2%2Fmedia&parent=12117"}],"wp:term":[{"taxonomy":"category","embeddable":true,"href":"https:\/\/ingemar.alenas.se\/index.php?rest_route=%2Fwp%2Fv2%2Fcategories&post=12117"},{"taxonomy":"post_tag","embeddable":true,"href":"https:\/\/ingemar.alenas.se\/index.php?rest_route=%2Fwp%2Fv2%2Ftags&post=12117"}],"curies":[{"name":"wp","href":"https:\/\/api.w.org\/{rel}","templated":true}]}}