{"id":12086,"date":"2022-04-05T17:23:24","date_gmt":"2022-04-05T17:23:24","guid":{"rendered":"https:\/\/ingemar.alenas.se\/?p=12086"},"modified":"2022-04-06T10:23:41","modified_gmt":"2022-04-06T10:23:41","slug":"varens-stora-vandring","status":"publish","type":"post","link":"https:\/\/ingemar.alenas.se\/?p=12086","title":{"rendered":"V\u00e5rens stora vandring"},"content":{"rendered":"\n<h2 class=\"wp-block-heading\">2022-04-05 V\u00e5rens stora vandring av olika djurarter har b\u00f6rjat. V\u00e4gar, vatten och luft fylls av groddjur, fiskar och f\u00e5glar. Nu \u00e4r de p\u00e5 v\u00e4g!<\/h2>\n\n\n\n<p>Tranorna kommer fr\u00e5n sina \u00f6vervintringsplatser i Frankrike och Spanien. Vissa stannar i Vessigetrakten d\u00e4r de l\u00e4gger \u00e4gg och f\u00f6der upp sina ungar. Andra flyger vidare till Hornborgarsj\u00f6n som mellanlandning innan de kanske hamnar i Norge eller Norrland. N\u00e4rmare 20 000 har nu samlats p\u00e5 \u00e5krarna d\u00e4r de matas av v\u00e4nliga m\u00e4nniskor.<\/p>\n\n\n\n<div class=\"wp-block-image is-style-default\"><figure class=\"aligncenter size-large\"><a href=\"https:\/\/ingemar.alenas.se\/wp-content\/uploads\/2022\/04\/P4870252.jpg\"><img loading=\"lazy\" decoding=\"async\" width=\"1024\" height=\"401\" src=\"https:\/\/ingemar.alenas.se\/wp-content\/uploads\/2022\/04\/P4870252-1024x401.jpg\" alt=\"\" class=\"wp-image-12099\" srcset=\"https:\/\/ingemar.alenas.se\/wp-content\/uploads\/2022\/04\/P4870252-1024x401.jpg 1024w, https:\/\/ingemar.alenas.se\/wp-content\/uploads\/2022\/04\/P4870252-300x117.jpg 300w, https:\/\/ingemar.alenas.se\/wp-content\/uploads\/2022\/04\/P4870252-768x301.jpg 768w, https:\/\/ingemar.alenas.se\/wp-content\/uploads\/2022\/04\/P4870252.jpg 1500w\" sizes=\"auto, (max-width: 1024px) 100vw, 1024px\" \/><\/a><figcaption>2022-03-28Tranor vid Hornborgasj\u00f6n.<\/figcaption><\/figure><\/div>\n\n\n\n<p>\u00c4tranlaxen b\u00f6rjar nu anl\u00e4nda fr\u00e5n Atlanten d\u00e4r vissa v\u00e4xt upp kring F\u00e4r\u00f6arna och Gr\u00f6nland. I skrivande stund har ca 14 blanklaxar med den imponerande sammanlagda l\u00e4ngden av 13 meter passerat fiskr\u00e4knaren vid Herting. Dessa laxar skall nu i h\u00f6st s\u00f6rja f\u00f6r artens fortplantning. Passagen underl\u00e4ttas betydligt tack vare Hertingprojektet.<\/p>\n\n\n\n<p>Samtidigt har i dag den f\u00f6rsta smoltm\u00e4rkningen p\u00e5b\u00f6rjats vid Nydala av milj\u00f6pristagarna Berit och Sven-Erik. Smolten, laxens ungar, \u00e4r nu redo att p\u00e5b\u00f6rja den m\u00f6dosamma vandringen till de uppv\u00e4xtomr\u00e5den som deras f\u00f6rf\u00e4der anv\u00e4nt i hundratals \u00e5r. Vi observerade att laxungarna var i n\u00e5got d\u00e5ligt skick f\u00f6r att klara den m\u00f6dosamma, f\u00f6rest\u00e5ende l\u00e5ngresan. Kommande nationell ompr\u00f6vning 2024 av \u00c4trans och H\u00f6gvads\u00e5ns vattenregim kan underl\u00e4tta f\u00f6r stressade laxyngel. Laxyngel kan p\u00e5verkas av vattenreglering, f\u00f6rsurning, laxparasiten och f\u00f6roreningar fr\u00e5n bek\u00e4mpningsmedel och reningsverk. L\u00e4s mer <a href=\"https:\/\/ingemar.alenas.se\/?p=10365\">h\u00e4r.<\/a> Utsl\u00e4ppen till H\u00f6gvads\u00e5n och \u00c4tran beh\u00f6ver minskas b\u00e5de f\u00f6r laxens och v\u00e5r egen skull. (dricksvattent\u00e4kt). N\u00e4r laxen m\u00e5r bra \u00e4r \u00c4trans vatten bra.<\/p>\n\n\n\n<div class=\"wp-block-image is-style-default\"><figure class=\"aligncenter size-large\"><a href=\"https:\/\/ingemar.alenas.se\/wp-content\/uploads\/2022\/04\/P4870907.jpg\"><img loading=\"lazy\" decoding=\"async\" width=\"1024\" height=\"444\" src=\"https:\/\/ingemar.alenas.se\/wp-content\/uploads\/2022\/04\/P4870907-1024x444.jpg\" alt=\"\" class=\"wp-image-12090\" srcset=\"https:\/\/ingemar.alenas.se\/wp-content\/uploads\/2022\/04\/P4870907-1024x444.jpg 1024w, https:\/\/ingemar.alenas.se\/wp-content\/uploads\/2022\/04\/P4870907-300x130.jpg 300w, https:\/\/ingemar.alenas.se\/wp-content\/uploads\/2022\/04\/P4870907-768x333.jpg 768w, https:\/\/ingemar.alenas.se\/wp-content\/uploads\/2022\/04\/P4870907.jpg 1400w\" sizes=\"auto, (max-width: 1024px) 100vw, 1024px\" \/><\/a><figcaption>2022-04-05 Laxsmolten som vandrar fr\u00e5n H\u00f6gvads\u00e5n \u00e4r i d\u00e5lig kondition inf\u00f6r den kr\u00e4vande resan till sina uppv\u00e4xtomr\u00e5den norr om F\u00e4r\u00f6arna.<\/figcaption><\/figure><\/div>\n\n\n\n<p>Natten mellan m\u00e5ndag och tisdag p\u00e5b\u00f6rjade vattensalamandrarna i Vessigebro en betydligt kortare vandring. Den begr\u00e4nsar sig fr\u00e5n skogsomr\u00e5denas \u00f6vervintringsplatser till v\u00e5tmarkernas lekplatser. Tyv\u00e4rr beh\u00f6ver de passera allm\u00e4n v\u00e4g och hundratals omkommer i trafiken. V\u00e4gsamf\u00e4llighetsf\u00f6reningen har gjort inventeringar och f\u00f6reslagit  \u00f6verg\u00e5ngsst\u00e4llen f\u00f6r dessa ovana och l\u00e5ngsamma trafikanter. Vi v\u00e4ntar ot\u00e5ligt p\u00e5 att fr\u00e5gan l\u00f6ses f\u00f6r salamandrarnas skull.<\/p>\n\n\n\n<p>V\u00e5rens stora naturvandring har b\u00f6rjat. Vi kan alla dra v\u00e5rt str\u00e5 till stacken f\u00f6r att f\u00f6rb\u00e4ttra fria vandringsv\u00e4gar och se till att v\u00e4rna om djurens ur\u00e5ldriga vandringsleder och uppv\u00e4xtomr\u00e5den.<\/p>\n\n\n\n<div class=\"wp-block-image is-style-default\"><figure class=\"aligncenter size-large\"><a href=\"https:\/\/ingemar.alenas.se\/wp-content\/uploads\/2022\/04\/P4870772.jpg\"><img loading=\"lazy\" decoding=\"async\" width=\"1024\" height=\"576\" src=\"https:\/\/ingemar.alenas.se\/wp-content\/uploads\/2022\/04\/P4870772-1024x576.jpg\" alt=\"\" class=\"wp-image-12092\" srcset=\"https:\/\/ingemar.alenas.se\/wp-content\/uploads\/2022\/04\/P4870772-1024x576.jpg 1024w, https:\/\/ingemar.alenas.se\/wp-content\/uploads\/2022\/04\/P4870772-300x169.jpg 300w, https:\/\/ingemar.alenas.se\/wp-content\/uploads\/2022\/04\/P4870772-768x432.jpg 768w, https:\/\/ingemar.alenas.se\/wp-content\/uploads\/2022\/04\/P4870772.jpg 1400w\" sizes=\"auto, (max-width: 1024px) 100vw, 1024px\" \/><\/a><figcaption>2022-04-05 Salamandrar har inget &#8221;trafikvett&#8221; utan m\u00e5ste hj\u00e4lpas f\u00f6r att klara passagen \u00f6ver Forsv\u00e4gen i Vessigebro. \u00c5rligen kan det r\u00f6ra sig om tusentals trafikoffer.<\/figcaption><\/figure><\/div>\n\n\n\n<p><\/p>\n","protected":false},"excerpt":{"rendered":"<p>2022-04-05 V\u00e5rens stora vandring av olika djurarter har b\u00f6rjat. V\u00e4gar, vatten och luft fylls av groddjur, fiskar och f\u00e5glar. Nu \u00e4r de p\u00e5 v\u00e4g! Tranorna kommer fr\u00e5n sina \u00f6vervintringsplatser i Frankrike och Spanien. Vissa stannar i Vessigetrakten d\u00e4r de l\u00e4gger \u00e4gg och f\u00f6der upp sina ungar. Andra flyger vidare till Hornborgarsj\u00f6n som mellanlandning innan de &hellip; <a href=\"https:\/\/ingemar.alenas.se\/?p=12086\" class=\"more-link\">Forts\u00e4tt l\u00e4sa <span class=\"screen-reader-text\">V\u00e5rens stora vandring<\/span> <span class=\"meta-nav\">&rarr;<\/span><\/a><\/p>\n","protected":false},"author":1,"featured_media":12088,"comment_status":"closed","ping_status":"closed","sticky":false,"template":"","format":"standard","meta":{"ngg_post_thumbnail":0,"footnotes":""},"categories":[2,3],"tags":[],"class_list":["post-12086","post","type-post","status-publish","format-standard","has-post-thumbnail","hentry","category-naturnytt","category-vattenblank"],"_links":{"self":[{"href":"https:\/\/ingemar.alenas.se\/index.php?rest_route=\/wp\/v2\/posts\/12086","targetHints":{"allow":["GET"]}}],"collection":[{"href":"https:\/\/ingemar.alenas.se\/index.php?rest_route=\/wp\/v2\/posts"}],"about":[{"href":"https:\/\/ingemar.alenas.se\/index.php?rest_route=\/wp\/v2\/types\/post"}],"author":[{"embeddable":true,"href":"https:\/\/ingemar.alenas.se\/index.php?rest_route=\/wp\/v2\/users\/1"}],"replies":[{"embeddable":true,"href":"https:\/\/ingemar.alenas.se\/index.php?rest_route=%2Fwp%2Fv2%2Fcomments&post=12086"}],"version-history":[{"count":7,"href":"https:\/\/ingemar.alenas.se\/index.php?rest_route=\/wp\/v2\/posts\/12086\/revisions"}],"predecessor-version":[{"id":12103,"href":"https:\/\/ingemar.alenas.se\/index.php?rest_route=\/wp\/v2\/posts\/12086\/revisions\/12103"}],"wp:featuredmedia":[{"embeddable":true,"href":"https:\/\/ingemar.alenas.se\/index.php?rest_route=\/wp\/v2\/media\/12088"}],"wp:attachment":[{"href":"https:\/\/ingemar.alenas.se\/index.php?rest_route=%2Fwp%2Fv2%2Fmedia&parent=12086"}],"wp:term":[{"taxonomy":"category","embeddable":true,"href":"https:\/\/ingemar.alenas.se\/index.php?rest_route=%2Fwp%2Fv2%2Fcategories&post=12086"},{"taxonomy":"post_tag","embeddable":true,"href":"https:\/\/ingemar.alenas.se\/index.php?rest_route=%2Fwp%2Fv2%2Ftags&post=12086"}],"curies":[{"name":"wp","href":"https:\/\/api.w.org\/{rel}","templated":true}]}}