{"id":12012,"date":"2022-03-29T11:05:34","date_gmt":"2022-03-29T11:05:34","guid":{"rendered":"https:\/\/ingemar.alenas.se\/?p=12012"},"modified":"2022-03-29T11:52:40","modified_gmt":"2022-03-29T11:52:40","slug":"mote-vid-trandansen","status":"publish","type":"post","link":"https:\/\/ingemar.alenas.se\/?p=12012","title":{"rendered":"M\u00f6te vid Trandansen"},"content":{"rendered":"\n<h2 class=\"wp-block-heading\">2022-03-29 Trandansen vid Horborgasj\u00f6n i V\u00e4stra G\u00f6taland \u00e4r en av \u00e5rets h\u00f6jdpunkter.<\/h2>\n\n\n\n<p>F\u00f6rv\u00e4ntningarna var d\u00e4rf\u00f6r h\u00f6ga n\u00e4r vi i m\u00e5ndags f\u00f6retog resan upp till tranornas Mecka p\u00e5 V\u00e4stg\u00f6tasl\u00e4tten. V\u00e4l framme br\u00f6t solen igenom diset och vi m\u00f6ttes av det obeskrivbara trumpetandet av tusentals tranor. Antalet turister var f\u00f6rh\u00e5llandevis f\u00e5 denna m\u00e5ndag och tranorna r\u00e4knades kv\u00e4llen innan till 12280 individer.<\/p>\n\n\n\n<figure class=\"wp-block-image size-large is-style-default\"><a href=\"https:\/\/ingemar.alenas.se\/wp-content\/uploads\/2022\/03\/P4870359.jpg\"><img loading=\"lazy\" decoding=\"async\" width=\"1024\" height=\"295\" src=\"https:\/\/ingemar.alenas.se\/wp-content\/uploads\/2022\/03\/P4870359-1024x295.jpg\" alt=\"\" class=\"wp-image-12016\" srcset=\"https:\/\/ingemar.alenas.se\/wp-content\/uploads\/2022\/03\/P4870359-1024x295.jpg 1024w, https:\/\/ingemar.alenas.se\/wp-content\/uploads\/2022\/03\/P4870359-300x86.jpg 300w, https:\/\/ingemar.alenas.se\/wp-content\/uploads\/2022\/03\/P4870359-768x221.jpg 768w, https:\/\/ingemar.alenas.se\/wp-content\/uploads\/2022\/03\/P4870359.jpg 1500w\" sizes=\"auto, (max-width: 1024px) 100vw, 1024px\" \/><\/a><\/figure>\n\n\n\n<p>Det hela \u00e4r v\u00e4l organiserat b\u00e5de tranor och tillresta turister och f\u00e5gelsk\u00e5dare kan f\u00e5 fylla p\u00e5 energidep\u00e5erna. Liksom turisterna \u00e5terkommer m\u00e5nga tranor d\u00e4rf\u00f6r \u00e5rligen till Hornborgasj\u00f6n.<\/p>\n\n\n\n<p>I \u00e5r fick vi \u00e5terse en k\u00e4r bekant som vi tr\u00e4ffade vid Trandansen f\u00f6r tre \u00e5r sedan  den 26 mars 2019! Men s\u00e4ger v\u00e4n av ordning hur kan ni veta det? Det g\u00e5r v\u00e4l inte att k\u00e4nna igen en individ bland tolvtusen tranor?<\/p>\n\n\n\n<p>Tack vare Stavanger Museum som driver ett projekt med att individm\u00e4rka tranor med f\u00e4rgglada ringar kunde vi identifiera &#8221;v\u00e5r&#8221; trana. I sommar fyller hon tio \u00e5r och ringm\u00e4rktes 2012 i Lismarka, Hedmark i Norge.  <\/p>\n\n\n\n<p>Hon har tagit m\u00e5nga raster i Vorpommern i Tyskland. F\u00f6rsta levnads\u00e5ret \u00f6vervintrade hon i Lac du Marne i Frankrike. Som sju\u00e5ring \u00f6vervintrar hon i Villanueva del Frenso i Spanien, efter det att vi bekantat oss med henne vid Hornborgarsj\u00f6n. S\u00e5 man kan lugnt s\u00e4ga att det nu var ett k\u00e4rt \u00e5terseende. Synd bara att vi inte talar trana, det hade varit s\u00e5 intressant att f\u00e5 veta \u00e4nnu mer om hennes h\u00e4ndelserika liv. Vi kan konstatera att n\u00e4r det g\u00e4ller en tranas liv \u00e4r hon beroende av milj\u00f6n fr\u00e5n Spanien &#8211; Frankrike &#8211; Tyskland &#8211; Hornborgasj\u00f6n till Grasbakken p\u00e5 Lismarka i Norge.<\/p>\n\n\n\n<div class=\"wp-block-image is-style-default\"><figure class=\"aligncenter size-full\"><a href=\"https:\/\/ingemar.alenas.se\/wp-content\/uploads\/2022\/03\/Trana-2019-03-26.jpg\"><img loading=\"lazy\" decoding=\"async\" width=\"743\" height=\"772\" src=\"https:\/\/ingemar.alenas.se\/wp-content\/uploads\/2022\/03\/Trana-2019-03-26.jpg\" alt=\"\" class=\"wp-image-12019\" srcset=\"https:\/\/ingemar.alenas.se\/wp-content\/uploads\/2022\/03\/Trana-2019-03-26.jpg 743w, https:\/\/ingemar.alenas.se\/wp-content\/uploads\/2022\/03\/Trana-2019-03-26-289x300.jpg 289w\" sizes=\"auto, (max-width: 743px) 100vw, 743px\" \/><\/a><figcaption>2019-03-26 F\u00f6rsta &#8221;tr\u00e4ffen&#8221; med v\u00e5r tranbekant.<\/figcaption><\/figure><\/div>\n\n\n\n<div class=\"wp-block-image is-style-default\"><figure class=\"aligncenter size-full\"><a href=\"https:\/\/ingemar.alenas.se\/wp-content\/uploads\/2022\/03\/Trana-2022-03-28.jpg\"><img loading=\"lazy\" decoding=\"async\" width=\"746\" height=\"662\" src=\"https:\/\/ingemar.alenas.se\/wp-content\/uploads\/2022\/03\/Trana-2022-03-28.jpg\" alt=\"\" class=\"wp-image-12020\" srcset=\"https:\/\/ingemar.alenas.se\/wp-content\/uploads\/2022\/03\/Trana-2022-03-28.jpg 746w, https:\/\/ingemar.alenas.se\/wp-content\/uploads\/2022\/03\/Trana-2022-03-28-300x266.jpg 300w\" sizes=\"auto, (max-width: 746px) 100vw, 746px\" \/><\/a><figcaption>2022-03-28 \u00c5terseendet av v\u00e5r norska tranbekant fr\u00e5n v\u00e5ren 2019<\/figcaption><\/figure><\/div>\n","protected":false},"excerpt":{"rendered":"<p>2022-03-29 Trandansen vid Horborgasj\u00f6n i V\u00e4stra G\u00f6taland \u00e4r en av \u00e5rets h\u00f6jdpunkter. F\u00f6rv\u00e4ntningarna var d\u00e4rf\u00f6r h\u00f6ga n\u00e4r vi i m\u00e5ndags f\u00f6retog resan upp till tranornas Mecka p\u00e5 V\u00e4stg\u00f6tasl\u00e4tten. V\u00e4l framme br\u00f6t solen igenom diset och vi m\u00f6ttes av det obeskrivbara trumpetandet av tusentals tranor. Antalet turister var f\u00f6rh\u00e5llandevis f\u00e5 denna m\u00e5ndag och tranorna r\u00e4knades kv\u00e4llen &hellip; <a href=\"https:\/\/ingemar.alenas.se\/?p=12012\" class=\"more-link\">Forts\u00e4tt l\u00e4sa <span class=\"screen-reader-text\">M\u00f6te vid Trandansen<\/span> <span class=\"meta-nav\">&rarr;<\/span><\/a><\/p>\n","protected":false},"author":1,"featured_media":12013,"comment_status":"closed","ping_status":"closed","sticky":false,"template":"","format":"standard","meta":{"ngg_post_thumbnail":0,"footnotes":""},"categories":[2],"tags":[],"class_list":["post-12012","post","type-post","status-publish","format-standard","has-post-thumbnail","hentry","category-naturnytt"],"_links":{"self":[{"href":"https:\/\/ingemar.alenas.se\/index.php?rest_route=\/wp\/v2\/posts\/12012","targetHints":{"allow":["GET"]}}],"collection":[{"href":"https:\/\/ingemar.alenas.se\/index.php?rest_route=\/wp\/v2\/posts"}],"about":[{"href":"https:\/\/ingemar.alenas.se\/index.php?rest_route=\/wp\/v2\/types\/post"}],"author":[{"embeddable":true,"href":"https:\/\/ingemar.alenas.se\/index.php?rest_route=\/wp\/v2\/users\/1"}],"replies":[{"embeddable":true,"href":"https:\/\/ingemar.alenas.se\/index.php?rest_route=%2Fwp%2Fv2%2Fcomments&post=12012"}],"version-history":[{"count":6,"href":"https:\/\/ingemar.alenas.se\/index.php?rest_route=\/wp\/v2\/posts\/12012\/revisions"}],"predecessor-version":[{"id":12026,"href":"https:\/\/ingemar.alenas.se\/index.php?rest_route=\/wp\/v2\/posts\/12012\/revisions\/12026"}],"wp:featuredmedia":[{"embeddable":true,"href":"https:\/\/ingemar.alenas.se\/index.php?rest_route=\/wp\/v2\/media\/12013"}],"wp:attachment":[{"href":"https:\/\/ingemar.alenas.se\/index.php?rest_route=%2Fwp%2Fv2%2Fmedia&parent=12012"}],"wp:term":[{"taxonomy":"category","embeddable":true,"href":"https:\/\/ingemar.alenas.se\/index.php?rest_route=%2Fwp%2Fv2%2Fcategories&post=12012"},{"taxonomy":"post_tag","embeddable":true,"href":"https:\/\/ingemar.alenas.se\/index.php?rest_route=%2Fwp%2Fv2%2Ftags&post=12012"}],"curies":[{"name":"wp","href":"https:\/\/api.w.org\/{rel}","templated":true}]}}