{"id":12001,"date":"2022-03-25T07:58:17","date_gmt":"2022-03-25T07:58:17","guid":{"rendered":"https:\/\/ingemar.alenas.se\/?p=12001"},"modified":"2022-03-25T08:16:46","modified_gmt":"2022-03-25T08:16:46","slug":"massdod-av-hotade-arter-i-svenska-vatten","status":"publish","type":"post","link":"https:\/\/ingemar.alenas.se\/?p=12001","title":{"rendered":"Massd\u00f6d av hotade arter i svenska vatten"},"content":{"rendered":"\n<h2 class=\"wp-block-heading\">2022-03-25 Riksdagen beslutade i onsdags att den tidigare beslutade ompr\u00f6vningen av vattendomar skall skjutas upp. Det inneb\u00e4r att massd\u00f6den forts\u00e4tter under flera \u00e5r i svenska vatten. <\/h2>\n\n\n\n<p>Ansvaret vilar tungt p\u00e5 de politiker som r\u00f6stat f\u00f6r att den massd\u00f6d som p\u00e5g\u00e5tt under decennier nu f\u00e5r forts\u00e4tta. De naturresurser som vi f\u00e5tt att f\u00f6rvalta till kommande generationer f\u00f6rsvinner nu i rask takt. Beslutet togs dock med knapp majoritet. Hade alla ledam\u00f6ter f\u00f6r de partier som r\u00f6stade nej till fortsatt massutrotning varit n\u00e4rvarande hade beslutet varit att forts\u00e4tta arbetet med ompr\u00f6vning f\u00f6r moderna vattendomar och hejda massd\u00f6den.<\/p>\n\n\n\n<div class=\"wp-block-image is-style-default\"><figure class=\"aligncenter size-full\"><a href=\"https:\/\/ingemar.alenas.se\/wp-content\/uploads\/2022\/03\/vattenkraft-omprovning.png\"><img loading=\"lazy\" decoding=\"async\" width=\"682\" height=\"378\" src=\"https:\/\/ingemar.alenas.se\/wp-content\/uploads\/2022\/03\/vattenkraft-omprovning.png\" alt=\"\" class=\"wp-image-11960\" srcset=\"https:\/\/ingemar.alenas.se\/wp-content\/uploads\/2022\/03\/vattenkraft-omprovning.png 682w, https:\/\/ingemar.alenas.se\/wp-content\/uploads\/2022\/03\/vattenkraft-omprovning-300x166.png 300w, https:\/\/ingemar.alenas.se\/wp-content\/uploads\/2022\/03\/vattenkraft-omprovning-672x372.png 672w\" sizes=\"auto, (max-width: 682px) 100vw, 682px\" \/><\/a><\/figure><\/div>\n\n\n\n<p>Man skall vara f\u00f6rsiktig med braskande rubriker. D\u00e4rf\u00f6r \u00e4r det viktigt att redovisa n\u00e5gra fakta av den skada som omoderna vattendomar st\u00e4ller till med:<\/p>\n\n\n\n<p>Harren har f\u00f6rsvunnit fr\u00e5n Lagan. Majfisken och staksillen var f\u00f6rr rikligt f\u00f6rekommande men ses nu inte varje \u00e5r i \u00c4tran. <strong><em>(K\u00e4lla G. Edman)<\/em>.<\/strong> Lekvandringen av naturlig blank\u00e5l fr\u00e5n svenska vatten var f\u00f6re vattenkraftens utbyggnad ca 54 800 000 blank\u00e5lar <strong><em>(K\u00e4lla Wikstr\u00f6m, \u00c5str\u00f6m)<\/em>.<\/strong> Dagens utvandring av naturligt rekryterad blank\u00e5l \u00e4r mindre \u00e4n 40 000. \u00d6ver 100 000 blank\u00e5lar omkommer fortfarande \u00e5rligen i vattenkraftverken. <em><strong>(K\u00e4lla Aqua reports 2018:16).<\/strong><\/em> Havsnejon\u00f6gat \u00e4r hotat och nu \u00e4r best\u00e5ndet ca 100 individer. <strong><em>(K\u00e4lla L\u00e4nsstyrelsen i Halland)<\/em>.<\/strong> V\u00e4stkustens atlantlax \u00e4r hotad och mindre \u00e4n 5% av de ursprungliga naturliga best\u00e5nden \u00e5terst\u00e5r. <strong><em>(K\u00e4lla Havs- och vattenmyndigheten Rapport 2022:2).<\/em> <\/strong>\u00c4tran har i dag den enskilt st\u00f6rsta \u00e5rliga produktionen av utvandrande lax 37600 smolt. <strong><em>(K\u00e4lla SLU)<\/em><\/strong>. Enbart korttidsregleringen vid \u00c4trafors kraftverk orsakar i dag en \u00e5rlig f\u00f6rlust av 34 500 laxsmolt i \u00c4trans huvudf\u00e5ra som d\u00e4rf\u00f6r i dagsl\u00e4get producerar endast 9000 smolt.<em> <\/em><strong><em>(K\u00e4lla Sj\u00f6strand och L\u00e4nsstyrelsen i Halland)<\/em>.<\/strong>  SVT:s dokument\u00e4rer <strong>&#8221;Fiskarnas Rike&#8221;<\/strong> och Uppdrag gransknings <strong>&#8221;Den sista \u00e5len&#8221;<\/strong> som s\u00e4ndes under h\u00f6sten 2021 f\u00f6rklarar pedagogiskt vad som h\u00e4nder under ytan. Filmen <strong>&#8221;Fria Vatten&#8221;<\/strong> producerades redan 2014 av Firma Caliber i samarbete med Falkenbergs kommun. Se filmen <a href=\"https:\/\/www.youtube.com\/watch?v=Hv5WnfIsxXk\">h\u00e4r!<\/a><\/p>\n\n\n\n<p>S\u00e5 illa \u00e4r det. S\u00e5 m\u00e5nga hotade arter och s\u00e5 m\u00e5nga individer g\u00e5r dagligen en pl\u00e5gsam d\u00f6d tillm\u00f6tes i hall\u00e4ndska och svenska vattenkraftverk. V\u00e5rt kulturarv som vi f\u00e5tt att f\u00f6rvalta till kommande generationer \u00e4r p\u00e5 v\u00e4g att g\u00e5 f\u00f6rlorat.<\/p>\n\n\n\n<p>Men finns d\u00e5 ingen r\u00e4ddning? Jo, EU har kr\u00e4vt att vi skall inf\u00f6ra moderna lagar som v\u00e4rnar om milj\u00f6n. Politikerna i Falkenberg tog 2012 ett enigt beslut att r\u00e4dda Hertingforsen. Vandringen av laxfiskar \u00f6kade fr\u00e5n 2000 till 4000. Elfisken i den tidigare torrlagda forsen visade nu f\u00f6rekomst av 30 000 laxyngel och 3000 \u00e5lyngel. \u00c5lynglen som tidigare var utest\u00e4ngda kunde nu fritt vandra uppstr\u00f6ms. Detta goda exempel visar att politisk enighet kunde l\u00f6sa problemen vid Herting. \u00c4ven massd\u00f6den av hotade arter i svenska vatten kan l\u00f6sas genom enighet och handlingskraft. 10 miljarder kronor har avsatts f\u00f6r \u00e4ndam\u00e5let. Men besluten br\u00e5dskar!<\/p>\n\n\n\n<figure class=\"wp-block-image size-large is-style-default\"><a href=\"https:\/\/ingemar.alenas.se\/wp-content\/uploads\/2020\/10\/P3960164.jpg\"><img loading=\"lazy\" decoding=\"async\" width=\"1024\" height=\"322\" src=\"https:\/\/ingemar.alenas.se\/wp-content\/uploads\/2020\/10\/P3960164-1024x322.jpg\" alt=\"\" class=\"wp-image-9946\" srcset=\"https:\/\/ingemar.alenas.se\/wp-content\/uploads\/2020\/10\/P3960164-1024x322.jpg 1024w, https:\/\/ingemar.alenas.se\/wp-content\/uploads\/2020\/10\/P3960164-300x94.jpg 300w, https:\/\/ingemar.alenas.se\/wp-content\/uploads\/2020\/10\/P3960164-768x242.jpg 768w, https:\/\/ingemar.alenas.se\/wp-content\/uploads\/2020\/10\/P3960164-1536x484.jpg 1536w, https:\/\/ingemar.alenas.se\/wp-content\/uploads\/2020\/10\/P3960164-2048x645.jpg 2048w\" sizes=\"auto, (max-width: 1024px) 100vw, 1024px\" \/><\/a><figcaption>Hertingforsen var tidigare torrlagd och fisken var utest\u00e4ngd av en betongdamm.<\/figcaption><\/figure>\n","protected":false},"excerpt":{"rendered":"<p>2022-03-25 Riksdagen beslutade i onsdags att den tidigare beslutade ompr\u00f6vningen av vattendomar skall skjutas upp. Det inneb\u00e4r att massd\u00f6den forts\u00e4tter under flera \u00e5r i svenska vatten. Ansvaret vilar tungt p\u00e5 de politiker som r\u00f6stat f\u00f6r att den massd\u00f6d som p\u00e5g\u00e5tt under decennier nu f\u00e5r forts\u00e4tta. De naturresurser som vi f\u00e5tt att f\u00f6rvalta till kommande generationer &hellip; <a href=\"https:\/\/ingemar.alenas.se\/?p=12001\" class=\"more-link\">Forts\u00e4tt l\u00e4sa <span class=\"screen-reader-text\">Massd\u00f6d av hotade arter i svenska vatten<\/span> <span class=\"meta-nav\">&rarr;<\/span><\/a><\/p>\n","protected":false},"author":1,"featured_media":12011,"comment_status":"closed","ping_status":"closed","sticky":false,"template":"","format":"standard","meta":{"ngg_post_thumbnail":0,"footnotes":""},"categories":[2,3],"tags":[],"class_list":["post-12001","post","type-post","status-publish","format-standard","has-post-thumbnail","hentry","category-naturnytt","category-vattenblank"],"_links":{"self":[{"href":"https:\/\/ingemar.alenas.se\/index.php?rest_route=\/wp\/v2\/posts\/12001","targetHints":{"allow":["GET"]}}],"collection":[{"href":"https:\/\/ingemar.alenas.se\/index.php?rest_route=\/wp\/v2\/posts"}],"about":[{"href":"https:\/\/ingemar.alenas.se\/index.php?rest_route=\/wp\/v2\/types\/post"}],"author":[{"embeddable":true,"href":"https:\/\/ingemar.alenas.se\/index.php?rest_route=\/wp\/v2\/users\/1"}],"replies":[{"embeddable":true,"href":"https:\/\/ingemar.alenas.se\/index.php?rest_route=%2Fwp%2Fv2%2Fcomments&post=12001"}],"version-history":[{"count":8,"href":"https:\/\/ingemar.alenas.se\/index.php?rest_route=\/wp\/v2\/posts\/12001\/revisions"}],"predecessor-version":[{"id":12010,"href":"https:\/\/ingemar.alenas.se\/index.php?rest_route=\/wp\/v2\/posts\/12001\/revisions\/12010"}],"wp:featuredmedia":[{"embeddable":true,"href":"https:\/\/ingemar.alenas.se\/index.php?rest_route=\/wp\/v2\/media\/12011"}],"wp:attachment":[{"href":"https:\/\/ingemar.alenas.se\/index.php?rest_route=%2Fwp%2Fv2%2Fmedia&parent=12001"}],"wp:term":[{"taxonomy":"category","embeddable":true,"href":"https:\/\/ingemar.alenas.se\/index.php?rest_route=%2Fwp%2Fv2%2Fcategories&post=12001"},{"taxonomy":"post_tag","embeddable":true,"href":"https:\/\/ingemar.alenas.se\/index.php?rest_route=%2Fwp%2Fv2%2Ftags&post=12001"}],"curies":[{"name":"wp","href":"https:\/\/api.w.org\/{rel}","templated":true}]}}