{"id":11956,"date":"2022-03-24T16:20:45","date_gmt":"2022-03-24T16:20:45","guid":{"rendered":"https:\/\/ingemar.alenas.se\/?p=11956"},"modified":"2022-03-24T17:48:12","modified_gmt":"2022-03-24T17:48:12","slug":"inga-miljokrav-pa-vattenkraften","status":"publish","type":"post","link":"https:\/\/ingemar.alenas.se\/?p=11956","title":{"rendered":"inga milj\u00f6krav p\u00e5 vattenkraften"},"content":{"rendered":"\n<h2 class=\"wp-block-heading\">2022-03-24 Sverige beslutade i g\u00e5r att beh\u00e5lla ur\u00e5ldriga vattenlagar och skjuta upp moderna milj\u00f6krav som EU:s lagstiftning st\u00e4ller p\u00e5 svenska och utl\u00e4ndska kraftbolag i Sverige. <\/h2>\n\n\n\n<p>Saken \u00e4r den att \u00f6ver 90% av Sveriges 2100 vattenkraftverk omfattas av en ur\u00e5ldrig lagstiftning och saknar fungerande fiskv\u00e4gar. EU har s\u00e4rskilt p\u00e5pekat f\u00f6r medlemmen Sverige att denna omoderna lagstiftning snarast m\u00e5ste ers\u00e4ttas med modern milj\u00f6lagstiftning enligt EU:s regler. Annars riskerar Sverige dryga b\u00f6tesbelopp.<\/p>\n\n\n\n<p>L\u00e4get \u00e4r akut f\u00f6r v\u00e4stkusten och Halland d\u00e4r mindre \u00e4n 5% av v\u00e5rt ursprungliga best\u00e5nd av Atlantlax kvarst\u00e5r! \u00c5len \u00e4r akut hotad och \u00e5lynglen kl\u00e4ttrar f\u00f6rtvivlat p\u00e5 dammar och kan inte n\u00e5 sina uppv\u00e4xtomr\u00e5den. \u00c5lhonor slaktas sakl\u00f6st i tusental vid kraftverkens galler och turbiner. De kommer aldrig till Sargassohavet f\u00f6r att leka.<\/p>\n\n\n\n<div class=\"wp-block-image is-style-default\"><figure class=\"aligncenter size-large\"><a href=\"https:\/\/ingemar.alenas.se\/wp-content\/uploads\/2022\/03\/P3060153-kopia.jpg\"><img loading=\"lazy\" decoding=\"async\" width=\"1024\" height=\"576\" src=\"https:\/\/ingemar.alenas.se\/wp-content\/uploads\/2022\/03\/P3060153-kopia-1024x576.jpg\" alt=\"\" class=\"wp-image-11969\" srcset=\"https:\/\/ingemar.alenas.se\/wp-content\/uploads\/2022\/03\/P3060153-kopia-1024x576.jpg 1024w, https:\/\/ingemar.alenas.se\/wp-content\/uploads\/2022\/03\/P3060153-kopia-300x169.jpg 300w, https:\/\/ingemar.alenas.se\/wp-content\/uploads\/2022\/03\/P3060153-kopia-768x432.jpg 768w, https:\/\/ingemar.alenas.se\/wp-content\/uploads\/2022\/03\/P3060153-kopia.jpg 1400w\" sizes=\"auto, (max-width: 1024px) 100vw, 1024px\" \/><\/a><figcaption>Godk\u00e4nd (!) \u00e5lslakt enligt nuvarande omoderna vattendomar vid kraftverken i \u00c4tran! Politikerna beslutar nu att pausa beslutad ompr\u00f6vning och till\u00e5ta fortsatt \u00e5lslakt. Har de missat p\u00e5g\u00e5ende \u00e5lmassaker eller tycker de att nuvarande hantering, d\u00e4r de hotade \u00e5larna k\u00f6rs till soptippen f\u00f6r att ruttna, skall forts\u00e4tta?<\/figcaption><\/figure><\/div>\n\n\n\n<p>Dokument\u00e4ren <em><strong>&#8221;Fiskarnas Rike&#8221;<\/strong> <\/em>visar tydligt v\u00e4rdet av v\u00e5r unika natur under ytan. Uppdrag Gransknings program <strong><em>&#8221;Den sista \u00e5len&#8221;<\/em><\/strong> visar tydligt den skada som vattenkraften orsakar Sveriges och Europas \u00e5lbest\u00e5nd. Politikernas beslut att denna slakt av hotade arter skall fortg\u00e5 utan milj\u00f6\u00e5tg\u00e4rder \u00e4r obegripligt. N\u00e4r de f\u00e5tt entydig information om det akuta l\u00e4get.<\/p>\n\n\n\n<div class=\"wp-block-image is-style-default\"><figure class=\"aligncenter size-full\"><a href=\"https:\/\/ingemar.alenas.se\/wp-content\/uploads\/2019\/09\/\u00c4traforslax.jpg\"><img loading=\"lazy\" decoding=\"async\" width=\"997\" height=\"576\" src=\"https:\/\/ingemar.alenas.se\/wp-content\/uploads\/2019\/09\/\u00c4traforslax.jpg\" alt=\"\" class=\"wp-image-7920\" srcset=\"https:\/\/ingemar.alenas.se\/wp-content\/uploads\/2019\/09\/\u00c4traforslax.jpg 997w, https:\/\/ingemar.alenas.se\/wp-content\/uploads\/2019\/09\/\u00c4traforslax-300x173.jpg 300w, https:\/\/ingemar.alenas.se\/wp-content\/uploads\/2019\/09\/\u00c4traforslax-768x444.jpg 768w\" sizes=\"auto, (max-width: 997px) 100vw, 997px\" \/><\/a><figcaption>Inst\u00e4ngd \u00c4tranlax drabbad av nolltappning d\u00e4r pr\u00f6vningen av torrl\u00e4ggningens eventuella milj\u00f6skada nu skall skjutas upp. <\/figcaption><\/figure><\/div>\n\n\n\n<p>Det \u00e4r mycket anm\u00e4rkningsv\u00e4rt att Sveriges riksdag nu beslutat att ompr\u00f6vningen av den svenska vattenkraften skall senarel\u00e4ggas. Vi borde ist\u00e4llet g\u00f6ra vattenkraften milj\u00f6v\u00e4nlig s\u00e5 som g\u00f6rs i andra \u00e4lvar i Europa, Sydamerika och Nya Zeeland. Energim\u00e5let och milj\u00f6m\u00e5let skall enligt tidigare riksdagsbeslut j\u00e4mst\u00e4llas.  Partier som vill pausa ompr\u00f6vningen menar att <em>&#8221;Sverige ska utnyttja alla m\u00f6jligheter och undantag f\u00f6r att minska negativa effekter p\u00e5 vattenkraftselen\u201d.<\/em> J\u00e4mst\u00e4lldhet \u00e4r bortgl\u00f6mt d\u00e5 \u00f6ver 99% av \u00e5len och \u00f6ver 95% av naturlaxen redan har &#8221;offrats&#8221; f\u00f6r vattenkraften. J\u00e4mst\u00e4lldheten inneb\u00e4r inte ens att vi skall kosta p\u00e5 oss att r\u00e4dda de sista spillrorna av den limniska milj\u00f6n. De partier som inte accepterar EU:s moderna milj\u00f6lagstiftning tar p\u00e5 sig ett stort ansvar n\u00e4r de utraderar laxen och \u00e5len som \u00e4r en naturresurs vi f\u00e5tt att f\u00f6rvalta till kommande generationer.<\/p>\n\n\n\n<p>Det var 161 r\u00f6ster f\u00f6r att vi skall pausa ompr\u00f6vningen och 141 r\u00f6ster f\u00f6r att vattenkraften skall milj\u00f6anpassas. Kraftbolagen har beviljats en skattel\u00e4ttnad med 70 miljarder kronor under 20 \u00e5r med 3,5 miljarder per \u00e5r. Vattenkraften har redan avsatt 10 miljarder av dessa skattepengar i Vattenkraftens Milj\u00f6fond. EU-kraven kvarst\u00e5r, pengarna finns men f\u00f6rb\u00e4ttringarna skall pausas enligt politiska beslut! Slakten av hotade milj\u00f6er och arter fortg\u00e5r i Sverige. Detta \u00e4r en \u00f6desfr\u00e5ga f\u00f6r de svenska s\u00f6tvattensmilj\u00f6erna och vandringsfisken. L\u00e4s mer<a href=\"https:\/\/www.natursidan.se\/nyheter\/riksdagen-stoppar-miljoanpassning-av-vattenkraft\/\"> h\u00e4r.<\/a><\/p>\n\n\n\n<div class=\"wp-block-image is-style-default\"><figure class=\"aligncenter size-full\"><a href=\"https:\/\/ingemar.alenas.se\/wp-content\/uploads\/2022\/03\/vattenkraft-omprovning.png\"><img loading=\"lazy\" decoding=\"async\" width=\"682\" height=\"378\" src=\"https:\/\/ingemar.alenas.se\/wp-content\/uploads\/2022\/03\/vattenkraft-omprovning.png\" alt=\"\" class=\"wp-image-11960\" srcset=\"https:\/\/ingemar.alenas.se\/wp-content\/uploads\/2022\/03\/vattenkraft-omprovning.png 682w, https:\/\/ingemar.alenas.se\/wp-content\/uploads\/2022\/03\/vattenkraft-omprovning-300x166.png 300w, https:\/\/ingemar.alenas.se\/wp-content\/uploads\/2022\/03\/vattenkraft-omprovning-672x372.png 672w\" sizes=\"auto, (max-width: 682px) 100vw, 682px\" \/><\/a><\/figure><\/div>\n\n\n\n<div class=\"wp-block-image is-style-default\"><figure class=\"aligncenter size-large\"><a href=\"https:\/\/ingemar.alenas.se\/wp-content\/uploads\/2019\/07\/P2080152.jpg\"><img loading=\"lazy\" decoding=\"async\" width=\"1024\" height=\"471\" src=\"https:\/\/ingemar.alenas.se\/wp-content\/uploads\/2019\/07\/P2080152-1024x471.jpg\" alt=\"\" class=\"wp-image-7724\" srcset=\"https:\/\/ingemar.alenas.se\/wp-content\/uploads\/2019\/07\/P2080152-1024x471.jpg 1024w, https:\/\/ingemar.alenas.se\/wp-content\/uploads\/2019\/07\/P2080152-300x138.jpg 300w, https:\/\/ingemar.alenas.se\/wp-content\/uploads\/2019\/07\/P2080152-768x353.jpg 768w, https:\/\/ingemar.alenas.se\/wp-content\/uploads\/2019\/07\/P2080152.jpg 2000w\" sizes=\"auto, (max-width: 1024px) 100vw, 1024px\" \/><\/a><\/figure><\/div>\n\n\n\n<div class=\"wp-block-image is-style-default\"><figure class=\"aligncenter size-large\"><a href=\"https:\/\/ingemar.alenas.se\/wp-content\/uploads\/2019\/07\/P2800449.jpg\"><img loading=\"lazy\" decoding=\"async\" width=\"498\" height=\"1024\" src=\"https:\/\/ingemar.alenas.se\/wp-content\/uploads\/2019\/07\/P2800449-498x1024.jpg\" alt=\"\" class=\"wp-image-7715\" srcset=\"https:\/\/ingemar.alenas.se\/wp-content\/uploads\/2019\/07\/P2800449-498x1024.jpg 498w, https:\/\/ingemar.alenas.se\/wp-content\/uploads\/2019\/07\/P2800449-146x300.jpg 146w, https:\/\/ingemar.alenas.se\/wp-content\/uploads\/2019\/07\/P2800449-768x1580.jpg 768w, https:\/\/ingemar.alenas.se\/wp-content\/uploads\/2019\/07\/P2800449.jpg 972w\" sizes=\"auto, (max-width: 498px) 100vw, 498px\" \/><\/a><figcaption>Alla naturligt invandrande \u00e5lyngel stoppas i Sverige av dammar. Utan \u00e5lyngel ingen \u00e5l&#8230;<\/figcaption><\/figure><\/div>\n","protected":false},"excerpt":{"rendered":"<p>2022-03-24 Sverige beslutade i g\u00e5r att beh\u00e5lla ur\u00e5ldriga vattenlagar och skjuta upp moderna milj\u00f6krav som EU:s lagstiftning st\u00e4ller p\u00e5 svenska och utl\u00e4ndska kraftbolag i Sverige. Saken \u00e4r den att \u00f6ver 90% av Sveriges 2100 vattenkraftverk omfattas av en ur\u00e5ldrig lagstiftning och saknar fungerande fiskv\u00e4gar. EU har s\u00e4rskilt p\u00e5pekat f\u00f6r medlemmen Sverige att denna omoderna lagstiftning &hellip; <a href=\"https:\/\/ingemar.alenas.se\/?p=11956\" class=\"more-link\">Forts\u00e4tt l\u00e4sa <span class=\"screen-reader-text\">inga milj\u00f6krav p\u00e5 vattenkraften<\/span> <span class=\"meta-nav\">&rarr;<\/span><\/a><\/p>\n","protected":false},"author":1,"featured_media":11133,"comment_status":"closed","ping_status":"closed","sticky":false,"template":"","format":"standard","meta":{"ngg_post_thumbnail":0,"footnotes":""},"categories":[2,3],"tags":[],"class_list":["post-11956","post","type-post","status-publish","format-standard","has-post-thumbnail","hentry","category-naturnytt","category-vattenblank"],"_links":{"self":[{"href":"https:\/\/ingemar.alenas.se\/index.php?rest_route=\/wp\/v2\/posts\/11956","targetHints":{"allow":["GET"]}}],"collection":[{"href":"https:\/\/ingemar.alenas.se\/index.php?rest_route=\/wp\/v2\/posts"}],"about":[{"href":"https:\/\/ingemar.alenas.se\/index.php?rest_route=\/wp\/v2\/types\/post"}],"author":[{"embeddable":true,"href":"https:\/\/ingemar.alenas.se\/index.php?rest_route=\/wp\/v2\/users\/1"}],"replies":[{"embeddable":true,"href":"https:\/\/ingemar.alenas.se\/index.php?rest_route=%2Fwp%2Fv2%2Fcomments&post=11956"}],"version-history":[{"count":28,"href":"https:\/\/ingemar.alenas.se\/index.php?rest_route=\/wp\/v2\/posts\/11956\/revisions"}],"predecessor-version":[{"id":12000,"href":"https:\/\/ingemar.alenas.se\/index.php?rest_route=\/wp\/v2\/posts\/11956\/revisions\/12000"}],"wp:featuredmedia":[{"embeddable":true,"href":"https:\/\/ingemar.alenas.se\/index.php?rest_route=\/wp\/v2\/media\/11133"}],"wp:attachment":[{"href":"https:\/\/ingemar.alenas.se\/index.php?rest_route=%2Fwp%2Fv2%2Fmedia&parent=11956"}],"wp:term":[{"taxonomy":"category","embeddable":true,"href":"https:\/\/ingemar.alenas.se\/index.php?rest_route=%2Fwp%2Fv2%2Fcategories&post=11956"},{"taxonomy":"post_tag","embeddable":true,"href":"https:\/\/ingemar.alenas.se\/index.php?rest_route=%2Fwp%2Fv2%2Ftags&post=11956"}],"curies":[{"name":"wp","href":"https:\/\/api.w.org\/{rel}","templated":true}]}}