{"id":11891,"date":"2022-03-05T18:00:58","date_gmt":"2022-03-05T18:00:58","guid":{"rendered":"https:\/\/ingemar.alenas.se\/?p=11891"},"modified":"2022-03-05T21:12:44","modified_gmt":"2022-03-05T21:12:44","slug":"tiden-ar-ute-for-plast-i-haven","status":"publish","type":"post","link":"https:\/\/ingemar.alenas.se\/?p=11891","title":{"rendered":"Tiden \u00e4r ute f\u00f6r plast i haven"},"content":{"rendered":"\n<h2 class=\"wp-block-heading\">2022-03-05 V\u00e4rldshaven \u00e4r f\u00f6rorenade med alla sorters plast fr\u00e5n dollyrep, fiskegarn, tr\u00e5lar, dunkar och allehanda f\u00f6rpackningar i plast. F\u00e5glar och fiskar fastnar i &#8221;sp\u00f6kgarn&#8221; och nanoplaster f\u00f6rorenar v\u00e5r f\u00f6da, fisken. <\/h2>\n\n\n\n<p>Men nu har 193 FN-l\u00e4nder kommit \u00f6verens om att ing\u00e5 ett bindande avtal att stoppa plastf\u00f6roreningarna. L\u00e4s mer <a href=\"https:\/\/www.svt.se\/nyheter\/utrikes\/historiskt-fn-avtal-om-plast-pa-gang\">h\u00e4r.<\/a><\/p>\n\n\n\n<p>\u201dVi st\u00e5r vid ett historiskt v\u00e4gsk\u00e4l d\u00e4r ambiti\u00f6sa beslut som tas i dag kan f\u00f6rhindra att plastf\u00f6roreningar leder till en kollaps av v\u00e5ra ekosystem&#8221; s\u00e4ger Gustaf Lind, generalsekreterare vid V\u00e4rldsnaturfonden WWF, i ett pressmeddelande.<\/p>\n\n\n\n<p>Den \u00e5rliga plastkonsumtionen ber\u00e4knas \u00f6ka fr\u00e5n omkring 300 miljoner ton i dagsl\u00e4get till 600 miljoner ton \u00e5r 2040. Mycket av denna plast har hamnat i v\u00e5ra hav d\u00e4r den orsakat ett stort lidande f\u00f6r alla djur och fiskar. Till sist bryts plasten ned till sm\u00e5 plastpartiklar, nanoplaster, som hamnar i  havets l\u00e4ckerheter som vi \u00e4lskar att konsumera. D\u00e5 riskerar vi att bli sjuka av v\u00e5r egen f\u00f6rorening!<\/p>\n\n\n\n<p>Det \u00e4r f\u00f6r v\u00e5r egen \u00f6verlevnad och v\u00e4lbefinnande som vi skall h\u00e5lla v\u00e5ra hav rena fr\u00e5n f\u00f6roreningar. Tack alla natur\u00e4lskare och organisationer som har arbetat med att stoppa plastf\u00f6roreningen i havet. Nu ser vi fram emot ett hav utan plaster, sp\u00f6kgarn och dollyrep.<\/p>\n\n\n\n<figure class=\"wp-block-image size-large is-style-default\"><a href=\"https:\/\/ingemar.alenas.se\/wp-content\/uploads\/2022\/02\/P4790546.jpg\"><img loading=\"lazy\" decoding=\"async\" width=\"1024\" height=\"600\" src=\"https:\/\/ingemar.alenas.se\/wp-content\/uploads\/2022\/02\/P4790546-1024x600.jpg\" alt=\"\" class=\"wp-image-11790\" srcset=\"https:\/\/ingemar.alenas.se\/wp-content\/uploads\/2022\/02\/P4790546-1024x600.jpg 1024w, https:\/\/ingemar.alenas.se\/wp-content\/uploads\/2022\/02\/P4790546-300x176.jpg 300w, https:\/\/ingemar.alenas.se\/wp-content\/uploads\/2022\/02\/P4790546-768x450.jpg 768w, https:\/\/ingemar.alenas.se\/wp-content\/uploads\/2022\/02\/P4790546.jpg 1269w\" sizes=\"auto, (max-width: 1024px) 100vw, 1024px\" \/><\/a><\/figure>\n","protected":false},"excerpt":{"rendered":"<p>2022-03-05 V\u00e4rldshaven \u00e4r f\u00f6rorenade med alla sorters plast fr\u00e5n dollyrep, fiskegarn, tr\u00e5lar, dunkar och allehanda f\u00f6rpackningar i plast. F\u00e5glar och fiskar fastnar i &#8221;sp\u00f6kgarn&#8221; och nanoplaster f\u00f6rorenar v\u00e5r f\u00f6da, fisken. Men nu har 193 FN-l\u00e4nder kommit \u00f6verens om att ing\u00e5 ett bindande avtal att stoppa plastf\u00f6roreningarna. L\u00e4s mer h\u00e4r. \u201dVi st\u00e5r vid ett historiskt v\u00e4gsk\u00e4l &hellip; <a href=\"https:\/\/ingemar.alenas.se\/?p=11891\" class=\"more-link\">Forts\u00e4tt l\u00e4sa <span class=\"screen-reader-text\">Tiden \u00e4r ute f\u00f6r plast i haven<\/span> <span class=\"meta-nav\">&rarr;<\/span><\/a><\/p>\n","protected":false},"author":1,"featured_media":11895,"comment_status":"closed","ping_status":"closed","sticky":false,"template":"","format":"standard","meta":{"ngg_post_thumbnail":0,"footnotes":""},"categories":[2],"tags":[],"class_list":["post-11891","post","type-post","status-publish","format-standard","has-post-thumbnail","hentry","category-naturnytt"],"_links":{"self":[{"href":"https:\/\/ingemar.alenas.se\/index.php?rest_route=\/wp\/v2\/posts\/11891","targetHints":{"allow":["GET"]}}],"collection":[{"href":"https:\/\/ingemar.alenas.se\/index.php?rest_route=\/wp\/v2\/posts"}],"about":[{"href":"https:\/\/ingemar.alenas.se\/index.php?rest_route=\/wp\/v2\/types\/post"}],"author":[{"embeddable":true,"href":"https:\/\/ingemar.alenas.se\/index.php?rest_route=\/wp\/v2\/users\/1"}],"replies":[{"embeddable":true,"href":"https:\/\/ingemar.alenas.se\/index.php?rest_route=%2Fwp%2Fv2%2Fcomments&post=11891"}],"version-history":[{"count":3,"href":"https:\/\/ingemar.alenas.se\/index.php?rest_route=\/wp\/v2\/posts\/11891\/revisions"}],"predecessor-version":[{"id":11894,"href":"https:\/\/ingemar.alenas.se\/index.php?rest_route=\/wp\/v2\/posts\/11891\/revisions\/11894"}],"wp:featuredmedia":[{"embeddable":true,"href":"https:\/\/ingemar.alenas.se\/index.php?rest_route=\/wp\/v2\/media\/11895"}],"wp:attachment":[{"href":"https:\/\/ingemar.alenas.se\/index.php?rest_route=%2Fwp%2Fv2%2Fmedia&parent=11891"}],"wp:term":[{"taxonomy":"category","embeddable":true,"href":"https:\/\/ingemar.alenas.se\/index.php?rest_route=%2Fwp%2Fv2%2Fcategories&post=11891"},{"taxonomy":"post_tag","embeddable":true,"href":"https:\/\/ingemar.alenas.se\/index.php?rest_route=%2Fwp%2Fv2%2Ftags&post=11891"}],"curies":[{"name":"wp","href":"https:\/\/api.w.org\/{rel}","templated":true}]}}