{"id":11882,"date":"2022-03-02T10:23:40","date_gmt":"2022-03-02T10:23:40","guid":{"rendered":"https:\/\/ingemar.alenas.se\/?p=11882"},"modified":"2022-03-02T10:57:19","modified_gmt":"2022-03-02T10:57:19","slug":"narnatur-i-vessigebro","status":"publish","type":"post","link":"https:\/\/ingemar.alenas.se\/?p=11882","title":{"rendered":"N\u00e4rnatur i Vessigebro"},"content":{"rendered":"\n<h2 class=\"wp-block-heading\">2022-03-01 Vessigebro planerar f\u00f6r framtiden. Moderna boenden \u00e4r viktiga f\u00f6r utvecklingen. N\u00e4rnaturen \u00e4r en av de v\u00e4rdek\u00e4rnor som bevaras n\u00e4r vi planerar f\u00f6r levande landsbygd.<\/h2>\n\n\n\n<p>N\u00e4rnaturen kring Vessigebro har m\u00e5nga unika omr\u00e5den med en rik biologisk m\u00e5ngfald som ekskogar, \u00e4ngsmarker och inte minst \u00c4tran med sina unika fiskarter lax, \u00e5l, \u00f6ring, nejon\u00f6gon och majfisk.<\/p>\n\n\n\n<p>T\u00e4tortsn\u00e4ra \u00e4ngsmarker i Vessigebro \u00e4r dokumenterade i en sk\u00f6tselplan f\u00f6r 10 omr\u00e5den d\u00e4r Montessori\u00e4ngen ing\u00e5r. Projektet har erh\u00e5llit LONA-bidrag. L\u00e4s mer h\u00e4r <a href=\"http:\/\/biodivers.se\/files\/tatortsnara_natur_Vessigebro.pdf\">tatortsnara_natur_Vessigebro.pdf (biodivers.se)<\/a>.<\/p>\n\n\n\n<figure class=\"wp-block-image size-full is-style-default\"><a href=\"https:\/\/ingemar.alenas.se\/wp-content\/uploads\/2022\/03\/Generalstabskarta-1842-reviderad-1895-Vessige.jpg\"><img loading=\"lazy\" decoding=\"async\" width=\"845\" height=\"725\" src=\"https:\/\/ingemar.alenas.se\/wp-content\/uploads\/2022\/03\/Generalstabskarta-1842-reviderad-1895-Vessige.jpg\" alt=\"\" class=\"wp-image-11883\" srcset=\"https:\/\/ingemar.alenas.se\/wp-content\/uploads\/2022\/03\/Generalstabskarta-1842-reviderad-1895-Vessige.jpg 845w, https:\/\/ingemar.alenas.se\/wp-content\/uploads\/2022\/03\/Generalstabskarta-1842-reviderad-1895-Vessige-300x257.jpg 300w, https:\/\/ingemar.alenas.se\/wp-content\/uploads\/2022\/03\/Generalstabskarta-1842-reviderad-1895-Vessige-768x659.jpg 768w\" sizes=\"auto, (max-width: 845px) 100vw, 845px\" \/><\/a><figcaption>Historiska kartor (Generalstabskartan) visar att \u00e4ngsmarken vid reningsverket har \u00f6ver 180 \u00e5rs kontinuitet. Det \u00e4r viktigt f\u00f6r artrikedomen. N\u00e4r framtiden planeras \u00e4r det ocks\u00e5 viktigt att ha med sig det historiska perspektivet.<\/figcaption><\/figure>\n\n\n\n<p>Falkenbergs kommun informerade om framtida byggplaner i Vessigebro. \u00d6versiktskartan visar att p\u00e5 \u00e4ngen vid Montessori \u00e4r det &#8221;prickmark&#8221; vilket inneb\u00e4r att marken inte skall bebyggas. Det kan ha olika orsaker varav en \u00e4r att det \u00e4r ett \u00e4ngsomr\u00e5de med unika fj\u00e4rils- och biarter. <\/p>\n\n\n\n<p>En annan viktig orsak som inte ber\u00f6rdes \u00e4r att det \u00e4r ett skredriskomr\u00e5de. Detta kan man se p\u00e5 Falkenbergs kommuns utm\u00e4rkta webbkarta. Man kan ocks\u00e5 se vilka omr\u00e5den som ligger i riskzon f\u00f6r \u00f6versv\u00e4mningar. Dessa omr\u00e5den \u00e4r det viktigt att undvika om man inte skall orsaka framtida kostnader och ol\u00e4genheter f\u00f6r de boende.<\/p>\n\n\n\n<figure class=\"wp-block-image size-large is-style-default\"><a href=\"https:\/\/ingemar.alenas.se\/wp-content\/uploads\/2022\/03\/Vessigebro-skredriskzon.jpg\"><img loading=\"lazy\" decoding=\"async\" width=\"1024\" height=\"662\" src=\"https:\/\/ingemar.alenas.se\/wp-content\/uploads\/2022\/03\/Vessigebro-skredriskzon-1024x662.jpg\" alt=\"\" class=\"wp-image-11884\" srcset=\"https:\/\/ingemar.alenas.se\/wp-content\/uploads\/2022\/03\/Vessigebro-skredriskzon-1024x662.jpg 1024w, https:\/\/ingemar.alenas.se\/wp-content\/uploads\/2022\/03\/Vessigebro-skredriskzon-300x194.jpg 300w, https:\/\/ingemar.alenas.se\/wp-content\/uploads\/2022\/03\/Vessigebro-skredriskzon-768x497.jpg 768w, https:\/\/ingemar.alenas.se\/wp-content\/uploads\/2022\/03\/Vessigebro-skredriskzon-1536x993.jpg 1536w, https:\/\/ingemar.alenas.se\/wp-content\/uploads\/2022\/03\/Vessigebro-skredriskzon.jpg 1548w\" sizes=\"auto, (max-width: 1024px) 100vw, 1024px\" \/><\/a><\/figure>\n\n\n\n<p>L\u00e4s mer om V\u00e4gsamf\u00e4llighetsf\u00f6reningens fina arbete med Montessori\u00e4ngen och n\u00e4rnaturen <a href=\"https:\/\/ingemar.alenas.se\/?p=2342\">h\u00e4r.<\/a> och <a href=\"https:\/\/ingemar.alenas.se\/?p=9659\">h\u00e4r.<\/a> och <a href=\"https:\/\/ingemar.alenas.se\/?p=4377\">h\u00e4r.<\/a><\/p>\n\n\n\n<figure class=\"wp-block-image size-large is-style-default\"><a href=\"https:\/\/ingemar.alenas.se\/wp-content\/uploads\/2022\/03\/Angsbranning.jpg\"><img loading=\"lazy\" decoding=\"async\" width=\"1024\" height=\"606\" src=\"https:\/\/ingemar.alenas.se\/wp-content\/uploads\/2022\/03\/Angsbranning-1024x606.jpg\" alt=\"\" class=\"wp-image-11887\" srcset=\"https:\/\/ingemar.alenas.se\/wp-content\/uploads\/2022\/03\/Angsbranning-1024x606.jpg 1024w, https:\/\/ingemar.alenas.se\/wp-content\/uploads\/2022\/03\/Angsbranning-300x178.jpg 300w, https:\/\/ingemar.alenas.se\/wp-content\/uploads\/2022\/03\/Angsbranning-768x455.jpg 768w, https:\/\/ingemar.alenas.se\/wp-content\/uploads\/2022\/03\/Angsbranning.jpg 1252w\" sizes=\"auto, (max-width: 1024px) 100vw, 1024px\" \/><\/a><\/figure>\n","protected":false},"excerpt":{"rendered":"<p>2022-03-01 Vessigebro planerar f\u00f6r framtiden. Moderna boenden \u00e4r viktiga f\u00f6r utvecklingen. N\u00e4rnaturen \u00e4r en av de v\u00e4rdek\u00e4rnor som bevaras n\u00e4r vi planerar f\u00f6r levande landsbygd. N\u00e4rnaturen kring Vessigebro har m\u00e5nga unika omr\u00e5den med en rik biologisk m\u00e5ngfald som ekskogar, \u00e4ngsmarker och inte minst \u00c4tran med sina unika fiskarter lax, \u00e5l, \u00f6ring, nejon\u00f6gon och majfisk. T\u00e4tortsn\u00e4ra &hellip; <a href=\"https:\/\/ingemar.alenas.se\/?p=11882\" class=\"more-link\">Forts\u00e4tt l\u00e4sa <span class=\"screen-reader-text\">N\u00e4rnatur i Vessigebro<\/span> <span class=\"meta-nav\">&rarr;<\/span><\/a><\/p>\n","protected":false},"author":1,"featured_media":11886,"comment_status":"closed","ping_status":"closed","sticky":false,"template":"","format":"standard","meta":{"ngg_post_thumbnail":0,"footnotes":""},"categories":[2,3],"tags":[],"class_list":["post-11882","post","type-post","status-publish","format-standard","has-post-thumbnail","hentry","category-naturnytt","category-vattenblank"],"_links":{"self":[{"href":"https:\/\/ingemar.alenas.se\/index.php?rest_route=\/wp\/v2\/posts\/11882","targetHints":{"allow":["GET"]}}],"collection":[{"href":"https:\/\/ingemar.alenas.se\/index.php?rest_route=\/wp\/v2\/posts"}],"about":[{"href":"https:\/\/ingemar.alenas.se\/index.php?rest_route=\/wp\/v2\/types\/post"}],"author":[{"embeddable":true,"href":"https:\/\/ingemar.alenas.se\/index.php?rest_route=\/wp\/v2\/users\/1"}],"replies":[{"embeddable":true,"href":"https:\/\/ingemar.alenas.se\/index.php?rest_route=%2Fwp%2Fv2%2Fcomments&post=11882"}],"version-history":[{"count":3,"href":"https:\/\/ingemar.alenas.se\/index.php?rest_route=\/wp\/v2\/posts\/11882\/revisions"}],"predecessor-version":[{"id":11889,"href":"https:\/\/ingemar.alenas.se\/index.php?rest_route=\/wp\/v2\/posts\/11882\/revisions\/11889"}],"wp:featuredmedia":[{"embeddable":true,"href":"https:\/\/ingemar.alenas.se\/index.php?rest_route=\/wp\/v2\/media\/11886"}],"wp:attachment":[{"href":"https:\/\/ingemar.alenas.se\/index.php?rest_route=%2Fwp%2Fv2%2Fmedia&parent=11882"}],"wp:term":[{"taxonomy":"category","embeddable":true,"href":"https:\/\/ingemar.alenas.se\/index.php?rest_route=%2Fwp%2Fv2%2Fcategories&post=11882"},{"taxonomy":"post_tag","embeddable":true,"href":"https:\/\/ingemar.alenas.se\/index.php?rest_route=%2Fwp%2Fv2%2Ftags&post=11882"}],"curies":[{"name":"wp","href":"https:\/\/api.w.org\/{rel}","templated":true}]}}